{"id":6772,"date":"2011-03-04T14:27:15","date_gmt":"2011-03-04T17:27:15","guid":{"rendered":"http:\/\/blog.cancaonova.com\/redacao\/?p=6772"},"modified":"2011-03-04T14:58:21","modified_gmt":"2011-03-04T17:58:21","slug":"carnaval-2011-coisasderetiro-no-topo-do-mundo-no-twitter","status":"publish","type":"post","link":"https:\/\/blog.cancaonova.com\/redacao\/carnaval-2011-coisasderetiro-no-topo-do-mundo-no-twitter\/","title":{"rendered":"Carnaval 2011: #coisasderetiro no Topo do Mundo no Twitter"},"content":{"rendered":"<p style=\"text-align: justify\"><!-- \t\t@page { margin: 2cm } \t\tP { margin-bottom: 0.21cm } \t\tA:link { so-language: zxx } \t\tA:visited { so-language: zxx } --><!-- \t\t@page { margin: 2cm } \t\tP { margin-bottom: 0.21cm } --><strong>Se voc\u00ea achou que o Brasil estaria facilmente nos TT&#8217;s (Trending Topics) da rede de microblog &#8220;Twitter&#8221; por causa do carnaval acertou em cheio<\/strong>. Mas calma, n\u00e3o virou not\u00edcia por causa da Marqu\u00eas da Sapuca\u00ed, nem pelos \u201ctrios el\u00e9tricos\u201d de Salvador (BA) ou qualquer outra festa nas grandes capitais do pa\u00eds, <strong>mas sim pelos crist\u00e3os que optam por um retiro espiritual.<\/strong><\/p>\n<p style=\"text-align: justify\">O Brasil levantou o seu nome nos TT&#8217;s desta sexta-feira de carnaval com manifesta\u00e7\u00f5es de milh\u00f5es de brasileiros que optaram por um retiro de carnaval. A hashtag <strong>#coisasderetiro<\/strong> atingiu \u00e0s 13h desta sexta-feira, 4 de mar\u00e7o, o 1\u00ba lugar no Trending Topics do Brasil e \u00e0s 14h o topo mundial da rede de microblog.<\/p>\n<p style=\"text-align: justify\">V\u00e1rias pessoas come\u00e7aram a postar fatos que marcaram suas vidas em algum retiro espiritual, como por exemplo: \u201cPassar a semana inteira cantando a m\u00fasica te marcou no retiro\u201d, \u201cficar acordado durante a madrugada conversando e rindo das coisas que aconteceram durante o dia\u201d ou \u201cchorar at\u00e9 solu\u00e7ar diante do Sant\u00edssimo Sacramento\u201d.<\/p>\n<p style=\"text-align: justify\">Crist\u00e3os de v\u00e1rias denomina\u00e7\u00f5es demonstraram, nesta sexta-feira de carnaval, que milh\u00f5es de pessoas fazem, sim, uma op\u00e7\u00e3o diferente de divers\u00e3o no carnaval.<\/p>\n<p style=\"text-align: justify\">Se voc\u00ea ainda duvida da for\u00e7a do Evangelho nas redes sociais, a\u00ed est\u00e1 uma prova de que, neste Brasil, os crist\u00e3os podem, sim, unir for\u00e7as para levar o nome de Jesus e sua op\u00e7\u00e3o de vida na era digital.<\/p>\n<p><strong>Que tal vir passar o retiro de Carnaval na Can\u00e7\u00e3o Nova? <a href=\"http:\/\/www.cancaonova.com\/portal\/canais\/eventos\/novoeventos\/cobertura.php?cob=2521&amp;tit=Acampamento%20de%20Carnaval\" target=\"_blank\">Veja a programa\u00e7\u00e3o<br \/>\n<\/a><\/strong><\/p>\n","protected":false},"excerpt":{"rendered":"<p>Se voc\u00ea achou que o Brasil estaria facilmente nos TT&#8217;s (Trending Topics) da rede de microblog &#8220;Twitter&#8221; por causa do carnaval acertou em cheio. Mas calma, n\u00e3o virou not\u00edcia por causa da Marqu\u00eas da Sapuca\u00ed, nem pelos \u201ctrios el\u00e9tricos\u201d de&#8230;<\/p>\n","protected":false},"author":1051,"featured_media":0,"comment_status":"open","ping_status":"open","sticky":false,"template":"","format":"standard","meta":{"_mi_skip_tracking":false,"_monsterinsights_sitenote_active":false,"_monsterinsights_sitenote_note":"","_monsterinsights_sitenote_category":0,"footnotes":""},"categories":[1351],"tags":[6351,441,16368,3721],"_links":{"self":[{"href":"https:\/\/blog.cancaonova.com\/redacao\/wp-json\/wp\/v2\/posts\/6772"}],"collection":[{"href":"https:\/\/blog.cancaonova.com\/redacao\/wp-json\/wp\/v2\/posts"}],"about":[{"href":"https:\/\/blog.cancaonova.com\/redacao\/wp-json\/wp\/v2\/types\/post"}],"author":[{"embeddable":true,"href":"https:\/\/blog.cancaonova.com\/redacao\/wp-json\/wp\/v2\/users\/1051"}],"replies":[{"embeddable":true,"href":"https:\/\/blog.cancaonova.com\/redacao\/wp-json\/wp\/v2\/comments?post=6772"}],"version-history":[{"count":8,"href":"https:\/\/blog.cancaonova.com\/redacao\/wp-json\/wp\/v2\/posts\/6772\/revisions"}],"predecessor-version":[{"id":6775,"href":"https:\/\/blog.cancaonova.com\/redacao\/wp-json\/wp\/v2\/posts\/6772\/revisions\/6775"}],"wp:attachment":[{"href":"https:\/\/blog.cancaonova.com\/redacao\/wp-json\/wp\/v2\/media?parent=6772"}],"wp:term":[{"taxonomy":"category","embeddable":true,"href":"https:\/\/blog.cancaonova.com\/redacao\/wp-json\/wp\/v2\/categories?post=6772"},{"taxonomy":"post_tag","embeddable":true,"href":"https:\/\/blog.cancaonova.com\/redacao\/wp-json\/wp\/v2\/tags?post=6772"}],"curies":[{"name":"wp","href":"https:\/\/api.w.org\/{rel}","templated":true}]}}