{"id":6848,"date":"2011-03-28T16:59:32","date_gmt":"2011-03-28T19:59:32","guid":{"rendered":"http:\/\/blog.cancaonova.com\/redacao\/?p=6848"},"modified":"2011-03-30T10:16:25","modified_gmt":"2011-03-30T13:16:25","slug":"carta-ao-papa-e-ano-mariano","status":"publish","type":"post","link":"https:\/\/blog.cancaonova.com\/redacao\/carta-ao-papa-e-ano-mariano\/","title":{"rendered":"Pe\u00e7amos ao Papa que proclame o Ano Mariano"},"content":{"rendered":"<p>Penso que seja extremamente oportuna a iniciativa do meu querido irm\u00e3o, padre Rodrigo Maria, de suplicar ao Papa Bento XV a gra\u00e7a de um novo Ano Mariano para 2012-2013.<\/p>\n<p>Tenho ainda na lembran\u00e7a as gra\u00e7as imensas que pude colher do Ano Sacerdotal, que vivemos por ocasi\u00e3o do anivers\u00e1rio de 150 anos da morte de S\u00e3o Jo\u00e3o Maria Vianney (Padroeiro dos P\u00e1rocos), e que proporcionou muit\u00edssimos frutos de convers\u00e3o na vida de tantos padres.<\/p>\n<p>Um novo Ano Mariano, de 2012-13, recordando os 25 anos do \u00faltimo ano mariano proclamado pelo servo de Deus o Papa Jo\u00e3o Paulo II e comemorando os 300 anos do \u201cTratado da Verdadeira Devo\u00e7\u00e3o a Sant\u00edssima Virgem\u201d de S\u00e3o Lu\u00eds Maria Montfort seria um verdadeiro tempo de gra\u00e7a para a Santa Igreja de Deus.<\/p>\n<p><strong>O Ano Mariano em 2012 seria uma grande oportunidade de reavivar a devo\u00e7\u00e3o a nossa M\u00e3e Sant\u00edssima no cora\u00e7\u00e3o dos cat\u00f3licos e propagar a pr\u00e1tica da consagra\u00e7\u00e3o total a ela, como \u00e9 ensinado pelo pr\u00f3prio S\u00e3o Lu\u00eds.<\/strong><\/p>\n<p>Seria uma forma muito pr\u00e1tica de responder aos apelos que a Virgem Sant\u00edssima fez em F\u00e1tima (1917): \u201c<em>Deus quer estabelecer no mundo a Devo\u00e7\u00e3o ao Meu Cora\u00e7\u00e3o Imaculado. (\u2026) Se fizerdes o que vos digo, muitas almas se salvar\u00e3o e ter\u00e3o paz<\/em>\u201d.<\/p>\n<p>Pois como diz o pr\u00f3prio S\u00e3o Lu\u00eds: \u201c<em>Foi por interm\u00e9dio da Sant\u00edssima Virgem Maria que Jesus Cristo veio ao mundo, e \u00e9 tamb\u00e9m por meio Dela que Ele deve reinar no mundo. (\u2026) Por Ela Jesus Cristo vem a n\u00f3s, e por Ela devemos ir a Ele<\/em>\u201d<em> (\u201cTratado da Verdadeira Devo\u00e7\u00e3o a Sant\u00edssima Virgem\u201d, n. 1; 85).<\/em><\/p>\n<p>Por essas raz\u00f5es, gostaria de me unir a essa iniciativa do padre Rodrigo Maria e convidar voc\u00ea, car\u00edssimo irm\u00e3o e irm\u00e3, a enviar tamb\u00e9m a sua carta ao Santo Padre Bento XVI. (<a href=\"http:\/\/vobr.webtvcn.com\/2011\/marco\/modelo_de_carta.doc\" target=\"_self\"><span style=\"color: #0000ff\">Modelo da carta<\/span><\/a>)<\/p>\n<p><strong>Endere\u00e7os para onde a carta pode ser enviada<\/strong><\/p>\n<p>As cartas em s\u00faplica ao Sumo Pont\u00edfice tamb\u00e9m podem ser enviadas para os seguintes endere\u00e7os:<\/p>\n<p>-Secretario do Papa \u2013 Mons. Geog Ganswein<br \/>\nPalazzo Apostolico Vaticano<br \/>\n00120 Citt\u00e0 Del Vaticano.<\/p>\n<p>&#8211; Apostolic Palace<br \/>\nVia del Pellegrino<br \/>\nCiita del Vaticano<br \/>\nVatican City State, 00120 Europe<br \/>\nphone: 0011.3906.698810.22<\/p>\n<p>email: av@pccs.va<br \/>\nfax:011.3906.6988.53.73<\/p>\n<p>As cartas devem ser escritas em nome pr\u00f3prio e\/ou no nome da comunidade ou grupo ao qual voc\u00ea pertence, pode ser a mesma que enviamos ou uma outra.<\/p>\n<p><strong>Padre Paulo Ricardo de Azevedo J\u00fanior<br \/>\nFonte: http:\/\/padrepauloricardo.org\/<\/strong><\/p>\n","protected":false},"excerpt":{"rendered":"<p>Penso que seja extremamente oportuna a iniciativa do meu querido irm\u00e3o, padre Rodrigo Maria, de suplicar ao Papa Bento XV a gra\u00e7a de um novo Ano Mariano para 2012-2013. Tenho ainda na lembran\u00e7a as gra\u00e7as imensas que pude colher do&#8230;<\/p>\n","protected":false},"author":1051,"featured_media":0,"comment_status":"open","ping_status":"open","sticky":false,"template":"","format":"standard","meta":{"_mi_skip_tracking":false,"_monsterinsights_sitenote_active":false,"_monsterinsights_sitenote_note":"","_monsterinsights_sitenote_category":0,"footnotes":""},"categories":[32],"tags":[6351],"_links":{"self":[{"href":"https:\/\/blog.cancaonova.com\/redacao\/wp-json\/wp\/v2\/posts\/6848"}],"collection":[{"href":"https:\/\/blog.cancaonova.com\/redacao\/wp-json\/wp\/v2\/posts"}],"about":[{"href":"https:\/\/blog.cancaonova.com\/redacao\/wp-json\/wp\/v2\/types\/post"}],"author":[{"embeddable":true,"href":"https:\/\/blog.cancaonova.com\/redacao\/wp-json\/wp\/v2\/users\/1051"}],"replies":[{"embeddable":true,"href":"https:\/\/blog.cancaonova.com\/redacao\/wp-json\/wp\/v2\/comments?post=6848"}],"version-history":[{"count":8,"href":"https:\/\/blog.cancaonova.com\/redacao\/wp-json\/wp\/v2\/posts\/6848\/revisions"}],"predecessor-version":[{"id":6850,"href":"https:\/\/blog.cancaonova.com\/redacao\/wp-json\/wp\/v2\/posts\/6848\/revisions\/6850"}],"wp:attachment":[{"href":"https:\/\/blog.cancaonova.com\/redacao\/wp-json\/wp\/v2\/media?parent=6848"}],"wp:term":[{"taxonomy":"category","embeddable":true,"href":"https:\/\/blog.cancaonova.com\/redacao\/wp-json\/wp\/v2\/categories?post=6848"},{"taxonomy":"post_tag","embeddable":true,"href":"https:\/\/blog.cancaonova.com\/redacao\/wp-json\/wp\/v2\/tags?post=6848"}],"curies":[{"name":"wp","href":"https:\/\/api.w.org\/{rel}","templated":true}]}}