{"id":6929,"date":"2011-04-05T12:56:05","date_gmt":"2011-04-05T15:56:05","guid":{"rendered":"http:\/\/blog.cancaonova.com\/redacao\/?p=6929"},"modified":"2011-05-02T17:25:30","modified_gmt":"2011-05-02T20:25:30","slug":"divulgue-o-facebook-da-cancao-nova-em-seu-perfil","status":"publish","type":"post","link":"https:\/\/blog.cancaonova.com\/redacao\/divulgue-o-facebook-da-cancao-nova-em-seu-perfil\/","title":{"rendered":"Divulgue o Facebook da Can\u00e7\u00e3o Nova em seu perfil"},"content":{"rendered":"<p><strong>Saiba como inserir uma imagem personalizada no Facebook<\/strong><\/p>\n<p>Voc\u00ea gosta de divulgar a Can\u00e7\u00e3o Nova nos meios digitais? Ent\u00e3o esta \u00e9 uma excelente oportunidade para fazer isso!<\/p>\n<p>Veja um exemplo de como ficar\u00e1 o seu perfil ap\u00f3s ser realizada esta tarefa.<\/p>\n<p><a rel=\"attachment wp-att-6931\" href=\"http:\/\/blog.cancaonova.com\/redacao\/2011\/04\/05\/divulgue-o-facebook-da-cancao-nova-em-seu-perfil\/tela-do-facebook-com-arte-montagem\/\"><img loading=\"lazy\" decoding=\"async\" class=\"alignnone size-full wp-image-6931\" src=\"http:\/\/blog.cancaonova.com\/redacao\/files\/2011\/04\/Tela-do-Facebook-com-arte-montagem.png\" alt=\"\" width=\"568\" height=\"229\" srcset=\"https:\/\/blog.cancaonova.com\/redacao\/files\/2011\/04\/Tela-do-Facebook-com-arte-montagem.png 710w, https:\/\/blog.cancaonova.com\/redacao\/files\/2011\/04\/Tela-do-Facebook-com-arte-montagem-300x120.png 300w\" sizes=\"(max-width: 568px) 100vw, 568px\" \/><\/a><\/p>\n<p><strong>Como fazer isso?<\/strong><\/p>\n<p>1 &#8211; Salve esta imagem no seu computador <a href=\"http:\/\/blog.cancaonova.com\/redacao\/files\/2011\/04\/facebookCancaonova.jpg\" target=\"_blank\">clique aqui<\/a> ;<\/p>\n<p>2 &#8211; Leve esta foto para o seu \u00e1lbum do Facebook;<\/p>\n<p>3 &#8211; Acesse este servi\u00e7o: <a href=\"http:\/\/www.mytopbanner.com\/\" target=\"_blank\">http:\/\/www.mytopbanner.com\/<\/a> ;<\/p>\n<p>4 &#8211; Clique na op\u00e7\u00e3o\u00a0<strong>Select From Album<\/strong> ;<\/p>\n<p>5 &#8211; Aparecer\u00e1 uma tela semelhante \u00e0 tela abaixo, solicitando sua autoriza\u00e7\u00e3o para acessar o seu Facebook. Clique em: <strong>permitir<\/strong>;<\/p>\n<p><a rel=\"attachment wp-att-6937\" href=\"http:\/\/blog.cancaonova.com\/redacao\/2011\/04\/05\/divulgue-o-facebook-da-cancao-nova-em-seu-perfil\/solicitacao-de-permissao\/\"><img loading=\"lazy\" decoding=\"async\" class=\"alignnone size-full wp-image-6937\" src=\"http:\/\/blog.cancaonova.com\/redacao\/files\/2011\/04\/solicita\u00e7\u00e3o-de-permiss\u00e3o.png\" alt=\"\" width=\"562\" height=\"407\" srcset=\"https:\/\/blog.cancaonova.com\/redacao\/files\/2011\/04\/solicita\u00e7\u00e3o-de-permiss\u00e3o.png 562w, https:\/\/blog.cancaonova.com\/redacao\/files\/2011\/04\/solicita\u00e7\u00e3o-de-permiss\u00e3o-300x217.png 300w\" sizes=\"(max-width: 562px) 100vw, 562px\" \/><\/a><\/p>\n<p>6 &#8211; Clique novamente em <strong>Select From Album <\/strong>;<\/p>\n<p>7 &#8211; Escolha o \u00e1lbum que cont\u00e9m a imagem;<\/p>\n<p>8 &#8211; Estando dentro do \u00e1lbum, escolha a imagem com o endere\u00e7o da Can\u00e7\u00e3o Nova;<\/p>\n<p>9 &#8211; Clique em <strong>Add banner<\/strong>;<\/p>\n<p>Agora essa imagem j\u00e1 estar\u00e1 vis\u00edvel no seu perfil do Facebook, para constatar isso acesse o seu Facebook e, ao lado direito na parte superior, clique na op\u00e7\u00e3o: perfil.<\/p>\n","protected":false},"excerpt":{"rendered":"<p>Saiba como inserir uma imagem personalizada no Facebook Voc\u00ea gosta de divulgar a Can\u00e7\u00e3o Nova nos meios digitais? Ent\u00e3o esta \u00e9 uma excelente oportunidade para fazer isso! Veja um exemplo de como ficar\u00e1 o seu perfil ap\u00f3s ser realizada esta&#8230;<\/p>\n","protected":false},"author":8,"featured_media":0,"comment_status":"open","ping_status":"open","sticky":false,"template":"","format":"standard","meta":{"_mi_skip_tracking":false,"_monsterinsights_sitenote_active":false,"_monsterinsights_sitenote_note":"","_monsterinsights_sitenote_category":0,"footnotes":""},"categories":[27],"tags":[18389,6351,14201,17547,691],"_links":{"self":[{"href":"https:\/\/blog.cancaonova.com\/redacao\/wp-json\/wp\/v2\/posts\/6929"}],"collection":[{"href":"https:\/\/blog.cancaonova.com\/redacao\/wp-json\/wp\/v2\/posts"}],"about":[{"href":"https:\/\/blog.cancaonova.com\/redacao\/wp-json\/wp\/v2\/types\/post"}],"author":[{"embeddable":true,"href":"https:\/\/blog.cancaonova.com\/redacao\/wp-json\/wp\/v2\/users\/8"}],"replies":[{"embeddable":true,"href":"https:\/\/blog.cancaonova.com\/redacao\/wp-json\/wp\/v2\/comments?post=6929"}],"version-history":[{"count":18,"href":"https:\/\/blog.cancaonova.com\/redacao\/wp-json\/wp\/v2\/posts\/6929\/revisions"}],"predecessor-version":[{"id":7122,"href":"https:\/\/blog.cancaonova.com\/redacao\/wp-json\/wp\/v2\/posts\/6929\/revisions\/7122"}],"wp:attachment":[{"href":"https:\/\/blog.cancaonova.com\/redacao\/wp-json\/wp\/v2\/media?parent=6929"}],"wp:term":[{"taxonomy":"category","embeddable":true,"href":"https:\/\/blog.cancaonova.com\/redacao\/wp-json\/wp\/v2\/categories?post=6929"},{"taxonomy":"post_tag","embeddable":true,"href":"https:\/\/blog.cancaonova.com\/redacao\/wp-json\/wp\/v2\/tags?post=6929"}],"curies":[{"name":"wp","href":"https:\/\/api.w.org\/{rel}","templated":true}]}}