{"id":6932,"date":"2011-04-05T09:12:49","date_gmt":"2011-04-05T12:12:49","guid":{"rendered":"http:\/\/blog.cancaonova.com\/redacao\/?p=6932"},"modified":"2011-04-05T09:16:22","modified_gmt":"2011-04-05T12:16:22","slug":"suplica-ao-santo-padre-bento-xvi-pelo-ano-mariano-em-2012-%e2%80%93-2013","status":"publish","type":"post","link":"https:\/\/blog.cancaonova.com\/redacao\/suplica-ao-santo-padre-bento-xvi-pelo-ano-mariano-em-2012-%e2%80%93-2013\/","title":{"rendered":"S\u00faplica ao Santo Padre Bento XVI pelo Ano Mariano em 2012 \u2013 2013."},"content":{"rendered":"<p>Penso que seja extremamente oportuna a iniciativa do meu querido irm\u00e3o, padre Rodrigo Maria, de suplicar ao Papa Bento XV a gra\u00e7a de um novo Ano Mariano para 2012-2013.<\/p>\n<p>Um novo Ano Mariano, de 2012-13, recordando os 25 anos do \u00faltimo Ano Mariano, proclamado pelo servo de Deus, o saudoso Papa Jo\u00e3o Paulo II, e comemorando os 300 anos do \u201cTratado da Verdadeira Devo\u00e7\u00e3o a Sant\u00edssima Virgem\u201d de S\u00e3o Lu\u00eds Maria Montfort seria um verdadeiro tempo de gra\u00e7a para a Santa Igreja de Deus.<\/p>\n<p>Com esse objetivo foi criado um site para recolher as assinaturas on-line dos internautas que desejam participar dessa campanha.<\/p>\n<p><a href=\"http:\/\/anomariano.com\/\" target=\"_self\"><span style=\"color: #0000ff\">:: Deixe a sua assinatura online<\/span><\/a><\/p>\n<p>O Ano Mariano, no referido per\u00edodo, seria uma grande oportunidade de reavivar a devo\u00e7\u00e3o a nossa M\u00e3e Sant\u00edssima no cora\u00e7\u00e3o dos cat\u00f3licos e propagar a pr\u00e1tica da consagra\u00e7\u00e3o total a ela, como \u00e9 ensinado pelo pr\u00f3prio S\u00e3o Lu\u00eds nessa obra em homenagem a Nossa Senhora.<\/p>\n<p>Assista:<br \/>\n<object classid=\"d27cdb6e-ae6d-11cf-96b8-444553540000\" width=\"532\" height=\"332\"><param name=\"allowFullScreen\" value=\"true\" \/><param name=\"allowscriptaccess\" value=\"always\" \/><param name=\"src\" value=\"http:\/\/www.youtube.com\/v\/LvHt_icd9-o?fs=1&amp;hl=pt_BR\" \/><param name=\"allowfullscreen\" value=\"true\" \/><embed type=\"application\/x-shockwave-flash\" width=\"532\" height=\"332\" src=\"http:\/\/www.youtube.com\/v\/LvHt_icd9-o?fs=1&amp;hl=pt_BR\" allowscriptaccess=\"always\" allowfullscreen=\"true\"><\/embed><\/object><\/p>\n<p><em>Fonte: http:\/\/padrepauloricardo.org<\/em><\/p>\n","protected":false},"excerpt":{"rendered":"<p>Penso que seja extremamente oportuna a iniciativa do meu querido irm\u00e3o, padre Rodrigo Maria, de suplicar ao Papa Bento XV a gra\u00e7a de um novo Ano Mariano para 2012-2013. Um novo Ano Mariano, de 2012-13, recordando os 25 anos do&#8230;<\/p>\n","protected":false},"author":1051,"featured_media":0,"comment_status":"open","ping_status":"open","sticky":false,"template":"","format":"standard","meta":{"_mi_skip_tracking":false,"_monsterinsights_sitenote_active":false,"_monsterinsights_sitenote_note":"","_monsterinsights_sitenote_category":0,"footnotes":""},"categories":[32,1],"tags":[],"_links":{"self":[{"href":"https:\/\/blog.cancaonova.com\/redacao\/wp-json\/wp\/v2\/posts\/6932"}],"collection":[{"href":"https:\/\/blog.cancaonova.com\/redacao\/wp-json\/wp\/v2\/posts"}],"about":[{"href":"https:\/\/blog.cancaonova.com\/redacao\/wp-json\/wp\/v2\/types\/post"}],"author":[{"embeddable":true,"href":"https:\/\/blog.cancaonova.com\/redacao\/wp-json\/wp\/v2\/users\/1051"}],"replies":[{"embeddable":true,"href":"https:\/\/blog.cancaonova.com\/redacao\/wp-json\/wp\/v2\/comments?post=6932"}],"version-history":[{"count":4,"href":"https:\/\/blog.cancaonova.com\/redacao\/wp-json\/wp\/v2\/posts\/6932\/revisions"}],"predecessor-version":[{"id":6935,"href":"https:\/\/blog.cancaonova.com\/redacao\/wp-json\/wp\/v2\/posts\/6932\/revisions\/6935"}],"wp:attachment":[{"href":"https:\/\/blog.cancaonova.com\/redacao\/wp-json\/wp\/v2\/media?parent=6932"}],"wp:term":[{"taxonomy":"category","embeddable":true,"href":"https:\/\/blog.cancaonova.com\/redacao\/wp-json\/wp\/v2\/categories?post=6932"},{"taxonomy":"post_tag","embeddable":true,"href":"https:\/\/blog.cancaonova.com\/redacao\/wp-json\/wp\/v2\/tags?post=6932"}],"curies":[{"name":"wp","href":"https:\/\/api.w.org\/{rel}","templated":true}]}}