{"id":6999,"date":"2011-04-14T10:03:21","date_gmt":"2011-04-14T13:03:21","guid":{"rendered":"http:\/\/blog.cancaonova.com\/redacao\/?p=6999"},"modified":"2011-04-14T13:33:20","modified_gmt":"2011-04-14T16:33:20","slug":"voce-pode-rezar-por-uma-crista-condenada-a-morte","status":"publish","type":"post","link":"https:\/\/blog.cancaonova.com\/redacao\/voce-pode-rezar-por-uma-crista-condenada-a-morte\/","title":{"rendered":"Voc\u00ea pode rezar por uma crist\u00e3 condenada \u00e0 morte?"},"content":{"rendered":"<p style=\"text-align: justify\"><!-- \t\t@page { margin: 2cm } \t\tP { margin-bottom: 0.21cm } --><a rel=\"attachment wp-att-7000\" href=\"http:\/\/blog.cancaonova.com\/redacao\/2011\/04\/14\/voce-pode-rezar-por-uma-crista-condenada-a-morte\/asia-bibi9\/\"><img loading=\"lazy\" decoding=\"async\" class=\"alignleft size-medium wp-image-7000\" src=\"http:\/\/blog.cancaonova.com\/redacao\/files\/2011\/04\/Asia-Bibi9-264x300.jpg\" alt=\"\" width=\"264\" height=\"300\" srcset=\"https:\/\/blog.cancaonova.com\/redacao\/files\/2011\/04\/Asia-Bibi9-264x300.jpg 264w, https:\/\/blog.cancaonova.com\/redacao\/files\/2011\/04\/Asia-Bibi9.jpg 400w\" sizes=\"(max-width: 264px) 100vw, 264px\" \/><\/a>Uma campanha de ora\u00e7\u00e3o para a liberta\u00e7\u00e3o da crist\u00e3 cat\u00f3lica Asia Bibi, condenada \u00e0 morte no Paquist\u00e3o pela lei antiblasf\u00eamia, est\u00e1 sendo promovida em v\u00e1rias partes do mundo. No dia 20 de abril (Quarta-feira Santa) a Igreja do Paquist\u00e3o promove <span style=\"color: #000000\">o Dia de Ora\u00e7\u00e3o por Asia Bibi e por todas as v\u00edtimas da lei sobre a blasf\u00eamia.<br \/>\n<\/span><\/p>\n<p style=\"text-align: justify\">A iniciativa foi lan\u00e7ada pela Funda\u00e7\u00e3o Masihi a todas as Igrejas crist\u00e3s espalhadas pelo mundo. O organismo \u201cpede aos homens e mulheres de boa vontade para que se unam em ora\u00e7\u00e3o e acendam uma vela, implorando a Deus a salva\u00e7\u00e3o e a liberta\u00e7\u00e3o de Asia Bibi e de todos aqueles que sofrem as consequ\u00eancias das falsas acusa\u00e7\u00f5es de blasf\u00eamia\u201d &#8211; ressaltou o diretor da Funda\u00e7\u00e3o Masihi, Haroon  Masih.<\/p>\n<p>O estado de sa\u00fade de  Asia Bibi \u00e9 preocupante, pois est\u00e1 confinada numa solit\u00e1ria, doente por causa das p\u00e9ssimas condi\u00e7\u00f5es de higiene. No entanto, a confian\u00e7a dela em Deus est\u00e1 se transformando em um testemunho de f\u00e9 e de esperan\u00e7a para as minorias crist\u00e3s perseguidas em todo o mundo, segundo Haroon, \u201capesar de suas condi\u00e7\u00f5es de sa\u00fade, Asia Bibi passa a maior parte do tempo em jejum e ora\u00e7\u00e3o pela situa\u00e7\u00e3o atual do Paquist\u00e3o\u201d.<\/p>\n<p style=\"text-align: justify\"><span style=\"color: #000000\">O Bispo de Multan, Dom Andrew Francis, Presidente da Comiss\u00e3o para o Di\u00e1logo Inter-religioso na Confer\u00eancia Episcopal do Paquist\u00e3o, aderiu \u00e0 iniciativa e frisou que \u201ca ora\u00e7\u00e3o \u00e9 um instrumento importante para os fi\u00e9is paquistaneses que confiam na obra de Deus\u201d. Tamb\u00e9m as Pontif\u00edcias Obras Mission\u00e1rias no pa\u00eds asi\u00e1tico aderiram ao evento, afirmando que essa campanha ajudar\u00e1 a sensibilizar as comunidades locais.<\/span><\/p>\n<p style=\"text-align: justify\">Tamb\u00e9m v\u00e1rias ordens religiosas, mosteiros e clausuras aderiram ao &#8220;Dia de Ora\u00e7\u00e3o por Asia Bibi&#8221;. &#8220;Recordaremos, diante do Sant\u00edssimo Sacramento exposto, Asia Bibi, nossa irm\u00e3 em Cristo, e rezaremos pelas v\u00edtimas de todas as partes do mundo: que o Senhor crucificado e ressuscitado abra os cora\u00e7\u00f5es de todos para a constru\u00e7\u00e3o do Seu Reino de paz e justi\u00e7a&#8221;, escrevem as clarissas de Roasio e Sarzana, em uma mensagem \u00e0 ag\u00eancia \u2018Fides&#8217;.<\/p>\n<p>E voc\u00ea, pode fazer uma ora\u00e7\u00e3o por Asia Bibi?<\/p>\n<p><strong>Persegui\u00e7\u00e3o aos crist\u00e3os no mundo<\/strong><\/p>\n<p style=\"text-align: justify\">Os crist\u00e3os s\u00e3o o grupo religioso mais perseguido do mundo, segundo um estudo do Servi\u00e7o Secreto Brit\u00e2nico (MI-5). O estudo publicado na revista \u201cSunday Express\u201d, revelou  que pelo menos 200 milh\u00f5es de crist\u00e3os em 60 pa\u00edses do mundo vivem em risco de persegui\u00e7\u00e3o. S\u00e3o torturados, mortos ou t\u00eam os seus direitos negados pelo simples fato de professarem a sua f\u00e9 em Jesus Cristo. Atentados a igrejas e comunidades crist\u00e3s aumentaram de forma alarmante em todo o planeta.<\/p>\n<p style=\"text-align: justify\">Um em cada tr\u00eas crist\u00e3os sofre persegui\u00e7\u00e3o. De cada dez pessoas do mundo uma \u00e9 crist\u00e3 perseguida.<\/p>\n<p style=\"text-align: justify\">Abaixo seguem tr\u00eas peti\u00e7\u00f5es internacionais (em ingl\u00eas) pedindo a liberta\u00e7\u00e3o de Asia Bibi.<\/p>\n<p><!-- \t\t@page { margin: 2cm } \t\tP { margin-bottom: 0.21cm } \t\tA:link { so-language: zxx } --><a href=\"http:\/\/www.petitiononline.com\/Asiabibi\/petition.html\" target=\"_blank\"><span style=\"color: #0000ff\">http:\/\/www.petitiononline.com\/Asiabibi\/petition.html<\/span><\/a><br \/>\n<a href=\"http:\/\/www.christianfreedom.org\/news\/petion-to-free-asia-bibi\/\"><span style=\"color: #0000ff\">http:\/\/www.christianfreedom.org\/news\/petion-to-free-asia-bibi\/<\/span><\/a><br \/>\n<a href=\"http:\/\/www.petitionbuzz.com\/petitions\/asiabibi\"><span style=\"color: #0000ff\">http:\/\/www.petitionbuzz.com\/petitions\/asiabibi<\/span><\/a><\/p>\n<p><strong>Saiba mais sobre a persegui\u00e7\u00e3o aos crist\u00e3os<\/strong><br \/>\n<span style=\"color: #0000ff\"><br \/>\n<a href=\"http:\/\/www.cancaonova.com\/portal\/canais\/entrevista\/entrevistas.php?id=1017\" target=\"_blank\"><span style=\"color: #0000ff\">::Fundador da Comunidade Shalom fala da persegui\u00e7\u00e3o aos crist\u00e3os<\/span><\/a><br \/>\n<\/span><\/p>\n<p><span style=\"color: #0000ff\"><a href=\"http:\/\/blog.cancaonova.com\/discipulosemissionarios\/2011\/01\/10\/liberdade-religiosa-e-paz\/\" target=\"_blank\"><span style=\"color: #0000ff\">::Liberdade religiosa e paz &#8211; Cardeal Dom Odilo Scherer<\/span><\/a><\/span><\/p>\n","protected":false},"excerpt":{"rendered":"<p>Uma campanha de ora\u00e7\u00e3o para a liberta\u00e7\u00e3o da crist\u00e3 cat\u00f3lica Asia Bibi, condenada \u00e0 morte no Paquist\u00e3o pela lei antiblasf\u00eamia, est\u00e1 sendo promovida em v\u00e1rias partes do mundo. No dia 20 de abril (Quarta-feira Santa) a Igreja do Paquist\u00e3o promove&#8230;<\/p>\n","protected":false},"author":1051,"featured_media":0,"comment_status":"open","ping_status":"open","sticky":false,"template":"","format":"standard","meta":{"_mi_skip_tracking":false,"_monsterinsights_sitenote_active":false,"_monsterinsights_sitenote_note":"","_monsterinsights_sitenote_category":0,"footnotes":""},"categories":[1331,32],"tags":[61422,37186,61423,17760],"_links":{"self":[{"href":"https:\/\/blog.cancaonova.com\/redacao\/wp-json\/wp\/v2\/posts\/6999"}],"collection":[{"href":"https:\/\/blog.cancaonova.com\/redacao\/wp-json\/wp\/v2\/posts"}],"about":[{"href":"https:\/\/blog.cancaonova.com\/redacao\/wp-json\/wp\/v2\/types\/post"}],"author":[{"embeddable":true,"href":"https:\/\/blog.cancaonova.com\/redacao\/wp-json\/wp\/v2\/users\/1051"}],"replies":[{"embeddable":true,"href":"https:\/\/blog.cancaonova.com\/redacao\/wp-json\/wp\/v2\/comments?post=6999"}],"version-history":[{"count":11,"href":"https:\/\/blog.cancaonova.com\/redacao\/wp-json\/wp\/v2\/posts\/6999\/revisions"}],"predecessor-version":[{"id":7010,"href":"https:\/\/blog.cancaonova.com\/redacao\/wp-json\/wp\/v2\/posts\/6999\/revisions\/7010"}],"wp:attachment":[{"href":"https:\/\/blog.cancaonova.com\/redacao\/wp-json\/wp\/v2\/media?parent=6999"}],"wp:term":[{"taxonomy":"category","embeddable":true,"href":"https:\/\/blog.cancaonova.com\/redacao\/wp-json\/wp\/v2\/categories?post=6999"},{"taxonomy":"post_tag","embeddable":true,"href":"https:\/\/blog.cancaonova.com\/redacao\/wp-json\/wp\/v2\/tags?post=6999"}],"curies":[{"name":"wp","href":"https:\/\/api.w.org\/{rel}","templated":true}]}}