{"id":7029,"date":"2011-04-23T08:50:37","date_gmt":"2011-04-23T11:50:37","guid":{"rendered":"http:\/\/blog.cancaonova.com\/redacao\/?p=7029"},"modified":"2011-04-23T09:14:37","modified_gmt":"2011-04-23T12:14:37","slug":"padre-paulo-explica-como-a-igreja-vive-o-sabado-santo","status":"publish","type":"post","link":"https:\/\/blog.cancaonova.com\/redacao\/padre-paulo-explica-como-a-igreja-vive-o-sabado-santo\/","title":{"rendered":"Padre Paulo explica como a Igreja vive o S\u00e1bado Santo"},"content":{"rendered":"<p>Neste dia do S\u00e1bado Santo, espa\u00e7o de tempo que come\u00e7a no por-do-sol da sexta-feira e termina no p\u00f4r-do-sol do s\u00e1bado, a Igreja fica sem o seu Senhor. Porque Jesus jaz no t\u00famulo.<br \/>\nExiste aqui a ora\u00e7\u00e3o silenciosa e a penit\u00eancia da Igreja esperando que Nosso Senhor ressuscite. Mas quem era realmente a Igreja que esperava a ressurrei\u00e7\u00e3o de Jesus?<\/p>\n<p><a href=\"http:\/\/www.cancaonova.com\/portal\/canais\/entrevista\/entrevistas.php?id=975\" target=\"_blank\">:: Padre Paulo explica o Tr\u00edduo Pascal<\/a><\/p>\n<p>Era a Virgem Sant\u00edssima, Maria, ela sabia da ressurrei\u00e7\u00e3o de Jesus. Parece que no S\u00e1bado Santo a Igreja foi como que reduzida a uma pessoa.<\/p>\n<p>\u201cBem-aventurada \u00e9 aquela que acreditou\u2026\u201d<\/p>\n<p><object classid=\"d27cdb6e-ae6d-11cf-96b8-444553540000\" width=\"560\" height=\"349\"><param name=\"allowFullScreen\" value=\"true\" \/><param name=\"allowScriptAccess\" value=\"always\" \/><param name=\"src\" value=\"http:\/\/www.youtube.com\/v\/mG5HvHbnFJE?version=3\" \/><param name=\"allowfullscreen\" value=\"true\" \/><embed type=\"application\/x-shockwave-flash\" width=\"560\" height=\"349\" src=\"http:\/\/www.youtube.com\/v\/mG5HvHbnFJE?version=3\" allowscriptaccess=\"always\" allowfullscreen=\"true\"><\/embed><\/object><\/p>\n<p><em>Fonte: http:\/\/padrepauloricardo.org\/<\/em><\/p>\n<p><strong>Veja tamb\u00e9m:<\/strong><a href=\"http:\/\/www.cancaonova.com\/portal\/canais\/eventos\/novoeventos\/cobertura.php?tit=Via-Sacra%3A+Amor+e+dor+se+misturam&amp;cod=2532&amp;sob=7148\" target=\"_blank\"><br \/>\n:: Cobertura da Semana Santa na Can\u00e7\u00e3o Nova<\/a><br \/>\n<a href=\"http:\/\/blog.cancaonova.com\/pelomundo\/category\/noticias-da-terra-santa\/\" target=\"_blank\">:: Especial Terra Santa<\/a><\/p>\n","protected":false},"excerpt":{"rendered":"<p>Neste dia do S\u00e1bado Santo, espa\u00e7o de tempo que come\u00e7a no por-do-sol da sexta-feira e termina no p\u00f4r-do-sol do s\u00e1bado, a Igreja fica sem o seu Senhor. Porque Jesus jaz no t\u00famulo. Existe aqui a ora\u00e7\u00e3o silenciosa e a penit\u00eancia&#8230;<\/p>\n","protected":false},"author":1051,"featured_media":0,"comment_status":"open","ping_status":"open","sticky":false,"template":"","format":"standard","meta":{"_mi_skip_tracking":false,"_monsterinsights_sitenote_active":false,"_monsterinsights_sitenote_note":"","_monsterinsights_sitenote_category":0,"footnotes":""},"categories":[32],"tags":[67,30870,1901,18299],"_links":{"self":[{"href":"https:\/\/blog.cancaonova.com\/redacao\/wp-json\/wp\/v2\/posts\/7029"}],"collection":[{"href":"https:\/\/blog.cancaonova.com\/redacao\/wp-json\/wp\/v2\/posts"}],"about":[{"href":"https:\/\/blog.cancaonova.com\/redacao\/wp-json\/wp\/v2\/types\/post"}],"author":[{"embeddable":true,"href":"https:\/\/blog.cancaonova.com\/redacao\/wp-json\/wp\/v2\/users\/1051"}],"replies":[{"embeddable":true,"href":"https:\/\/blog.cancaonova.com\/redacao\/wp-json\/wp\/v2\/comments?post=7029"}],"version-history":[{"count":14,"href":"https:\/\/blog.cancaonova.com\/redacao\/wp-json\/wp\/v2\/posts\/7029\/revisions"}],"predecessor-version":[{"id":7040,"href":"https:\/\/blog.cancaonova.com\/redacao\/wp-json\/wp\/v2\/posts\/7029\/revisions\/7040"}],"wp:attachment":[{"href":"https:\/\/blog.cancaonova.com\/redacao\/wp-json\/wp\/v2\/media?parent=7029"}],"wp:term":[{"taxonomy":"category","embeddable":true,"href":"https:\/\/blog.cancaonova.com\/redacao\/wp-json\/wp\/v2\/categories?post=7029"},{"taxonomy":"post_tag","embeddable":true,"href":"https:\/\/blog.cancaonova.com\/redacao\/wp-json\/wp\/v2\/tags?post=7029"}],"curies":[{"name":"wp","href":"https:\/\/api.w.org\/{rel}","templated":true}]}}