{"id":7155,"date":"2011-05-10T17:24:02","date_gmt":"2011-05-10T20:24:02","guid":{"rendered":"http:\/\/blog.cancaonova.com\/redacao\/?p=7155"},"modified":"2012-07-24T14:59:08","modified_gmt":"2012-07-24T17:59:08","slug":"uma-senhora-mais-brilhante-que-o-sol","status":"publish","type":"post","link":"https:\/\/blog.cancaonova.com\/redacao\/uma-senhora-mais-brilhante-que-o-sol\/","title":{"rendered":"Uma Senhora mais brilhante que o Sol"},"content":{"rendered":"<p><a href=\"http:\/\/blog.cancaonova.com\/redacao\/files\/2011\/05\/anjo-de-portugal2.jpg\"><img loading=\"lazy\" decoding=\"async\" class=\"alignleft\" src=\"http:\/\/blog.cancaonova.com\/redacao\/files\/2011\/05\/anjo-de-portugal2-300x253.jpg\" alt=\"\" width=\"300\" height=\"253\" \/><\/a>A Mensagem de F\u00e1tima \u00e9 um convite e uma escola de salva\u00e7\u00e3o. Foi iniciada pelo Anjo da Paz  em duas apari\u00e7\u00f5es as crian\u00e7as. Uma em 1915, onde as ensinou  a ora\u00e7\u00e3o t\u00e3o conhecida por todos n\u00f3s: \u201cMeu Deus, eu creio, adoro, espero e amo-Vos. Pe\u00e7o-Vos perd\u00e3o para os que n\u00e3o creem, n\u00e3o adoram, n\u00e3o esperam e n\u00e3o Vos amam&#8221;..\u201d<\/p>\n<p>Na segunda apari\u00e7\u00e3o no mesmo ano, o Anjo lhes deu a Sagrada comunh\u00e3o e ensinou-lhes um nova ora\u00e7\u00e3o que coloca F\u00e1tima como mensagem puramente cristol\u00f3gica: &#8220;Sant\u00edssima Trindade, Pai, Filho e Esp\u00edrito Santo, adoro-vos profundamente e ofere\u00e7o-vos o precios\u00edssimo Corpo, Sangue, Alma e Divindade de Jesus Cristo, presente em todos os sacr\u00e1rios da terra, em repara\u00e7\u00e3o dos ultrajes, sacril\u00e9gios e indiferen\u00e7as com que Ele mesmo \u00e9 ofendido. E pelos m\u00e9ritos infinitos do Seu Sant\u00edssimo Cora\u00e7\u00e3o e do Cora\u00e7\u00e3o Imaculado de Maria, pe\u00e7o -Vos a convers\u00e3o dos pobres pecadores\u201d.<\/p>\n<p>Cumprida a sua miss\u00e3o Divina, o anjo da Paz ou de Portugal (como Ele mesmo se intitula) voltar\u00e1 para o C\u00e9u, que seis meses mais tarde h\u00e1 13 de Maio de 1917 , se abriria novamente a passagem da celeste Rainha ,que se dignava pousar os seus p\u00e9s virginais sobre uma Azinheira na Serra de Aire , local onde fica a Cova da Iria .<\/p>\n<p>A mensagem de F\u00e1tima sublinha os seguintes pontos:<br \/>\nA convers\u00e3o permanente; a ora\u00e7\u00e3o e nomeadamente o ros\u00e1rio; o sentido da responsabilidade colectiva e a pr\u00e1tica da repara\u00e7\u00e3o.<\/p>\n<p>A aceita\u00e7\u00e3o desta mensagem traz consigo a Consagra\u00e7\u00e3o ao Cora\u00e7\u00e3o Imaculado de Maria.<\/p>\n<p>Mas que consagra\u00e7\u00e3o foi esta? Qual o sentido deste pedido de Nossa Senhora a L\u00facia?  A for\u00e7a desta consagra\u00e7\u00e3o permanece por todos os tempos e abrange todos os homens, os povos e as na\u00e7\u00f5es; e supera todo o mal, que  \u00e9 capaz de despertar no cora\u00e7\u00e3o do homem e na sua hist\u00f3ria e que, de facto, despertou nos nossos tempos.<\/p>\n<p>F\u00e1tima trouxe ainda revela\u00e7\u00f5es, uma delas nos ficou oculto at\u00e9 o in\u00edcio do terceiro mil\u00eanio,  quando o agora Beato  Jo\u00e3o Paulo II, decidiu tornar p\u00fablico o texto.<\/p>\n<p>A terceira parte do segredo consiste numa vis\u00e3o prof\u00e9tica, compar\u00e1vel \u00e0s da hist\u00f3ria sagrada. Ela reafirma a sua convic\u00e7\u00e3o de que a vis\u00e3o de F\u00e1tima se refere sobretudo \u00e0 luta do comunismo ateu contra a Igreja e os crist\u00e3os, e descreve o  sofrimento das v\u00edtimas da f\u00e9 no s\u00e9culo XX.  \u00c0 pergunta: \u201cA personagem principal da vis\u00e3o \u00e9 o Papa?\u201d, a Irm\u00e3 L\u00facia responde imediatamente que sim e recorda como os tr\u00eas pastorinhos sentiam muita pena pelo sofrimento do Papa e Jacinta repetia:  \u201cCoitadinho do Santo Padre. Tenho muita pena dos pecadores!\u201d A Irm\u00e3 L\u00facia continua: \u201cN\u00e3o sab\u00edamos o nome do Papa; Nossa Senhora n\u00e3o nos disse o nome do Papa, mas que era o Papa que sofria e isso fazia-nos sofrer a n\u00f3s tamb\u00e9m .\u201d<br \/>\nMas porque Nossa Senhora entregou t\u00e3o preciosos tesouros a tr\u00eas crian\u00e7as simples de uma pequena aldeia ? Muitas s\u00e3o as perguntas que os fi\u00e9is ainda trazem no seu cora\u00e7\u00e3o e por isso  neste m\u00eas de maio o portal Can\u00e7\u00e3o Nova quer lhe presentear com tao rica forma\u00e7\u00e3o sobre as apari\u00e7\u00f5es de F\u00e1tima, e tudo o que dela faz parte, por isso lan\u00e7amos em nosso Portal a seguinte enquente:<br \/>\n<strong>O que voc\u00ea gostaria de saber sobre a mensagem e F\u00e1tima? <\/strong><\/p>\n<p><strong>Comunh\u00e3o reparadora?<\/strong><\/p>\n<p><strong>Terceiro segredo? <\/strong><\/p>\n<p><strong>Consagra\u00e7\u00e3o do mundo?<\/strong><br \/>\nQueremos interagir , para participar acesse o portal<a href=\"http:\/\/www.cancaonova.com\" target=\"_blank\"> cancaonova.com .<\/a> A cada semana disponiblizaremos um texto atualizado sobre a Mensagem de F\u00e1tima , tirando suas d\u00favidas.<\/p>\n","protected":false},"excerpt":{"rendered":"<p>A Mensagem de F\u00e1tima \u00e9 um convite e uma escola de salva\u00e7\u00e3o. Foi iniciada pelo Anjo da Paz em duas apari\u00e7\u00f5es as crian\u00e7as. Uma em 1915, onde as ensinou a ora\u00e7\u00e3o t\u00e3o conhecida por todos n\u00f3s: \u201cMeu Deus, eu creio,&#8230;<\/p>\n","protected":false},"author":1051,"featured_media":0,"comment_status":"closed","ping_status":"open","sticky":false,"template":"","format":"standard","meta":{"_mi_skip_tracking":false,"_monsterinsights_sitenote_active":false,"_monsterinsights_sitenote_note":"","_monsterinsights_sitenote_category":0,"footnotes":""},"categories":[32],"tags":[20890,16466,2551,45,261,16140,5051],"_links":{"self":[{"href":"https:\/\/blog.cancaonova.com\/redacao\/wp-json\/wp\/v2\/posts\/7155"}],"collection":[{"href":"https:\/\/blog.cancaonova.com\/redacao\/wp-json\/wp\/v2\/posts"}],"about":[{"href":"https:\/\/blog.cancaonova.com\/redacao\/wp-json\/wp\/v2\/types\/post"}],"author":[{"embeddable":true,"href":"https:\/\/blog.cancaonova.com\/redacao\/wp-json\/wp\/v2\/users\/1051"}],"replies":[{"embeddable":true,"href":"https:\/\/blog.cancaonova.com\/redacao\/wp-json\/wp\/v2\/comments?post=7155"}],"version-history":[{"count":12,"href":"https:\/\/blog.cancaonova.com\/redacao\/wp-json\/wp\/v2\/posts\/7155\/revisions"}],"predecessor-version":[{"id":7161,"href":"https:\/\/blog.cancaonova.com\/redacao\/wp-json\/wp\/v2\/posts\/7155\/revisions\/7161"}],"wp:attachment":[{"href":"https:\/\/blog.cancaonova.com\/redacao\/wp-json\/wp\/v2\/media?parent=7155"}],"wp:term":[{"taxonomy":"category","embeddable":true,"href":"https:\/\/blog.cancaonova.com\/redacao\/wp-json\/wp\/v2\/categories?post=7155"},{"taxonomy":"post_tag","embeddable":true,"href":"https:\/\/blog.cancaonova.com\/redacao\/wp-json\/wp\/v2\/tags?post=7155"}],"curies":[{"name":"wp","href":"https:\/\/api.w.org\/{rel}","templated":true}]}}