{"id":7255,"date":"2011-06-05T10:36:54","date_gmt":"2011-06-05T13:36:54","guid":{"rendered":"http:\/\/blog.cancaonova.com\/redacao\/?p=7255"},"modified":"2011-06-05T10:36:54","modified_gmt":"2011-06-05T13:36:54","slug":"dia-mundial-das-comunicacoes-sociais","status":"publish","type":"post","link":"https:\/\/blog.cancaonova.com\/redacao\/dia-mundial-das-comunicacoes-sociais\/","title":{"rendered":"Dia Mundial das Comunica\u00e7\u00f5es Sociais"},"content":{"rendered":"<p>Com o tema \u2018Verdade, an\u00fancio e autenticidade de vida na era digital\u2019, celebra-se domingo, 5 de junho, o 45.\u00ba Dia Mundial das Comunica\u00e7\u00f5es Sociais. Essa celebra\u00e7\u00e3o \u00e9 uma iniciativa da Igreja decidida pelo Conc\u00edlio Vaticano II (Decreto \u201cInter Mirifica\u201d, de 1963) e ocorre na maioria dos pa\u00edses no domingo que antecede a solenidade de Pentecostes.<\/p>\n<p><a href=\"http:\/\/noticias.cancaonova.com\/noticia.php?id=280130\"><span style=\"color: #0000ff\">:: Mensagem do Papa para o 45\u00ba Dia Mundial das Comunica\u00e7\u00f5es Sociais <\/span><\/a><\/p>\n<p>A data n\u00e3o \u00e9 escolhida sem motivo. Pentecostes \u00e9 a manifesta\u00e7\u00e3o da Igreja ao mundo, \u00e9 a comunica\u00e7\u00e3o da salva\u00e7\u00e3o de Jesus Cristo a todos os povos reunidos em Jerusal\u00e9m. Para a Igreja, \u00e9 o fen\u00f4meno oposto ao que aconteceu na Torre de Babel, a falta de comunica\u00e7\u00e3o. Desde Paulo VI, a Igreja tem valorizado e incentivado a evangeliza\u00e7\u00e3o pelos meios de comunica\u00e7\u00e3o para que a ordem de Jesus Cristo de levar o Evangelho a todos os povos possa acontecer de maneira mais r\u00e1pida.<\/p>\n<p>De modo especial a inform\u00e1tica possibilitou isso pela internet. As dist\u00e2ncias desapareceram para a comunica\u00e7\u00e3o e todos podem ser atingidos pelo ensino de Cristo. Sobretudo os jovens s\u00e3o chamados a dar o seu testemunho de f\u00e9 a outros jovens neste \u201ccontinente digital\u201d, pois eles conhecem os seus medos e as suas esperan\u00e7as, os seus entusiasmos e as suas desilus\u00f5es. O an\u00fancio de Cristo no mundo das novas tecnologias sup\u00f5e um conhecimento profundo das mesmas para se chegar a uma conveniente utiliza\u00e7\u00e3o. E os jovens as dominam.<\/p>\n<p>As novas tecnologias abriram as portas para o di\u00e1logo entre pessoas de diferentes pa\u00edses, culturas e religi\u00f5es. \u00c9 uma nova \u201carena digital\u201d, o chamado \u201ccyberspace\u201d. Permite conhecer os valores e as tradi\u00e7\u00f5es alheias. Mas, esses encontros, para serem fecundos, requerem formas honestas e corretas de express\u00e3o e uma escuta atenciosa e respeitadora.<\/p>\n<p>\u00c9 preciso n\u00e3o se deixar enganar por aqueles que apenas procuram consumidores de seus produtos, subvertendo os valores e a pr\u00f3pria verdade. H\u00e1 tamb\u00e9m o perigo do isolamento de cada um. Algu\u00e9m j\u00e1 disse que \u201ca internet aproxima os que est\u00e3o longe, mas distancia os que est\u00e3o perto\u201d. Embora ela fomente belas amizades \u00e0 dist\u00e2ncia, pode tamb\u00e9m nos separar dos parentes, vizinhos e colegas. A conex\u00e3o virtual tamb\u00e9m n\u00e3o pode se tornar obsessiva, isolando a pessoa e cortando a sua intera\u00e7\u00e3o social real. Isto pode perturbar o repouso, o sil\u00eancio e a reflex\u00e3o necess\u00e1rias para o bom desenvolvimento humano.<\/p>\n<p>Cada pessoa pode hoje colocar a sua mensagem na rede mundial da internet e \u00e9 muito dif\u00edcil haver censura. Isto gera um s\u00e9rio problema para todos: a comunica\u00e7\u00e3o pode ser fraudulenta, a mentira pode se propagar, os boatos podem acontecer. Estamos diante de uma \u201cfaca de dois gumes\u201d. Estamos diante de uma nova revolu\u00e7\u00e3o tecnol\u00f3gica que muda a face da terra. E hoje todo esse sistema, como disse Bento XVI, \u00e9 \u201cparte integrante da vida humana\u201d. O mundo hoje est\u00e1 diante de nossos olhos, \u00e9 algo fant\u00e1stico e assustador, que exige dos pais e educadores muita aten\u00e7\u00e3o na orienta\u00e7\u00e3o das crian\u00e7as e dos jovens.<\/p>\n<p>Bento XVI pede que os sacerdotes e leigos evangelizem pela internet, com \u201ccriatividade e consci\u00eancia\u201d, que se atenham \u00e0 verdade do Evangelho e \u00e0 doutrina ensinada pelo Magist\u00e9rio da Igreja.  Nenhum cat\u00f3lico pode ensinar o que a Igreja n\u00e3o ensina. \u00c9 preciso investir na forma\u00e7\u00e3o das pessoas para que tenham capacidade cr\u00edtica perante a m\u00eddia e possam contribuir e transmitir nela uma imagem aut\u00eantica da Igreja e n\u00e3o um massacre da mesma.<\/p>\n<p>Os meios de comunica\u00e7\u00e3o mostram hoje algo que muito preocupa Bento XVI: a ditadura do relativismo, a intoler\u00e2ncia para com os crist\u00e3os e o cancelamento do direito \u00e0 liberdade religiosa em muitos pa\u00edses e at\u00e9 no Ocidente crist\u00e3o. Sabemos que no s\u00e9culo XX o homem tomou as r\u00e9deas da Hist\u00f3ria das m\u00e3os de Deus, e esta experi\u00eancia trouxe muito sofrimento no s\u00e9culo passado. A internet pode ajudar a reverter isso.<\/p>\n<p>\u00c9 preciso usar as tecnologias para novas rela\u00e7\u00f5es, em que se promova uma cultura de respeito, de di\u00e1logo, de amizade.  E as vantagens que elas oferecem precisam ser postas ao servi\u00e7o de todos os seres humanos e de todas as comunidades, sobretudo de quem est\u00e1 mais necessitado e vulner\u00e1vel.<\/p>\n<p>Prof. Felipe Aquino<\/p>\n","protected":false},"excerpt":{"rendered":"<p>Com o tema \u2018Verdade, an\u00fancio e autenticidade de vida na era digital\u2019, celebra-se domingo, 5 de junho, o 45.\u00ba Dia Mundial das Comunica\u00e7\u00f5es Sociais. Essa celebra\u00e7\u00e3o \u00e9 uma iniciativa da Igreja decidida pelo Conc\u00edlio Vaticano II (Decreto \u201cInter Mirifica\u201d, de&#8230;<\/p>\n","protected":false},"author":1051,"featured_media":0,"comment_status":"open","ping_status":"open","sticky":false,"template":"","format":"standard","meta":{"_mi_skip_tracking":false,"_monsterinsights_sitenote_active":false,"_monsterinsights_sitenote_note":"","_monsterinsights_sitenote_category":0,"footnotes":""},"categories":[32],"tags":[],"_links":{"self":[{"href":"https:\/\/blog.cancaonova.com\/redacao\/wp-json\/wp\/v2\/posts\/7255"}],"collection":[{"href":"https:\/\/blog.cancaonova.com\/redacao\/wp-json\/wp\/v2\/posts"}],"about":[{"href":"https:\/\/blog.cancaonova.com\/redacao\/wp-json\/wp\/v2\/types\/post"}],"author":[{"embeddable":true,"href":"https:\/\/blog.cancaonova.com\/redacao\/wp-json\/wp\/v2\/users\/1051"}],"replies":[{"embeddable":true,"href":"https:\/\/blog.cancaonova.com\/redacao\/wp-json\/wp\/v2\/comments?post=7255"}],"version-history":[{"count":2,"href":"https:\/\/blog.cancaonova.com\/redacao\/wp-json\/wp\/v2\/posts\/7255\/revisions"}],"predecessor-version":[{"id":7257,"href":"https:\/\/blog.cancaonova.com\/redacao\/wp-json\/wp\/v2\/posts\/7255\/revisions\/7257"}],"wp:attachment":[{"href":"https:\/\/blog.cancaonova.com\/redacao\/wp-json\/wp\/v2\/media?parent=7255"}],"wp:term":[{"taxonomy":"category","embeddable":true,"href":"https:\/\/blog.cancaonova.com\/redacao\/wp-json\/wp\/v2\/categories?post=7255"},{"taxonomy":"post_tag","embeddable":true,"href":"https:\/\/blog.cancaonova.com\/redacao\/wp-json\/wp\/v2\/tags?post=7255"}],"curies":[{"name":"wp","href":"https:\/\/api.w.org\/{rel}","templated":true}]}}