{"id":7260,"date":"2011-06-08T17:07:05","date_gmt":"2011-06-08T20:07:05","guid":{"rendered":"http:\/\/blog.cancaonova.com\/redacao\/?p=7260"},"modified":"2011-06-09T10:59:43","modified_gmt":"2011-06-09T13:59:43","slug":"a-arte-sacra-e-seu-papel-na-igreja","status":"publish","type":"post","link":"https:\/\/blog.cancaonova.com\/redacao\/a-arte-sacra-e-seu-papel-na-igreja\/","title":{"rendered":"A arte sacra e seu papel na igreja"},"content":{"rendered":"<p style=\"text-align: justify\"><a href=\"http:\/\/blog.cancaonova.com\/redacao\/files\/2011\/06\/Pablo-Neves.jpg\"><img loading=\"lazy\" decoding=\"async\" class=\"size-medium wp-image-7261 alignleft\" src=\"http:\/\/blog.cancaonova.com\/redacao\/files\/2011\/06\/Pablo-Neves-184x300.jpg\" alt=\"\" width=\"129\" height=\"210\" srcset=\"https:\/\/blog.cancaonova.com\/redacao\/files\/2011\/06\/Pablo-Neves-184x300.jpg 184w, https:\/\/blog.cancaonova.com\/redacao\/files\/2011\/06\/Pablo-Neves-629x1024.jpg 629w, https:\/\/blog.cancaonova.com\/redacao\/files\/2011\/06\/Pablo-Neves.jpg 1109w\" sizes=\"(max-width: 129px) 100vw, 129px\" \/><\/a>Pablo Neves, Bacharel em Design pela Universidade Federal do Maranh\u00e3o e P\u00f3s Graduado em Arte Sacra,  nos d\u00e1 detalhes sobre a arte e seu papel na igreja.<\/p>\n<p style=\"text-align: justify\">Este foi um dos temas tratados no Conc\u00edlio Vaticano II (XXI Conc\u00edlio Ecum\u00eanico da Igreja Cat\u00f3lica): \u201cAo edificar os templos, procure-se com dilig\u00eancia que sejam aptos para a celebra\u00e7\u00e3o de a\u00e7\u00f5es lit\u00fargicas e para conseguir a participa\u00e7\u00e3o ativa dos fi\u00e9is.\u201d<\/p>\n<p style=\"text-align: justify\">Se percebermos bem os momentos em que Cristo pregava para as multid\u00f5es, Ele buscava lugares favor\u00e1veis para que as pessoas estivessem receptivas \u00e0 mensagem.<\/p>\n<p style=\"text-align: justify\">Um exemplo claro desse momento \u00e9 o  serm\u00e3o das bem-aventuran\u00e7as. O lugar em que Jesus se p\u00f4s a falar era como uma concha ac\u00fastica onde o som se espalhava com facilidade, tinha ainda presente no cen\u00e1rio como adorno a fonte de \u00e1gua,  o  mar da Galil\u00e9ia, sendo ainda rodeado de  \u00e1rvores frut\u00edferas.<\/p>\n<p style=\"text-align: justify\">A respeito deste olhar sobre aqueles que recebem a mensagem da arte sacra o artista nos diz: \u201cQuando falamos de conforto falamos de algo abstrato, voc\u00ea n\u00e3o v\u00ea o conforto, o que o designer faz \u00e9 materializar a  express\u00e3o do conforto.  O artista sacro precisa expressar as realidades invis\u00edveis  de forma vis\u00edvel, neste caso a f\u00e9, \u00e9 preciso materializ\u00e1-la.\u201d<br \/>\n<a href=\"http:\/\/blog.cancaonova.com\/redacao\/files\/2011\/06\/Interior-igreja.jpg\"><img loading=\"lazy\" decoding=\"async\" class=\"aligncenter size-medium wp-image-7262\" src=\"http:\/\/blog.cancaonova.com\/redacao\/files\/2011\/06\/Interior-igreja-300x300.jpg\" alt=\"\" width=\"300\" height=\"300\" srcset=\"https:\/\/blog.cancaonova.com\/redacao\/files\/2011\/06\/Interior-igreja-300x300.jpg 300w, https:\/\/blog.cancaonova.com\/redacao\/files\/2011\/06\/Interior-igreja-150x150.jpg 150w, https:\/\/blog.cancaonova.com\/redacao\/files\/2011\/06\/Interior-igreja-1024x1024.jpg 1024w, https:\/\/blog.cancaonova.com\/redacao\/files\/2011\/06\/Interior-igreja.jpg 1100w\" sizes=\"(max-width: 300px) 100vw, 300px\" \/><\/a><\/p>\n<p style=\"text-align: justify\">A hierarquia eclesi\u00e1stica tem feito interven\u00e7\u00f5es para dignificar a arte sacra, dando n\u00e3o s\u00f3 proibi\u00e7\u00f5es  como tamb\u00e9m tem dado orienta\u00e7\u00f5es concretas sobre diferentes manifesta\u00e7\u00f5es art\u00edstica nessa \u00e1rea [arte sacra].<\/p>\n<p style=\"text-align: justify\">O espa\u00e7o lit\u00fargico que acolhe a celebra\u00e7\u00e3o, e que chamamos de &#8220;igreja&#8221; deriva da reuni\u00e3o das pessoas que nela acontece. A sua fun\u00e7\u00e3o primordial, essencial, \u00e9 acolher a assembleia que se prop\u00f5e realizar o convite de Jesus: &#8220;Fazei isto em mem\u00f3ria de mim.&#8221;<\/p>\n<p style=\"text-align: justify\">Com base nesta afirma\u00e7\u00e3o de Vicenzo Gatti, nosso entrevistado nos  d\u00e1 exemplos claros de sinais presentes na constru\u00e7\u00e3o dos \u201ctemplos\u201d de reuni\u00e3o do povo de Deus , vamos a elas:<br \/>\n*\u201cAo chegar na igreja \u00e9 preciso estar atento \u00e0 espiritualidade que ela me prop\u00f5e para que eu possa entrar neste mist\u00e9rio.<br \/>\n*O altar precisa ser feito de um material maci\u00e7o e n\u00e3o corrosivo, pois Cristo \u00e9 essa Pedra Viva, Sua presen\u00e7a \u00e9 forte e concreta.<br \/>\n*Existem elementos curiosos em muitas das nossas igrejas, como anjos que custodiam o sacr\u00e1rio. Os anjos s\u00e3o anunciadores de Deus, s\u00e3o aqueles que guerreiam contra o mal. A figura do anjos \u00e9 uma forma de expressar que o que est\u00e1 no sacr\u00e1rio \u00e9 celeste, \u00e9 divino, \u00e9 santo.\u201d<\/p>\n<p style=\"text-align: justify\">Questionando se um designer de arte sacra precisa ter conhecimento teol\u00f3gico, Pablo Neves nos diz:  \u201c\u00c9 preciso conhecer bem a hist\u00f3ria vivida no decorrer destes mais de 2000 anos de Cristianismo. A consultoria se d\u00e1 na Sagrada Escritura, na tradi\u00e7\u00e3o e na liturgia, essas s\u00e3o bases essenciais para se projetar algo para a igreja.  Ela \u00e9 um espa\u00e7o sagrado, \u00e9 uma profecia do que vamos viver no c\u00e9u.\u201d<br \/>\n<a href=\"http:\/\/blog.cancaonova.com\/redacao\/files\/2011\/06\/ArteSacraIgrejasAlemanha.jpg\"><img loading=\"lazy\" decoding=\"async\" class=\"alignleft size-medium wp-image-7263\" src=\"http:\/\/blog.cancaonova.com\/redacao\/files\/2011\/06\/ArteSacraIgrejasAlemanha-300x223.jpg\" alt=\"Interior de uma igreja na Alemanha\" width=\"300\" height=\"223\" srcset=\"https:\/\/blog.cancaonova.com\/redacao\/files\/2011\/06\/ArteSacraIgrejasAlemanha-300x223.jpg 300w, https:\/\/blog.cancaonova.com\/redacao\/files\/2011\/06\/ArteSacraIgrejasAlemanha.jpg 635w\" sizes=\"(max-width: 300px) 100vw, 300px\" \/><\/a><\/p>\n<p style=\"text-align: justify\">\u00c9 necess\u00e1rio que a arte sacra seja compreens\u00edvel, quer dizer, que sirva de ensinamento, porque \u00e9 uma &#8220;teologia em imagens&#8221;. Deve representar as verdades da f\u00e9, n\u00e3o de um modo arbitr\u00e1rio, mas de exposi\u00e7\u00e3o do dogma crist\u00e3o com a maior fidelidade poss\u00edvel e com sentimentos autenticamente piedosos.<\/p>\n<p style=\"text-align: justify\">Envie para o Portal Can\u00e7\u00e3o Nova fotografias da sua par\u00f3quia e\/ou capela, queremos montar um flicker mostrando a diversidade de arte em nossa Igreja, no endere\u00e7o <a href=\"mailto:webclube@cancaonova.com\" target=\"_blank\">webclube@cancaonova.com<\/a><\/p>\n","protected":false},"excerpt":{"rendered":"<p>Pablo Neves, Bacharel em Design pela Universidade Federal do Maranh\u00e3o e P\u00f3s Graduado em Arte Sacra, nos d\u00e1 detalhes sobre a arte e seu papel na igreja. Este foi um dos temas tratados no Conc\u00edlio Vaticano II (XXI Conc\u00edlio Ecum\u00eanico&#8230;<\/p>\n","protected":false},"author":1051,"featured_media":0,"comment_status":"open","ping_status":"open","sticky":false,"template":"","format":"standard","meta":{"_mi_skip_tracking":false,"_monsterinsights_sitenote_active":false,"_monsterinsights_sitenote_note":"","_monsterinsights_sitenote_category":0,"footnotes":""},"categories":[32],"tags":[43673,6351,7551,178141,63258],"_links":{"self":[{"href":"https:\/\/blog.cancaonova.com\/redacao\/wp-json\/wp\/v2\/posts\/7260"}],"collection":[{"href":"https:\/\/blog.cancaonova.com\/redacao\/wp-json\/wp\/v2\/posts"}],"about":[{"href":"https:\/\/blog.cancaonova.com\/redacao\/wp-json\/wp\/v2\/types\/post"}],"author":[{"embeddable":true,"href":"https:\/\/blog.cancaonova.com\/redacao\/wp-json\/wp\/v2\/users\/1051"}],"replies":[{"embeddable":true,"href":"https:\/\/blog.cancaonova.com\/redacao\/wp-json\/wp\/v2\/comments?post=7260"}],"version-history":[{"count":11,"href":"https:\/\/blog.cancaonova.com\/redacao\/wp-json\/wp\/v2\/posts\/7260\/revisions"}],"predecessor-version":[{"id":7272,"href":"https:\/\/blog.cancaonova.com\/redacao\/wp-json\/wp\/v2\/posts\/7260\/revisions\/7272"}],"wp:attachment":[{"href":"https:\/\/blog.cancaonova.com\/redacao\/wp-json\/wp\/v2\/media?parent=7260"}],"wp:term":[{"taxonomy":"category","embeddable":true,"href":"https:\/\/blog.cancaonova.com\/redacao\/wp-json\/wp\/v2\/categories?post=7260"},{"taxonomy":"post_tag","embeddable":true,"href":"https:\/\/blog.cancaonova.com\/redacao\/wp-json\/wp\/v2\/tags?post=7260"}],"curies":[{"name":"wp","href":"https:\/\/api.w.org\/{rel}","templated":true}]}}