{"id":7276,"date":"2011-06-10T14:33:31","date_gmt":"2011-06-10T17:33:31","guid":{"rendered":"http:\/\/blog.cancaonova.com\/redacao\/?p=7276"},"modified":"2011-06-12T09:32:14","modified_gmt":"2011-06-12T12:32:14","slug":"pentescostes-em-jerusalem","status":"publish","type":"post","link":"https:\/\/blog.cancaonova.com\/redacao\/pentescostes-em-jerusalem\/","title":{"rendered":"Pentecostes em Jerusal\u00e9m"},"content":{"rendered":"<div><strong>Retiro e Peregrina\u00e7\u00e3o na Terra Santa<\/strong><\/div>\n<div><strong><br \/>\n<\/strong><\/div>\n<h1 style=\"text-align: center\"><a href=\"http:\/\/online.cancaonova.com\/index.php?url=mms:\/\/wmsbr.webtvcn.com\/tvcn&amp;twi=TVCancaoNova\" target=\"_blank\"><strong>Acompanhe ao vivo<\/strong><\/a><\/h1>\n<p><strong><br \/>\n<\/strong><\/p>\n<div>\n<div>Em ocasi\u00e3o da Festa de\u00a0<em>Pentecostes<\/em>, pela primeira vez, a Fraternidade Cat\u00f3lica organiza um retiro e peregrina\u00e7\u00e3o na Terra Santa de 10 a 16 de junho no Audit\u00f3rio Instituto Pontif\u00edcio Notre Dame de Jerusal\u00e9m.<\/p>\n<p>Estar\u00e3o presentes v\u00e1rios l\u00edderes mundiais das Novas Comunidades de todo o mundo, entre eles:\u00a0o Arcebispo em\u00e9rito de S\u00e3o Salvador &#8211; Bahia, Cardeal Geraldo Majella Agnelo; bispo e secret\u00e1rio do Pontif\u00edcio Conselho para os Leigos, Dom Josef Clemens; bispo de Petr\u00f3polis &#8211; Rio de Janeiro, Dom Felippo Santoro;\u00a0fundador da Comunidade Can\u00e7\u00e3o Nova, monsenhor Jonas Abib;\u00a0presidente da Fraternidade Cat\u00f3lica, Matteo Calisi e o fundador da Associa\u00e7\u00e3o Escola de Evangeliza\u00e7\u00e3o Santo Andr\u00e9, Jos\u00e9 Prado Flores.<\/p>\n<\/div>\n<div>Est\u00e3o inscritos para o encontro mais de 500 participantes, entre It\u00e1lia, Brasil e Estados Unidos para invocar uma potente efus\u00e3o do Esp\u00edrito Santo.<\/div>\n<div><strong><br \/>\nUm novo Pentecostes universal!<\/strong><\/p>\n<p><strong> <\/strong><\/p>\n<\/div>\n<div>As celebra\u00e7\u00f5es\u00a0ser\u00e3o transmitidas pela TV Can\u00e7\u00e3o Nova.<\/div>\n<p><a href=\"http:\/\/blog.cancaonova.com\/redacao\/files\/2011\/06\/jerusalem-sunrise-644.jpg\"><br \/>\n<\/a><\/p>\n<\/div>\n<div><strong> <\/strong><\/p>\n<p><strong> <\/strong><strong> <\/strong><\/p>\n<\/div>\n","protected":false},"excerpt":{"rendered":"<p>Retiro e Peregrina\u00e7\u00e3o na Terra Santa Acompanhe ao vivo Em ocasi\u00e3o da Festa de\u00a0Pentecostes, pela primeira vez, a Fraternidade Cat\u00f3lica organiza um retiro e peregrina\u00e7\u00e3o na Terra Santa de 10 a 16 de junho no Audit\u00f3rio Instituto Pontif\u00edcio Notre Dame&#8230;<\/p>\n","protected":false},"author":1051,"featured_media":0,"comment_status":"open","ping_status":"open","sticky":false,"template":"","format":"standard","meta":{"_mi_skip_tracking":false,"_monsterinsights_sitenote_active":false,"_monsterinsights_sitenote_note":"","_monsterinsights_sitenote_category":0,"footnotes":""},"categories":[11841,19,32],"tags":[6351,18989,13031,2061,5271,18285],"_links":{"self":[{"href":"https:\/\/blog.cancaonova.com\/redacao\/wp-json\/wp\/v2\/posts\/7276"}],"collection":[{"href":"https:\/\/blog.cancaonova.com\/redacao\/wp-json\/wp\/v2\/posts"}],"about":[{"href":"https:\/\/blog.cancaonova.com\/redacao\/wp-json\/wp\/v2\/types\/post"}],"author":[{"embeddable":true,"href":"https:\/\/blog.cancaonova.com\/redacao\/wp-json\/wp\/v2\/users\/1051"}],"replies":[{"embeddable":true,"href":"https:\/\/blog.cancaonova.com\/redacao\/wp-json\/wp\/v2\/comments?post=7276"}],"version-history":[{"count":15,"href":"https:\/\/blog.cancaonova.com\/redacao\/wp-json\/wp\/v2\/posts\/7276\/revisions"}],"predecessor-version":[{"id":7279,"href":"https:\/\/blog.cancaonova.com\/redacao\/wp-json\/wp\/v2\/posts\/7276\/revisions\/7279"}],"wp:attachment":[{"href":"https:\/\/blog.cancaonova.com\/redacao\/wp-json\/wp\/v2\/media?parent=7276"}],"wp:term":[{"taxonomy":"category","embeddable":true,"href":"https:\/\/blog.cancaonova.com\/redacao\/wp-json\/wp\/v2\/categories?post=7276"},{"taxonomy":"post_tag","embeddable":true,"href":"https:\/\/blog.cancaonova.com\/redacao\/wp-json\/wp\/v2\/tags?post=7276"}],"curies":[{"name":"wp","href":"https:\/\/api.w.org\/{rel}","templated":true}]}}