{"id":7323,"date":"2011-06-30T14:06:19","date_gmt":"2011-06-30T17:06:19","guid":{"rendered":"http:\/\/blog.cancaonova.com\/redacao\/?p=7323"},"modified":"2012-07-24T14:13:09","modified_gmt":"2012-07-24T17:13:09","slug":"7323","status":"publish","type":"post","link":"https:\/\/blog.cancaonova.com\/redacao\/7323\/","title":{"rendered":"A ess\u00eancia da Mensagem de F\u00e1tima \u00e9 chamar a aten\u00e7\u00e3o dos homens  para o eterno"},"content":{"rendered":"<p>A Mensagem de F\u00e1tima \u00e9 um<strong> convite e uma escola de salva\u00e7\u00e3o<\/strong>. Foi iniciada pelo Anjo da Paz (1916) e completada por Nossa Senhora (1917). Foi vivida de maneira hist\u00f3rica pelos Tr\u00eas Pastorinhos \u2013 <strong>L\u00facia, Francisco e Jacinta.<\/strong><\/p>\n<p>Olhando para esta profecia Marcelo Pereira membro da Comunidade Can\u00e7\u00e3o Nova lan\u00e7a o livro <strong>\u201cO Grande Segredo de F\u00e1tima\u201d.<\/strong><\/p>\n<p><a href=\"http:\/\/blog.cancaonova.com\/redacao\/files\/2011\/06\/fatima13.jpg\"><img loading=\"lazy\" decoding=\"async\" class=\"size-full wp-image-7341 alignright\" src=\"http:\/\/blog.cancaonova.com\/redacao\/files\/2011\/06\/fatima13.jpg\" alt=\"\" width=\"180\" height=\"263\" \/><\/a><\/p>\n<p>Esta mensagem sublinha os seguintes pontos:<\/p>\n<p>&#8211; a convers\u00e3o permanente;<\/p>\n<p>&#8211; a ora\u00e7\u00e3o e nomeadamente o ros\u00e1rio,<\/p>\n<p>&#8211; o sentido da responsabilidade colectiva e a pr\u00e1tica da repara\u00e7\u00e3o.<\/p>\n<p>A aceita\u00e7\u00e3o desta mensagem traz consigo a Consagra\u00e7\u00e3o ao Cora\u00e7\u00e3o Imaculado de Maria, que \u00e9 s\u00edmbolo de um compromisso de fidelidade e de apostolado.<\/p>\n<p><strong>As ora\u00e7\u00f5es ensinadas em F\u00e1tima pelo Anjo e Nossa Senhora ajudam a viver a Mensagem, que, como disse Jo\u00e3o Paulo II, em F\u00e1tima em 1982, \u00e9 a convers\u00e3o e a viv\u00eancia na gra\u00e7a de Deus.<!--more--><br \/>\n<\/strong><\/p>\n<p>F\u00e1tima vem responder aos sofrimentos que coloca a Igreja em tempos de verdadeira persegui\u00e7\u00e3o.<\/p>\n<p>Na passagem do segundo para o terceiro mil\u00e9nio, o Papa Jo\u00e3o Paulo II decidiu tornar p\u00fablico o texto da terceira parte do \u00ab segredo de F\u00e1tima \u00bb.<\/p>\n<p>O Autor do livro Marcelo Pereira diz a respeito de sua obra liter\u00e1ria: <em>\u201cEstou lan\u00e7ando meu primeiro livro de espiritualidade contendo uma ampla reflex\u00e3o sobre a mensagem que Nossa Senhora nos deixou em F\u00e1tima.<\/em><\/p>\n<p><em>Ao que muitos pensam que o grande segredo de F\u00e1tima est\u00e1 resumido em algumas folhas de papel, onde a Irm\u00e3 L\u00facia descreveu em tr\u00eas partes o t\u00e3o pol\u00eamico segredo de F\u00e1tima, certamente <strong>poder\u00e1 estar muito longe de entender qual \u00e9 de fato o grande segredo de F\u00e1tima.<\/strong><\/em><\/p>\n<p><em>\u00c9 verdade que, a mensagem de Nossa Senhora guardado em segredo a pedido dela mesma, tem um valor fundamental dentro do contexto das apari\u00e7\u00f5es, por\u00e9m, o segredo por si s\u00f3, n\u00e3o revela toda a riqueza e a grandeza que est\u00e1 contido na espiritualidade que F\u00e1tima nos oferece, especialmente ao que diz respeito os tr\u00eas Pastorinhos.\u201d<\/em><\/p>\n<p><strong>O livro foi escrito no ano de 2005, por ocasi\u00e3o da morte da Irm\u00e3 L\u00facia.<\/strong><\/p>\n<p>O Grande Segredo de F\u00e1tima \u00e9 um livro profundamente hist\u00f3rico e atual ao mesmo tempo. <strong>\u00c9 um manual de devo\u00e7\u00e3o<\/strong>. S\u00e3o textos que nos conduz a contemplar com visibilidade momentos preciosos da hist\u00f3ria das apari\u00e7\u00f5es e todo o contexto de guerras que envolvia o Mundo.<\/p>\n<p><strong>Voc\u00ea pode ter este livro em suas m\u00e3os agora mesmo e s\u00f3 clicar <a href=\"http:\/\/img.cancaonova.com\/blog\/livros\/O_Grande_Segredo_de_Fatima.pdf\" target=\"_blank\">aqui<\/a><br \/>\n<\/strong><\/p>\n","protected":false},"excerpt":{"rendered":"<p>A Mensagem de F\u00e1tima \u00e9 um convite e uma escola de salva\u00e7\u00e3o. Foi iniciada pelo Anjo da Paz (1916) e completada por Nossa Senhora (1917). Foi vivida de maneira hist\u00f3rica pelos Tr\u00eas Pastorinhos \u2013 L\u00facia, Francisco e Jacinta. Olhando para&#8230;<\/p>\n","protected":false},"author":1051,"featured_media":0,"comment_status":"open","ping_status":"open","sticky":false,"template":"","format":"standard","meta":{"_mi_skip_tracking":false,"_monsterinsights_sitenote_active":false,"_monsterinsights_sitenote_note":"","_monsterinsights_sitenote_category":0,"footnotes":""},"categories":[32],"tags":[6351,16466,63266,45,23498],"_links":{"self":[{"href":"https:\/\/blog.cancaonova.com\/redacao\/wp-json\/wp\/v2\/posts\/7323"}],"collection":[{"href":"https:\/\/blog.cancaonova.com\/redacao\/wp-json\/wp\/v2\/posts"}],"about":[{"href":"https:\/\/blog.cancaonova.com\/redacao\/wp-json\/wp\/v2\/types\/post"}],"author":[{"embeddable":true,"href":"https:\/\/blog.cancaonova.com\/redacao\/wp-json\/wp\/v2\/users\/1051"}],"replies":[{"embeddable":true,"href":"https:\/\/blog.cancaonova.com\/redacao\/wp-json\/wp\/v2\/comments?post=7323"}],"version-history":[{"count":30,"href":"https:\/\/blog.cancaonova.com\/redacao\/wp-json\/wp\/v2\/posts\/7323\/revisions"}],"predecessor-version":[{"id":12429,"href":"https:\/\/blog.cancaonova.com\/redacao\/wp-json\/wp\/v2\/posts\/7323\/revisions\/12429"}],"wp:attachment":[{"href":"https:\/\/blog.cancaonova.com\/redacao\/wp-json\/wp\/v2\/media?parent=7323"}],"wp:term":[{"taxonomy":"category","embeddable":true,"href":"https:\/\/blog.cancaonova.com\/redacao\/wp-json\/wp\/v2\/categories?post=7323"},{"taxonomy":"post_tag","embeddable":true,"href":"https:\/\/blog.cancaonova.com\/redacao\/wp-json\/wp\/v2\/tags?post=7323"}],"curies":[{"name":"wp","href":"https:\/\/api.w.org\/{rel}","templated":true}]}}