{"id":7362,"date":"2011-07-06T14:12:54","date_gmt":"2011-07-06T17:12:54","guid":{"rendered":"http:\/\/blog.cancaonova.com\/redacao\/?p=7362"},"modified":"2011-08-02T10:10:53","modified_gmt":"2011-08-02T13:10:53","slug":"a-cancao-nova-esta-presente-na-expocatolica","status":"publish","type":"post","link":"https:\/\/blog.cancaonova.com\/redacao\/a-cancao-nova-esta-presente-na-expocatolica\/","title":{"rendered":"A Can\u00e7\u00e3o Nova est\u00e1 presente na ExpoCat\u00f3lica"},"content":{"rendered":"<p><a href=\"http:\/\/blog.cancaonova.com\/redacao\/files\/2011\/07\/expo.jpg\"><img loading=\"lazy\" decoding=\"async\" class=\"alignleft size-full wp-image-7363\" src=\"http:\/\/blog.cancaonova.com\/redacao\/files\/2011\/07\/expo.jpg\" alt=\"expocatolica cancaonova\" width=\"286\" height=\"300\" \/><\/a><\/p>\n<p>A <em>Can\u00e7\u00e3o Nova<\/em> est\u00e1 presente na <em>ExpoCat\u00f3lica<\/em>,\u00a0principal evento cat\u00f3lico do g\u00eanero e considerada a maior feira de neg\u00f3cios e servi\u00e7os religiosos da Am\u00e9rica Latina. A 8\u00aa edi\u00e7\u00e3o da feira acontece de 7 a 10 de julho, no centro de eventos Expocenter Norte, em S\u00e3o Paulo.<\/p>\n<p>O evento, realizado todos os anos com o objetivo de promover o mercado de livros e artigos religiosos, \u00e9 uma verdadeira vitrine, proporcionando aos expositores a divulga\u00e7\u00e3o e a consolida\u00e7\u00e3o de sua marca e de seus produtos com uma expressiva intera\u00e7\u00e3o com o mercado consumidor.<\/p>\n<p>No estande dessa obra de evangeliza\u00e7\u00e3o voc\u00ea poder\u00e1 conhecer os recentes lan\u00e7amentos da <a title=\"http:\/\/editora.cancaonova.com\/\" href=\"http:\/\/\" target=\"_blank\">Editora Can\u00e7\u00e3o Nova<\/a> e tamb\u00e9m\u00a0participar de\u00a0 algumas atra\u00e7\u00f5es no dia 9 de julho, como as apresenta\u00e7\u00f5es do <a href=\"http:\/\/blog.cancaonova.com\/cantinho\/2011\/06\/29\/expocatolica-2011\/\" target=\"_blank\">Cantinho da Crian\u00e7a<\/a>, da Banda Dom, Braiss Oss e Ricardo S\u00e1. Tamb\u00e9m haver\u00e1 shows com Sapo, Salette Ferreira e Eug\u00eanio Jorge no palco principal e aut\u00f3grafos no estande.<\/p>\n<p>No dia 10 de julho, os visitantes poder\u00e3o assistir, no palco principal,\u00a0 aos shows do <a href=\"http:\/\/blog.cancaonova.com\/amoreadoracao\/\" target=\"_blank\">Minist\u00e9rio Amor e Adora\u00e7\u00e3o<\/a>, Dunga e <a href=\"http:\/\/blog.cancaonova.com\/bandaconexa\/\" target=\"_blank\">Banda Conexa<\/a>. Al\u00e9m de participar de sess\u00f5es de aut\u00f3grafos com Dunga, Gabriel Chalita, integrantes da Banda Conexa, padre Roger Lu\u00eds e Minist\u00e9rio Amor e Adora\u00e7\u00e3o.<\/p>\n<p>Ainda no domingo (10), haver\u00e1 a celebra\u00e7\u00e3o da Santa Missa, que ser\u00e1 presidida pelo formador geral da Comunidade Can\u00e7\u00e3o Nova, padre Wagner Ferreira, e concelebrada pelo reitor do Centro de Evangeliza\u00e7\u00e3o Can\u00e7\u00e3o Nova, <a href=\"http:\/\/blog.cancaonova.com\/padrerogerluis\/\" target=\"_blank\">padre Roger Lu\u00eds<\/a>.<\/p>\n<p>Venha nos visitar:<\/p>\n<p><strong>ExpoCat\u00f3lica \u2013 Feira Internacional de Produtos e Servi\u00e7os Cat\u00f3licos<\/strong><\/p>\n<p><strong>Data: <\/strong>7 a 10\/07<\/p>\n<p><strong>Ingresso: <\/strong>Doa\u00e7\u00e3o de 1 kg de alimento n\u00e3o perec\u00edvel (exceto sal)<\/p>\n<p><strong>Local: <\/strong>Expocenter Norte (Pavilh\u00e3o Verde)<\/p>\n<p>Rua Jos\u00e9 Bernardo Pinto, 333 \u2013 S\u00e3o Paulo (SP)<\/p>\n<p><strong>Localiza\u00e7\u00e3o do estande da Can\u00e7\u00e3o Nova: <\/strong>Rua 3<\/p>\n","protected":false},"excerpt":{"rendered":"<p>A Can\u00e7\u00e3o Nova est\u00e1 presente na ExpoCat\u00f3lica,\u00a0principal evento cat\u00f3lico do g\u00eanero e considerada a maior feira de neg\u00f3cios e servi\u00e7os religiosos da Am\u00e9rica Latina. A 8\u00aa edi\u00e7\u00e3o da feira acontece de 7 a 10 de julho, no centro de eventos&#8230;<\/p>\n","protected":false},"author":1051,"featured_media":0,"comment_status":"open","ping_status":"open","sticky":false,"template":"","format":"standard","meta":{"_mi_skip_tracking":false,"_monsterinsights_sitenote_active":false,"_monsterinsights_sitenote_note":"","_monsterinsights_sitenote_category":0,"footnotes":""},"categories":[1351,1331,19,32],"tags":[6351,41649,6341,20462,751],"_links":{"self":[{"href":"https:\/\/blog.cancaonova.com\/redacao\/wp-json\/wp\/v2\/posts\/7362"}],"collection":[{"href":"https:\/\/blog.cancaonova.com\/redacao\/wp-json\/wp\/v2\/posts"}],"about":[{"href":"https:\/\/blog.cancaonova.com\/redacao\/wp-json\/wp\/v2\/types\/post"}],"author":[{"embeddable":true,"href":"https:\/\/blog.cancaonova.com\/redacao\/wp-json\/wp\/v2\/users\/1051"}],"replies":[{"embeddable":true,"href":"https:\/\/blog.cancaonova.com\/redacao\/wp-json\/wp\/v2\/comments?post=7362"}],"version-history":[{"count":8,"href":"https:\/\/blog.cancaonova.com\/redacao\/wp-json\/wp\/v2\/posts\/7362\/revisions"}],"predecessor-version":[{"id":7369,"href":"https:\/\/blog.cancaonova.com\/redacao\/wp-json\/wp\/v2\/posts\/7362\/revisions\/7369"}],"wp:attachment":[{"href":"https:\/\/blog.cancaonova.com\/redacao\/wp-json\/wp\/v2\/media?parent=7362"}],"wp:term":[{"taxonomy":"category","embeddable":true,"href":"https:\/\/blog.cancaonova.com\/redacao\/wp-json\/wp\/v2\/categories?post=7362"},{"taxonomy":"post_tag","embeddable":true,"href":"https:\/\/blog.cancaonova.com\/redacao\/wp-json\/wp\/v2\/tags?post=7362"}],"curies":[{"name":"wp","href":"https:\/\/api.w.org\/{rel}","templated":true}]}}