{"id":7460,"date":"2011-07-18T11:21:16","date_gmt":"2011-07-18T14:21:16","guid":{"rendered":"http:\/\/blog.cancaonova.com\/redacao\/?p=7460"},"modified":"2011-07-18T12:56:20","modified_gmt":"2011-07-18T15:56:20","slug":"7%c2%b0-mutirao-brasileiro-de-comunicacao","status":"publish","type":"post","link":"https:\/\/blog.cancaonova.com\/redacao\/7%c2%b0-mutirao-brasileiro-de-comunicacao\/","title":{"rendered":"7\u00b0 Mutir\u00e3o Brasileiro de Comunica\u00e7\u00e3o"},"content":{"rendered":"<p>O Mutir\u00e3o da Comunica\u00e7\u00e3o (<span style=\"color: #0000ff\"><a href=\"http:\/\/www.flickr.com\/photos\/cancaonova\/collections\/72157627094196875\/\"><span style=\"text-decoration: underline\">MutiCom<\/span><\/a><\/span>), \u00e9 um evento que existe deste 1998, promovido pela CNBB (Confer\u00eancia Nacional dos Bispos do Brasil).<\/p>\n<p>Neste ano o evento acontece na cidade do Rio de Janeiro-RJ, no campos da Puc-Rio e conta com presen\u00e7as especiais tais como Dom Cl\u00e1udio Maria Celli, presidente do Pontif\u00edcio Conselho para as Comunica\u00e7\u00f5es Sociais no Vaticano e Monsenhor Dario Vigan\u00f2<em> <\/em>, professor da Pontif\u00edcia Universidade Lateranense de Roma. O tema do 7\u00b0 MutiCom \u00e9: &#8220;Comunica\u00e7\u00e3o e vida: diversidade e mobilidade&#8221;, que tem como objetivo motivar as comunidades brasileiras a refletirem sobre a comunica\u00e7\u00e3o relacionada com a vida cotidiana e suas express\u00f5es que acolhem a diversidade da sociedade e as mobilidades na cultura contempor\u00e2nea.<\/p>\n<p>O MutiCom iniciou com a Santa Missa presidida por Dom Cl\u00e1udio Maria Celli e abertura solene no gin\u00e1sio da PUC-Rio.<\/p>\n<p><a href=\"http:\/\/blog.cancaonova.com\/redacao\/files\/2011\/07\/5948370394_1759c33ac8_b.jpg\"><img loading=\"lazy\" decoding=\"async\" class=\"aligncenter size-full wp-image-7461\" src=\"http:\/\/blog.cancaonova.com\/redacao\/files\/2011\/07\/5948370394_1759c33ac8_b.jpg\" alt=\"Santa Missa presidida por Dom Cl\u00e1udio Maria Celli\" width=\"559\" height=\"418\" srcset=\"https:\/\/blog.cancaonova.com\/redacao\/files\/2011\/07\/5948370394_1759c33ac8_b.jpg 800w, https:\/\/blog.cancaonova.com\/redacao\/files\/2011\/07\/5948370394_1759c33ac8_b-300x225.jpg 300w\" sizes=\"(max-width: 559px) 100vw, 559px\" \/><\/a><\/p>\n<p><a href=\"http:\/\/blog.cancaonova.com\/redacao\/files\/2011\/07\/5948370846_47b49c95c8_b.jpg\"><img loading=\"lazy\" decoding=\"async\" class=\"aligncenter size-full wp-image-7462\" src=\"http:\/\/blog.cancaonova.com\/redacao\/files\/2011\/07\/5948370846_47b49c95c8_b.jpg\" alt=\"\" width=\"560\" height=\"419\" srcset=\"https:\/\/blog.cancaonova.com\/redacao\/files\/2011\/07\/5948370846_47b49c95c8_b.jpg 800w, https:\/\/blog.cancaonova.com\/redacao\/files\/2011\/07\/5948370846_47b49c95c8_b-300x225.jpg 300w\" sizes=\"(max-width: 560px) 100vw, 560px\" \/><\/a><\/p>\n","protected":false},"excerpt":{"rendered":"<p>O Mutir\u00e3o da Comunica\u00e7\u00e3o (MutiCom), \u00e9 um evento que existe deste 1998, promovido pela CNBB (Confer\u00eancia Nacional dos Bispos do Brasil). Neste ano o evento acontece na cidade do Rio de Janeiro-RJ, no campos da Puc-Rio e conta com presen\u00e7as&#8230;<\/p>\n","protected":false},"author":1051,"featured_media":0,"comment_status":"open","ping_status":"open","sticky":false,"template":"","format":"standard","meta":{"_mi_skip_tracking":false,"_monsterinsights_sitenote_active":false,"_monsterinsights_sitenote_note":"","_monsterinsights_sitenote_category":0,"footnotes":""},"categories":[1351,19,32],"tags":[5011,6351,178141,63272],"_links":{"self":[{"href":"https:\/\/blog.cancaonova.com\/redacao\/wp-json\/wp\/v2\/posts\/7460"}],"collection":[{"href":"https:\/\/blog.cancaonova.com\/redacao\/wp-json\/wp\/v2\/posts"}],"about":[{"href":"https:\/\/blog.cancaonova.com\/redacao\/wp-json\/wp\/v2\/types\/post"}],"author":[{"embeddable":true,"href":"https:\/\/blog.cancaonova.com\/redacao\/wp-json\/wp\/v2\/users\/1051"}],"replies":[{"embeddable":true,"href":"https:\/\/blog.cancaonova.com\/redacao\/wp-json\/wp\/v2\/comments?post=7460"}],"version-history":[{"count":14,"href":"https:\/\/blog.cancaonova.com\/redacao\/wp-json\/wp\/v2\/posts\/7460\/revisions"}],"predecessor-version":[{"id":7472,"href":"https:\/\/blog.cancaonova.com\/redacao\/wp-json\/wp\/v2\/posts\/7460\/revisions\/7472"}],"wp:attachment":[{"href":"https:\/\/blog.cancaonova.com\/redacao\/wp-json\/wp\/v2\/media?parent=7460"}],"wp:term":[{"taxonomy":"category","embeddable":true,"href":"https:\/\/blog.cancaonova.com\/redacao\/wp-json\/wp\/v2\/categories?post=7460"},{"taxonomy":"post_tag","embeddable":true,"href":"https:\/\/blog.cancaonova.com\/redacao\/wp-json\/wp\/v2\/tags?post=7460"}],"curies":[{"name":"wp","href":"https:\/\/api.w.org\/{rel}","templated":true}]}}