{"id":7501,"date":"2011-07-20T10:37:26","date_gmt":"2011-07-20T13:37:26","guid":{"rendered":"http:\/\/blog.cancaonova.com\/redacao\/?p=7501"},"modified":"2011-07-20T11:42:01","modified_gmt":"2011-07-20T14:42:01","slug":"atividades-no-muticom-2011","status":"publish","type":"post","link":"https:\/\/blog.cancaonova.com\/redacao\/atividades-no-muticom-2011\/","title":{"rendered":"Atividades no MutiCom 2011"},"content":{"rendered":"<p>O Mutir\u00e3o Brasileiro de Comunica\u00e7\u00e3o, o MutiCom, conta com diversas atividades, dentre elas as oficinas que acontecem simultaneamente no per\u00edodo da tarde.<\/p>\n<p>Na tarde da \u00faltima ter\u00e7a-feira (19), aconteceu a primeira oficina da <span style=\"text-decoration: underline\"><span style=\"color: #0000ff\"><a href=\"http:\/\/cancaonova.com\">Can\u00e7\u00e3o Nova<\/a><\/span><\/span>, que foi ministrada por <a href=\"http:\/\/noticias.cancaonova.com\/noticia.php?id=282723\">Gustavo Henrique Borges<\/a>, membro da Comunidade Can\u00e7\u00e3o Nova. O assunto tratado por ele foi: &#8220;Social Media&#8221;. As outras oficinas ministradas nesse per\u00edodo foram as seguintes: Cineclube; R\u00e1dio comunit\u00e1ria democratizando a Comunica\u00e7\u00e3o e a Sociedade; Assessoria de Imprensa; Blogs, Sites, Portais; Media Training; Publicidade e Propaganda; T\u00e9cnicas de locu\u00e7\u00e3o em r\u00e1dio; Terceiro Setor e os Meios de Comunica\u00e7\u00e3o Social; Texto jornal\u00edstico; Workshop vocal; A comunica\u00e7\u00e3o feita pelo escrit\u00f3rio paroquial; Planejamento Executivo de Shows e Eventos Cat\u00f3licos; Uma revista a servi\u00e7o da Igreja na era da comunica\u00e7\u00e3o; Estrat\u00e9gias comunicativas nos Profetas do Antigo Testamento; Igueja Cat\u00f3lica e Comunica\u00e7\u00e3o Social: balan\u00e7os e desafios; Leitura interativa da B\u00edblia; Mobilidade Religiosa e a\u00e7\u00e3o pastoral e Workshop de \u00c1udio.<\/p>\n<p><a href=\"http:\/\/blog.cancaonova.com\/redacao\/files\/2011\/07\/DSC033792.jpg\"><img loading=\"lazy\" decoding=\"async\" class=\"aligncenter size-full wp-image-7506\" src=\"http:\/\/blog.cancaonova.com\/redacao\/files\/2011\/07\/DSC033792.jpg\" alt=\"\" width=\"574\" height=\"430\" srcset=\"https:\/\/blog.cancaonova.com\/redacao\/files\/2011\/07\/DSC033792.jpg 800w, https:\/\/blog.cancaonova.com\/redacao\/files\/2011\/07\/DSC033792-300x225.jpg 300w\" sizes=\"(max-width: 574px) 100vw, 574px\" \/><\/a><\/p>\n<p>O encontro tamb\u00e9m oferece Santa Missa di\u00e1ria, ora\u00e7\u00e3o do Angelus direto do Cristo Redentor, ora\u00e7\u00e3o das Laudes e V\u00e9speras, e atividades culturais no per\u00edodo da noite.<\/p>\n<p>Hoje, quarta-feira (20), ser\u00e3o entregues os Pr\u00eamios de Comunica\u00e7\u00e3o da Confer\u00eancia Nacional dos Bispos do Brasil (CNBB). A premia\u00e7\u00e3o reconhece o m\u00e9rito dos profissionais e meios de comunica\u00e7\u00e3o social cujas produ\u00e7\u00f5es contenham valores humanos, crist\u00e3os e \u00e9ticos, bem como uma linguagem art\u00edstica e t\u00e9cnica de qualidade. Os trabalhos contemplados nas \u00e1reas de Cinema \u2013 Pr\u00eamio Margarida de Prata; R\u00e1dio \u2013 Pr\u00eamio Microfone de Prata; Impresso \u2013 Pr\u00eamio Dom Helder C\u00e2mara de Imprensa; e Televis\u00e3o \u2013 Pr\u00eamio Clara de Assis j\u00e1 foram escolhidos pela comiss\u00e3o julgadora. A cerim\u00f4nia de entrega contar\u00e1 com a presen\u00e7a de padre F\u00e1bio de Melo e ser\u00e1 no Gin\u00e1sio da PUC-Rio.<\/p>\n<p><a href=\"http:\/\/blog.cancaonova.com\/redacao\/files\/2011\/07\/1249945960_3378784af2_o1.jpg\"><img loading=\"lazy\" decoding=\"async\" class=\"aligncenter size-full wp-image-7508\" src=\"http:\/\/blog.cancaonova.com\/redacao\/files\/2011\/07\/1249945960_3378784af2_o1.jpg\" alt=\"\" width=\"562\" height=\"421\" srcset=\"https:\/\/blog.cancaonova.com\/redacao\/files\/2011\/07\/1249945960_3378784af2_o1.jpg 1024w, https:\/\/blog.cancaonova.com\/redacao\/files\/2011\/07\/1249945960_3378784af2_o1-300x225.jpg 300w\" sizes=\"(max-width: 562px) 100vw, 562px\" \/><\/a><\/p>\n","protected":false},"excerpt":{"rendered":"<p>O Mutir\u00e3o Brasileiro de Comunica\u00e7\u00e3o, o MutiCom, conta com diversas atividades, dentre elas as oficinas que acontecem simultaneamente no per\u00edodo da tarde. Na tarde da \u00faltima ter\u00e7a-feira (19), aconteceu a primeira oficina da Can\u00e7\u00e3o Nova, que foi ministrada por Gustavo&#8230;<\/p>\n","protected":false},"author":1051,"featured_media":0,"comment_status":"open","ping_status":"open","sticky":false,"template":"","format":"standard","meta":{"_mi_skip_tracking":false,"_monsterinsights_sitenote_active":false,"_monsterinsights_sitenote_note":"","_monsterinsights_sitenote_category":0,"footnotes":""},"categories":[1351,19,32],"tags":[5011,6351,63272,63273],"_links":{"self":[{"href":"https:\/\/blog.cancaonova.com\/redacao\/wp-json\/wp\/v2\/posts\/7501"}],"collection":[{"href":"https:\/\/blog.cancaonova.com\/redacao\/wp-json\/wp\/v2\/posts"}],"about":[{"href":"https:\/\/blog.cancaonova.com\/redacao\/wp-json\/wp\/v2\/types\/post"}],"author":[{"embeddable":true,"href":"https:\/\/blog.cancaonova.com\/redacao\/wp-json\/wp\/v2\/users\/1051"}],"replies":[{"embeddable":true,"href":"https:\/\/blog.cancaonova.com\/redacao\/wp-json\/wp\/v2\/comments?post=7501"}],"version-history":[{"count":14,"href":"https:\/\/blog.cancaonova.com\/redacao\/wp-json\/wp\/v2\/posts\/7501\/revisions"}],"predecessor-version":[{"id":7515,"href":"https:\/\/blog.cancaonova.com\/redacao\/wp-json\/wp\/v2\/posts\/7501\/revisions\/7515"}],"wp:attachment":[{"href":"https:\/\/blog.cancaonova.com\/redacao\/wp-json\/wp\/v2\/media?parent=7501"}],"wp:term":[{"taxonomy":"category","embeddable":true,"href":"https:\/\/blog.cancaonova.com\/redacao\/wp-json\/wp\/v2\/categories?post=7501"},{"taxonomy":"post_tag","embeddable":true,"href":"https:\/\/blog.cancaonova.com\/redacao\/wp-json\/wp\/v2\/tags?post=7501"}],"curies":[{"name":"wp","href":"https:\/\/api.w.org\/{rel}","templated":true}]}}