{"id":7541,"date":"2011-07-26T09:29:32","date_gmt":"2011-07-26T12:29:32","guid":{"rendered":"http:\/\/blog.cancaonova.com\/redacao\/?p=7541"},"modified":"2011-07-26T15:07:03","modified_gmt":"2011-07-26T18:07:03","slug":"ele-e-chamado-de-%e2%80%9co-padre-cigano%e2%80%9d-por-causa-da-missao-que-realiza","status":"publish","type":"post","link":"https:\/\/blog.cancaonova.com\/redacao\/ele-e-chamado-de-%e2%80%9co-padre-cigano%e2%80%9d-por-causa-da-missao-que-realiza\/","title":{"rendered":"Ele \u00e9 chamado de 'o padre cigano' por causa da miss\u00e3o que realiza"},"content":{"rendered":"<p><a href=\"http:\/\/blog.cancaonova.com\/redacao\/files\/2011\/07\/padre1.jpg\"><img loading=\"lazy\" decoding=\"async\" class=\"alignleft size-full wp-image-7552\" src=\"http:\/\/blog.cancaonova.com\/redacao\/files\/2011\/07\/padre1.jpg\" alt=\"\" width=\"370\" height=\"250\" srcset=\"https:\/\/blog.cancaonova.com\/redacao\/files\/2011\/07\/padre1.jpg 370w, https:\/\/blog.cancaonova.com\/redacao\/files\/2011\/07\/padre1-300x202.jpg 300w\" sizes=\"(max-width: 370px) 100vw, 370px\" \/><\/a>Passou pela Can\u00e7\u00e3o Nova padre Walace Zanon, diretor executivo da Pastoral dos N\u00f4mades.<\/p>\n<p>Essa pastoral foi criada no Brasil h\u00e1 25 anos e engloba o trabalho com ciganos, circenses (profissionais do circo) e parquistas (parques itinerantes).<\/p>\n<p>O Papa Bento XVI recebeu, no dia 11 de junho, cerca de 1.300 ciganos na Sala Paulo VI, na peregrina\u00e7\u00e3o a Roma por ocasi\u00e3o dos 75 anos do mart\u00edrio do<a href=\"http:\/\/www.pastoraldosnomades.org.br\/site\/nossopadroeiro.html\"> <strong>Cigano Zeferino Gimenez<\/strong>:<\/a> \u201cO Papa est\u00e1 perto de cada um de voc\u00eas e os recorda em suas ora\u00e7\u00f5es!\u201d<\/p>\n<p>Seguindo esta inspira\u00e7\u00e3o da Igreja, direcionada pelo Conselho Pontif\u00edcio da Pastoral para os Migrantes e Itinerantes, padre Walace conta com um grupo de 30 pessoas que comp\u00f5em a Pastoral dos\u00a0 N\u00f4mades:<\/p>\n<p>\u201cSomos poucos e trabalhamos com quase um milh\u00e3o de pessoas,\u00a0 infelizmente, nosso trabalho ainda \u00e9 limitado, por\u00e9m, isso <strong>n\u00e3o diminui o desejo de que a Igreja seja presen\u00e7a no meio deles<\/strong>, os assistimos com a prega\u00e7\u00e3o do Evangelho e a celebra\u00e7\u00e3o dos sacramentos.\u201d<\/p>\n<p>Em \u00e2mbito social a Confer\u00eancia Nacional dos Bispos do Brasil (CNBB) criou uma parceria com a Secretaria Especial dos Direitos Humanos: \u201cH\u00e1 a necessidade de reconhecer seus [ciganos e demais povos n\u00f4mades] direitos e deveres e <strong>de serem considerados como cidad\u00e3os brasileiros<\/strong>, mesmo tendo uma cultura diferente e uma l\u00edngua pr\u00f3pria\u201d, afirma o sacerdote.<\/p>\n<p>A miss\u00e3o da pastoral \u00e9 levar a Palavra de Deus e os sacramentos a esse povo.<\/p>\n<p>Padre Walace testemunha sua longa experi\u00eancia com essa realidade: \u201cJ\u00e1 tem 17 anos que trabalho com esta pastoral, morei 4 anos com os ciganos, fiz a experi\u00eancia concreta com este povo, me doo<em> <\/em>por esta miss\u00e3o, pois a<strong> Igreja como m\u00e3e vai ao encontro de todos os filhos<\/strong> e sou lisonjeado por trabalhar com essa realidade\u201d.<\/p>\n<p>Ele \u00e9 chamado de <strong>\u201co padre cigano\u201d<\/strong> por causa da miss\u00e3o que realiza: \u201cEstou visitando os ciganos por este tempo, sou n\u00f4made tamb\u00e9m, minha p\u00e1tria \u00e9 onde precisam de mim.\u201d<\/p>\n<p><a href=\"http:\/\/blog.cancaonova.com\/redacao\/files\/2011\/07\/ciganos.jpg\"><img loading=\"lazy\" decoding=\"async\" class=\"aligncenter size-full wp-image-7555\" src=\"http:\/\/blog.cancaonova.com\/redacao\/files\/2011\/07\/ciganos.jpg\" alt=\"\" width=\"370\" height=\"250\" srcset=\"https:\/\/blog.cancaonova.com\/redacao\/files\/2011\/07\/ciganos.jpg 370w, https:\/\/blog.cancaonova.com\/redacao\/files\/2011\/07\/ciganos-300x202.jpg 300w\" sizes=\"(max-width: 370px) 100vw, 370px\" \/><\/a><\/p>\n<p>O sacerdote tamb\u00e9m recorda o preconceito sofrido pelos ciganos: \u201cTalvez as pessoas n\u00e3o tenham conhecimento, mas este povo foi massacrado na \u00e9poca da Segunda Guerra mundial, <strong>foram mais de 250.000 ciganos mortos durante o holocausto<\/strong>.\u201d<\/p>\n<p>Padre Walace lan\u00e7a um desafio: &#8220;Temos que quebrar os preconceitos, pois preconceito \u00e9 pecado. \u00c9 preciso ir al\u00e9m e conhecermos a cultura desse povo. No geral, os n\u00f4mades acolhem com muito respeito a Igreja e conservam uma linda experi\u00eancia de fam\u00edlia. Enfim, s\u00e3o pessoas com muitos valores e que n\u00e3o s\u00e3o conhecidas por muitos. Eu sugiro: v\u00e1 at\u00e9 eles e reze o ter\u00e7o. <strong>Eu desafio voc\u00ea a sair do seu lugar e ir ao encontro do diferente\u201d.<\/strong><\/p>\n<p>Se voc\u00ea quer conhecer melhor a miss\u00e3o da Pastoral dos N\u00f4mades no Brasil, <strong><span style=\"color: #0000ff\"><a href=\"http:\/\/www.pastoraldosnomades.org.br\/site\/\">clique aqui.<\/a><\/span><\/strong><\/p>\n<p><em>Veja tamb\u00e9m:<\/em> <strong>Arcebispo respons\u00e1vel pelo setor da Mobilidade Humana da CNBB reflete sobre a realidade dos N\u00f4mades do Brasil.<\/strong><\/p>\n<p><object classid=\"d27cdb6e-ae6d-11cf-96b8-444553540000\" width=\"430\" height=\"300\"><param name=\"allowFullScreen\" value=\"true\" \/><param name=\"allowscriptaccess\" value=\"always\" \/><param name=\"src\" value=\"http:\/\/www.youtube.com\/v\/BRuS1hl_WJw?version=3&amp;hl=pt_BR&amp;rel=0\" \/><param name=\"allowfullscreen\" value=\"true\" \/><embed type=\"application\/x-shockwave-flash\" width=\"430\" height=\"300\" src=\"http:\/\/www.youtube.com\/v\/BRuS1hl_WJw?version=3&amp;hl=pt_BR&amp;rel=0\" allowscriptaccess=\"always\" allowfullscreen=\"true\"><\/embed><\/object><\/p>\n","protected":false},"excerpt":{"rendered":"<p>Passou pela Can\u00e7\u00e3o Nova padre Walace Zanon, diretor executivo da Pastoral dos N\u00f4mades. Essa pastoral foi criada no Brasil h\u00e1 25 anos e engloba o trabalho com ciganos, circenses (profissionais do circo) e parquistas (parques itinerantes). O Papa Bento XVI&#8230;<\/p>\n","protected":false},"author":1051,"featured_media":0,"comment_status":"open","ping_status":"open","sticky":false,"template":"","format":"standard","meta":{"_mi_skip_tracking":false,"_monsterinsights_sitenote_active":false,"_monsterinsights_sitenote_note":"","_monsterinsights_sitenote_category":0,"footnotes":""},"categories":[32],"tags":[6351,63277,7041,63278,63279],"_links":{"self":[{"href":"https:\/\/blog.cancaonova.com\/redacao\/wp-json\/wp\/v2\/posts\/7541"}],"collection":[{"href":"https:\/\/blog.cancaonova.com\/redacao\/wp-json\/wp\/v2\/posts"}],"about":[{"href":"https:\/\/blog.cancaonova.com\/redacao\/wp-json\/wp\/v2\/types\/post"}],"author":[{"embeddable":true,"href":"https:\/\/blog.cancaonova.com\/redacao\/wp-json\/wp\/v2\/users\/1051"}],"replies":[{"embeddable":true,"href":"https:\/\/blog.cancaonova.com\/redacao\/wp-json\/wp\/v2\/comments?post=7541"}],"version-history":[{"count":34,"href":"https:\/\/blog.cancaonova.com\/redacao\/wp-json\/wp\/v2\/posts\/7541\/revisions"}],"predecessor-version":[{"id":7605,"href":"https:\/\/blog.cancaonova.com\/redacao\/wp-json\/wp\/v2\/posts\/7541\/revisions\/7605"}],"wp:attachment":[{"href":"https:\/\/blog.cancaonova.com\/redacao\/wp-json\/wp\/v2\/media?parent=7541"}],"wp:term":[{"taxonomy":"category","embeddable":true,"href":"https:\/\/blog.cancaonova.com\/redacao\/wp-json\/wp\/v2\/categories?post=7541"},{"taxonomy":"post_tag","embeddable":true,"href":"https:\/\/blog.cancaonova.com\/redacao\/wp-json\/wp\/v2\/tags?post=7541"}],"curies":[{"name":"wp","href":"https:\/\/api.w.org\/{rel}","templated":true}]}}