{"id":7651,"date":"2011-08-02T13:32:32","date_gmt":"2011-08-02T16:32:32","guid":{"rendered":"http:\/\/blog.cancaonova.com\/redacao\/?p=7651"},"modified":"2012-08-21T10:39:58","modified_gmt":"2012-08-21T13:39:58","slug":"vocacao-as-profissoes-de-ti-que-auxiliam-na-evangelizacao","status":"publish","type":"post","link":"https:\/\/blog.cancaonova.com\/redacao\/vocacao-as-profissoes-de-ti-que-auxiliam-na-evangelizacao\/","title":{"rendered":"Profiss\u00f5es de TI que auxiliam na evangeliza\u00e7\u00e3o"},"content":{"rendered":"<p>Voc\u00ea, quando ouve falar em evangeliza\u00e7\u00e3o e nos principais respons\u00e1veis por ela, logo j\u00e1 pensa em padres, di\u00e1conos, mission\u00e1rios, religiosos, entre outros? Bem, voc\u00ea n\u00e3o deixa de ter raz\u00e3o. Mas, podemos mostrar um pouco mais desse cen\u00e1rio.<\/p>\n<p><a rel=\"attachment wp-att-12941\" href=\"http:\/\/blog.cancaonova.com\/redacao\/vocacao-as-profissoes-de-ti-que-auxiliam-na-evangelizacao\/profissionais\/\"><img loading=\"lazy\" decoding=\"async\" class=\"alignleft size-full wp-image-12941\" title=\"Profiss\u00f5es de TI que evangelizam\" src=\"http:\/\/blog.cancaonova.com\/redacao\/files\/2011\/08\/profissionais.jpg\" alt=\"Profiss\u00f5es de TI que evangelizam\" width=\"333\" height=\"225\" srcset=\"https:\/\/blog.cancaonova.com\/redacao\/files\/2011\/08\/profissionais.jpg 370w, https:\/\/blog.cancaonova.com\/redacao\/files\/2011\/08\/profissionais-300x202.jpg 300w\" sizes=\"(max-width: 333px) 100vw, 333px\" \/><\/a>Hoje em dia, a evangeliza\u00e7\u00e3o acontece com a ajuda de meios bem menos usuais do que era costume. A tecnologia ganhou, e continua ganhando, cada vez mais destaque na divulga\u00e7\u00e3o do Evangelho. E n\u00e3o estamos falando apenas das ferramentas utilizadas por ela. Tamb\u00e9m podemos colocar nesse cen\u00e1rio os profissionais dessa \u00e1rea, que se especializaram nesse campo e hoje trabalham em favor da evangeliza\u00e7\u00e3o.<\/p>\n<p><strong>Analista de m\u00eddias sociais:<\/strong> \u00e9 uma das profiss\u00f5es criadas com o advento da web 2.0. Esse profissional precisa intermediar as intera\u00e7\u00f5es da marca com redes sociais, blogs, f\u00f3runs e outras m\u00eddias. Al\u00e9m de ser capaz de mensurar campanhas e a presen\u00e7a da marca no mundo virtual, por isso tem papel fundamental na evangeliza\u00e7\u00e3o fazendo uso dos novos meios de comunica\u00e7\u00e3o, como a internet e demais meios tecnol\u00f3gicos. Ele \u00e9 respons\u00e1vel, muitas vezes, por fazer a liga\u00e7\u00e3o entre a institui\u00e7\u00e3o religiosa e os fi\u00e9is. No caso da Can\u00e7\u00e3o Nova, eles s\u00e3o respons\u00e1veis por interagir nas m\u00eddias, como <strong><a href=\"http:\/\/www.facebook.com\/cancaonova\" target=\"_blank\">Facebook<\/a><\/strong>, <strong><a href=\"http:\/\/twitter.com\/#!\/cancaonova\">Twitter<\/a><\/strong> e <strong><a href=\"http:\/\/portalcancaonova.tumblr.com\/\" target=\"_blank\">Tumblr<\/a><\/strong>.<\/p>\n<p><strong>Analista de novas tecnologias:<\/strong> esse profissional precisa atualizar-se constantemente, de forma a estar por dentro das novidades do mundo tecnol\u00f3gico e ser capaz de estudar a viabilidade da implementa\u00e7\u00e3o dessas ferramentas dentro da empresa. Na Can\u00e7\u00e3o Nova eles s\u00e3o respons\u00e1veis por muitos dos novos recursos dos quais os usu\u00e1rios usufruem. Geralmente, trabalham em parceria com os analistas de m\u00eddias sociais e implementam novas ferramentas, principalmente nas m\u00eddias.<\/p>\n<p><strong>Produtor de conte\u00fado:<\/strong> com a crescente quantidade de informa\u00e7\u00e3o dispon\u00edvel na internet, essa profiss\u00e3o \u00e9 cada vez mais valorizada no mercado, pois n\u00e3o \u00e9 mais suficiente apenas haver muita informa\u00e7\u00e3o; esta precisa ter com qualidade. Produzir conte\u00fado relevante \u00e9 a principal tarefa desse profissional. Na Can\u00e7\u00e3o Nova ele \u00e9 respons\u00e1vel pela produ\u00e7\u00e3o de conte\u00fado para os v\u00e1rios canais que o <a href=\"http:\/\/cancaonova.com\"><strong>Portal CN<\/strong><\/a> possui, al\u00e9m de realizar a cobertura de acampamentos, aprofundamentos e eventos da Igreja.<\/p>\n<p><strong>Programador: <\/strong>respons\u00e1vel pelo desenvolvimento de aplicativos e sistemas inteiros. Seu trabalho \u00e9 essencial na manuten\u00e7\u00e3o e atualiza\u00e7\u00e3o de ferramentas corporativas de trabalho. Na Can\u00e7\u00e3o Nova, o Departamento de Tecnologia da Informa\u00e7\u00e3o (TI)\u00a0 possui tr\u00eas \u00e1reas nas quais eles atuam: o Desenvolvimento, setor no qual s\u00e3o produzidos aplicativos para web e desktop. Os Games, setor respons\u00e1vel por utilizar a realidade dos jogos para auxiliar na evangeliza\u00e7\u00e3o. E o mais recente deles \u00e9 o Mobile, cuja equipe trabalha no desenvolvimento de aplicativos para plataforma mobile (smartphones, tablets, et.c), os trabalhos mais recentes desse setor s\u00e3o os aplicativos <a href=\"http:\/\/m.cancaonova.com\/mobile\/?p=1\" target=\"_blank\"><strong>Mapa Cat\u00f3lico<\/strong><\/a> e <a href=\"http:\/\/m.cancaonova.com\/mobile\/?p=112\" target=\"_blank\"><strong>R\u00e1dio CN FM<\/strong><\/a>.<\/p>\n<p>A inten\u00e7\u00e3o \u00e9 mostrar que, por mais distintas que as profiss\u00f5es sejam, todas podem exercer papel fundamental na evangeliza\u00e7\u00e3o, cada uma na sua \u00e1rea de atua\u00e7\u00e3o. Para que isso ocorra, \u00e9 essencial a colabora\u00e7\u00e3o e coopera\u00e7\u00e3o entre as diferentes \u00e1reas, pois as m\u00eddias, que hoje s\u00e3o respons\u00e1veis por informar, possuem grande poder penetra\u00e7\u00e3o e persuas\u00e3o, mas precisam de profissionais comprometidos com a miss\u00e3o de propagar o Evangelho de Cristo para que sejam utilizadas de forma correta.<\/p>\n<div style=\"width: 1px; height: 1px; overflow: hidden;\">\n<p class=\"western\" style=\"margin-bottom: 0cm;\">\n<p class=\"western\" style=\"margin-bottom: 0cm;\">Hoje em dia, a evangeliza\u00e7\u00e3o acontece atrav\u00e9s de meios bem menos ortodoxos do que era costume. A tecnologia ganhou, e continuam ganhando, cada vez mais destaque na evangeliza\u00e7\u00e3o.<\/p>\n<p class=\"western\" style=\"margin-bottom: 0cm;\">\n<p class=\"western\" style=\"margin-bottom: 0cm;\">E n\u00e3o estamos falando apenas das ferramentas que ela nos proporciona. Tamb\u00e9m podemos colocar nesse cen\u00e1rios os profissionais da \u00e1rea, que especializaram-se, e hoje trabalham a favor da evangeliza\u00e7\u00e3o.<\/p>\n<p class=\"western\" style=\"margin-bottom: 0cm;\">\n<p class=\"western\" style=\"margin-bottom: 0cm;\"><strong>Analista de M\u00eddias Sociais:<\/strong> foi uma das profiss\u00f5es que surgiram com o advento da web 2.0. Esse profissional precisa intermediar as intera\u00e7\u00f5es da marca com redes sociais, blogs, f\u00f3runs e outras m\u00eddias. Al\u00e9m de ser capaz de mensurar campanhas e a presen\u00e7a da marca no cen\u00e1rio on-line. Ele tem papel fundamental na evangeliza\u00e7\u00e3o atrav\u00e9s dos novos meios de comunica\u00e7\u00e3o, como a internet, ele \u00e9 respons\u00e1vel, muitas vezes, por fazer a liga\u00e7\u00e3o entre a institui\u00e7\u00e3o religiosa e o povo. No caso da Can\u00e7\u00e3o Nova, s\u00e3o eles os respons\u00e1veis por interagir nas m\u00eddias como, Facebook, Twitter e Tumblr.<\/p>\n<p class=\"western\" style=\"margin-bottom: 0cm;\">\n<p class=\"western\" style=\"margin-bottom: 0cm;\"><strong>Analista de Novas Tecnologias:<\/strong> esse profissional precisa estar em constante atualiza\u00e7\u00e3o. Deve estar por dentro das novidades do mundo da tecnologia e ser capaz de estudar a viabilidade da implementa\u00e7\u00e3o das mesmas dentro da empresa. Na Can\u00e7\u00e3o Nova eles s\u00e3o respons\u00e1veis por muitos dos novos recursos que os usu\u00e1rios usufruem. Geralmente, trabalham em parceria com os Analistas de M\u00eddias Sociais e implementam novas ferramentas, principalmente nas m\u00eddias.<\/p>\n<p class=\"western\" style=\"margin-bottom: 0cm;\">\n<p class=\"western\" style=\"margin-bottom: 0cm;\"><strong>Produtor de Conte\u00fado:<\/strong> com a grande quantidade de informa\u00e7\u00e3o dispon\u00edvel na internet, essa profiss\u00e3o foi cada vez mais valorizada, pois n\u00e3o era mais suficiente apenas haver muita informa\u00e7\u00e3o, mas era necess\u00e1rio informa\u00e7\u00e3o com qualidade. Produzir conte\u00fado relevante \u00e9 a principal tarefa desse profissional. Na Can\u00e7\u00e3o Nova ele \u00e9 respons\u00e1vel pela produ\u00e7\u00e3o de conte\u00fado para os v\u00e1rios canais que o Portal possui, al\u00e9m de realizar cobertura de acampamentos, aprofundamentos e eventos da Igreja.<\/p>\n<p class=\"western\" style=\"margin-bottom: 0cm;\">\n<p class=\"western\" style=\"margin-bottom: 0cm;\"><strong>Programador: <\/strong><span style=\"font-weight: normal;\">respons\u00e1vel pelo desenvolvimento de aplicativos e sistemas inteiros. Seu trabalho \u00e9 essencial na manuten\u00e7\u00e3o e atualiza\u00e7\u00e3o de ferramentas de trabalho corporativas. Na Can\u00e7\u00e3o Nova, a TI possui tr\u00eas \u00e1reas onde eles atuam, o Desenvolvimento, onde s\u00e3o produzidos aplicativos para web e desktop. Os Games, setor respons\u00e1vel por utilizar a realidade dos jogos para auxiliar na evangeliza\u00e7\u00e3o. E o mais recente deles, o Mobile, essa equipe trabalha no desenvolvimento de aplicativos para plataforma mobile (smartphones, tablets, etc), os trabalhos mais recentes desse setor s\u00e3o os aplicativos Mapa Cat\u00f3lico e R\u00e1dio CN FM.<\/span><\/p>\n<p class=\"western\" style=\"margin-bottom: 0cm; font-weight: normal;\">\n<p class=\"western\" style=\"margin-bottom: 0cm;\"><span style=\"font-weight: normal;\">A inten\u00e7\u00e3o foi mostrar que por mais distintas que as profiss\u00f5es sejam, todas podem exercer papel fundamental na evangeliza\u00e7\u00e3o, cada uma na sua \u00e1rea de atua\u00e7\u00e3o. Para que isso ocorra, \u00e9 essencial a colabora\u00e7\u00e3o e coopera\u00e7\u00e3o entre as diferentes \u00e1reas, pois as m\u00eddias, que hoje s\u00e3o respons\u00e1veis por informar, possuem grande poder <\/span><span style=\"font-weight: normal;\">penetra\u00e7\u00e3o, mas precisam de profissionais comprometidos com a evangeliza\u00e7\u00e3o para que sejam utilizadas de forma correta.<\/span><\/p>\n<\/div>\n","protected":false},"excerpt":{"rendered":"<p>Voc\u00ea, quando ouve falar em evangeliza\u00e7\u00e3o e nos principais respons\u00e1veis por ela, logo j\u00e1 pensa em padres, di\u00e1conos, mission\u00e1rios, religiosos, entre outros? Bem, voc\u00ea n\u00e3o deixa de ter raz\u00e3o. Mas, podemos mostrar um pouco mais desse cen\u00e1rio. Hoje em dia,&#8230;<\/p>\n","protected":false},"author":1051,"featured_media":12941,"comment_status":"open","ping_status":"open","sticky":false,"template":"","format":"standard","meta":{"_mi_skip_tracking":false,"_monsterinsights_sitenote_active":false,"_monsterinsights_sitenote_note":"","_monsterinsights_sitenote_category":0,"footnotes":""},"categories":[27],"tags":[7671,16073,113,8711,141],"_links":{"self":[{"href":"https:\/\/blog.cancaonova.com\/redacao\/wp-json\/wp\/v2\/posts\/7651"}],"collection":[{"href":"https:\/\/blog.cancaonova.com\/redacao\/wp-json\/wp\/v2\/posts"}],"about":[{"href":"https:\/\/blog.cancaonova.com\/redacao\/wp-json\/wp\/v2\/types\/post"}],"author":[{"embeddable":true,"href":"https:\/\/blog.cancaonova.com\/redacao\/wp-json\/wp\/v2\/users\/1051"}],"replies":[{"embeddable":true,"href":"https:\/\/blog.cancaonova.com\/redacao\/wp-json\/wp\/v2\/comments?post=7651"}],"version-history":[{"count":32,"href":"https:\/\/blog.cancaonova.com\/redacao\/wp-json\/wp\/v2\/posts\/7651\/revisions"}],"predecessor-version":[{"id":7654,"href":"https:\/\/blog.cancaonova.com\/redacao\/wp-json\/wp\/v2\/posts\/7651\/revisions\/7654"}],"wp:featuredmedia":[{"embeddable":true,"href":"https:\/\/blog.cancaonova.com\/redacao\/wp-json\/wp\/v2\/media\/12941"}],"wp:attachment":[{"href":"https:\/\/blog.cancaonova.com\/redacao\/wp-json\/wp\/v2\/media?parent=7651"}],"wp:term":[{"taxonomy":"category","embeddable":true,"href":"https:\/\/blog.cancaonova.com\/redacao\/wp-json\/wp\/v2\/categories?post=7651"},{"taxonomy":"post_tag","embeddable":true,"href":"https:\/\/blog.cancaonova.com\/redacao\/wp-json\/wp\/v2\/tags?post=7651"}],"curies":[{"name":"wp","href":"https:\/\/api.w.org\/{rel}","templated":true}]}}