{"id":7732,"date":"2011-08-08T14:45:31","date_gmt":"2011-08-08T17:45:31","guid":{"rendered":"http:\/\/blog.cancaonova.com\/redacao\/?p=7732"},"modified":"2011-08-08T17:12:55","modified_gmt":"2011-08-08T20:12:55","slug":"cafe-interativo-sobre-a-jornada-mundial-da-juventude","status":"publish","type":"post","link":"https:\/\/blog.cancaonova.com\/redacao\/cafe-interativo-sobre-a-jornada-mundial-da-juventude\/","title":{"rendered":"'Caf\u00e9 Interativo' sobre a Jornada Mundial da Juventude"},"content":{"rendered":"<p>A reda\u00e7\u00e3o do Portal Can\u00e7\u00e3o Nova se re\u00fane nesta ter\u00e7a-feira, 9, \u00e0s 10h, para um \u201cCaf\u00e9 interativo\u201d com os mission\u00e1rios da Can\u00e7\u00e3o Nova que far\u00e3o a cobertura do Jornada Mundial da Juventude em Madri, na Espanha.<!-- p { margin-bottom: 0.21cm; }a:link {  } --><span style=\"color: #444444\"><span style=\"font-family: Arial,Helvetica Neue,sans-serif\"><span style=\"font-size: small\"><\/p>\n<p><a href=\"http:\/\/destrave.cancaonova.com\/\" target=\"_blank\"><span style=\"color: #000080\">:: Acompanhe a cobertura da Jornada Mundial da Juventude pelo Destrave <\/span><\/a><br \/>\n<\/span><\/span><\/span><\/p>\n<p>A gerente do portal, <a href=\"http:\/\/twitter.com\/#%21\/willycn\" target=\"_blank\">Willieny Isaias<\/a>, Daniel Machado (enviado do cancaonova.com), Cristiane Viana (enviada da R\u00e1dio) e Rafael Leal (enviado da TV CN) v\u00e3o falar sobre a cobertura do evento.<\/p>\n<p>O bate-papo on-line acontecer\u00e1 pelo twitcam, e voc\u00ea poder\u00e1 participar enviando perguntas, d\u00favidas e sugest\u00f5es para o <a href=\"http:\/\/twitter.com\/#%21\/cancaonova\" target=\"_blank\">@cancaonova <\/a>com a has tag #jmj2011.<\/p>\n<p><strong>Conhe\u00e7a mais do nosso conte\u00fado:<\/strong><a href=\"..\/..\/ti\/2010\/05\/28\/mcancaonovacom\/\" target=\"_blank\"><br \/>\n<\/a><a href=\"http:\/\/www.cancaonova.com\/\" target=\"_blank\">.: Portal Can\u00e7\u00e3o    Nova: 100% cat\u00f3lico!<\/a><br \/>\n<a href=\"http:\/\/www.webtvcn.com\/\" target=\"_blank\">.: WebTVCN, muito mais   v\u00eddeos para voc\u00ea<\/a><br \/>\n<a href=\"http:\/\/gentedefe.com\/\" target=\"_blank\">.: Gente de f\u00e9: uma   comunidade diferente, por um mundo  melhor<\/a><br \/>\n<a href=\"http:\/\/podcast.cancaonova.com\/\" target=\"_blank\">.: Curta os    mais variados Podcasts<\/a><\/p>\n<p><strong>Conhe\u00e7a  nossos outros canais na  web:<\/strong><br \/>\n.: <a href=\"http:\/\/meadiciona.com\/cancaonova\" target=\"_blank\">meadiciona.com\/cancaonova<\/a><br \/>\n.: <a href=\"..\/2011\/08\/2010\/03\/08\/facebook.com\/cancaonova\" target=\"_blank\">facebook.com\/cancaonova<\/a><br \/>\n.: <a href=\"..\/2011\/08\/2010\/03\/08\/youtube.com\/user\/portalcn\" target=\"_blank\">youtube.com\/user\/portalcn<\/a><br \/>\n.: <a href=\"..\/2011\/08\/2010\/03\/08\/flickr.com\/photos\/cancaonova\" target=\"_blank\">flickr.com\/photos\/cancaonova<\/a><\/p>\n","protected":false},"excerpt":{"rendered":"<p>A reda\u00e7\u00e3o do Portal Can\u00e7\u00e3o Nova se re\u00fane nesta ter\u00e7a-feira, 9, \u00e0s 10h, para um \u201cCaf\u00e9 interativo\u201d com os mission\u00e1rios da Can\u00e7\u00e3o Nova que far\u00e3o a cobertura do Jornada Mundial da Juventude em Madri, na Espanha. :: Acompanhe a cobertura&#8230;<\/p>\n","protected":false},"author":1051,"featured_media":0,"comment_status":"open","ping_status":"open","sticky":false,"template":"","format":"standard","meta":{"_mi_skip_tracking":false,"_monsterinsights_sitenote_active":false,"_monsterinsights_sitenote_note":"","_monsterinsights_sitenote_category":0,"footnotes":""},"categories":[32879],"tags":[671,178148,6351,14681,48354],"_links":{"self":[{"href":"https:\/\/blog.cancaonova.com\/redacao\/wp-json\/wp\/v2\/posts\/7732"}],"collection":[{"href":"https:\/\/blog.cancaonova.com\/redacao\/wp-json\/wp\/v2\/posts"}],"about":[{"href":"https:\/\/blog.cancaonova.com\/redacao\/wp-json\/wp\/v2\/types\/post"}],"author":[{"embeddable":true,"href":"https:\/\/blog.cancaonova.com\/redacao\/wp-json\/wp\/v2\/users\/1051"}],"replies":[{"embeddable":true,"href":"https:\/\/blog.cancaonova.com\/redacao\/wp-json\/wp\/v2\/comments?post=7732"}],"version-history":[{"count":7,"href":"https:\/\/blog.cancaonova.com\/redacao\/wp-json\/wp\/v2\/posts\/7732\/revisions"}],"predecessor-version":[{"id":7734,"href":"https:\/\/blog.cancaonova.com\/redacao\/wp-json\/wp\/v2\/posts\/7732\/revisions\/7734"}],"wp:attachment":[{"href":"https:\/\/blog.cancaonova.com\/redacao\/wp-json\/wp\/v2\/media?parent=7732"}],"wp:term":[{"taxonomy":"category","embeddable":true,"href":"https:\/\/blog.cancaonova.com\/redacao\/wp-json\/wp\/v2\/categories?post=7732"},{"taxonomy":"post_tag","embeddable":true,"href":"https:\/\/blog.cancaonova.com\/redacao\/wp-json\/wp\/v2\/tags?post=7732"}],"curies":[{"name":"wp","href":"https:\/\/api.w.org\/{rel}","templated":true}]}}