{"id":7749,"date":"2011-08-08T16:12:54","date_gmt":"2011-08-08T19:12:54","guid":{"rendered":"http:\/\/blog.cancaonova.com\/redacao\/?p=7749"},"modified":"2011-08-09T16:38:14","modified_gmt":"2011-08-09T19:38:14","slug":"promocao-da-cancao-nova-sou-a-imagem-do-meu-pai","status":"publish","type":"post","link":"https:\/\/blog.cancaonova.com\/redacao\/promocao-da-cancao-nova-sou-a-imagem-do-meu-pai\/","title":{"rendered":"Promo\u00e7\u00e3o da Can\u00e7\u00e3o Nova: 'Sou a imagem do meu pai'"},"content":{"rendered":"<p>Para comemorar o dia dos pais, a Can\u00e7\u00e3o Nova est\u00e1 lan\u00e7ando uma promo\u00e7\u00e3o atrav\u00e9s do Facebook. Ent\u00e3o, n\u00e3o perca a chance de demonstrar todo seu carinho para seu pai, al\u00e9m de presente\u00e1-lo com um kit Can\u00e7\u00e3o Nova.<\/p>\n<p>Para participar \u00e9 f\u00e1cil, voc\u00ea s\u00f3 precisa curtir a p\u00e1gina da Can\u00e7\u00e3o Nova no <strong><a href=\"http:\/\/www.facebook.com\/cancaonova\" target=\"_blank\">Facebook<\/a><\/strong> . Em seguida, deve publicar no mural, da p\u00e1gina da Can\u00e7\u00e3o Nova, uma foto sua com seu pai, junto de uma frase. As duas fotos, acompanhadas de frase, mais <strong>CURTIDA<\/strong>, receber\u00e3o um kit cada.<\/p>\n<p>Para publicar uma foto no Facebook da Can\u00e7\u00e3o Nova \u00e9 simples. Voc\u00ea precisa ter a foto no computador e, em seguida, no menu compartilhar, ir at\u00e9 a aba foto (em destaque na Imagem 1). Estando l\u00e1, clique em \u201cEnviar foto da sua unidade\u201d e no bot\u00e3o \u201cEnviar Arquivo\u201d. Com isso, na janela que se abrir\u00e1, voc\u00ea deve selecionar a foto que deseja postar para participar da promo\u00e7\u00e3o.<\/p>\n<div id=\"attachment_7833\" style=\"width: 310px\" class=\"wp-caption aligncenter\"><a title=\"teste\" rel=\"attachment wp-att-7833\" href=\"http:\/\/blog.cancaonova.com\/redacao\/2011\/08\/08\/promocao-da-cancao-nova-sou-a-imagem-do-meu-pai\/promocao_dia_dos_pais1-2\/\"><img loading=\"lazy\" decoding=\"async\" aria-describedby=\"caption-attachment-7833\" class=\"size-medium wp-image-7833 \" src=\"http:\/\/blog.cancaonova.com\/redacao\/files\/2011\/08\/promo\u00e7\u00e3o_dia_dos_pais11-300x155.jpg\" alt=\"\" width=\"300\" height=\"155\" srcset=\"https:\/\/blog.cancaonova.com\/redacao\/files\/2011\/08\/promo\u00e7\u00e3o_dia_dos_pais11-300x155.jpg 300w, https:\/\/blog.cancaonova.com\/redacao\/files\/2011\/08\/promo\u00e7\u00e3o_dia_dos_pais11.jpg 470w\" sizes=\"(max-width: 300px) 100vw, 300px\" \/><\/a><p id=\"caption-attachment-7833\" class=\"wp-caption-text\">Imagem 1<\/p><\/div>\n<p style=\"text-align: center\">\n<p>Vale relembrar que, al\u00e9m da foto, \u00e9 obrigat\u00f3rio a inclus\u00e3o de uma frase. Para isso, na caixa de texto logo abaixo, onde aparece o texto \u201cFa\u00e7a algum coment\u00e1rio sobre essa foto\u201d (em destaque na Imagem 2), digite a frase que dever\u00e1 acompanhar a imagem.<\/p>\n<div id=\"attachment_7834\" style=\"width: 310px\" class=\"wp-caption aligncenter\"><a rel=\"attachment wp-att-7834\" href=\"http:\/\/blog.cancaonova.com\/redacao\/2011\/08\/08\/promocao-da-cancao-nova-sou-a-imagem-do-meu-pai\/promocao_dia_dos_pais2-2\/\"><img loading=\"lazy\" decoding=\"async\" aria-describedby=\"caption-attachment-7834\" class=\"size-medium wp-image-7834\" src=\"http:\/\/blog.cancaonova.com\/redacao\/files\/2011\/08\/promo\u00e7\u00e3o_dia_dos_pais21-300x211.jpg\" alt=\"\" width=\"300\" height=\"211\" srcset=\"https:\/\/blog.cancaonova.com\/redacao\/files\/2011\/08\/promo\u00e7\u00e3o_dia_dos_pais21-300x211.jpg 300w, https:\/\/blog.cancaonova.com\/redacao\/files\/2011\/08\/promo\u00e7\u00e3o_dia_dos_pais21.jpg 470w\" sizes=\"(max-width: 300px) 100vw, 300px\" \/><\/a><p id=\"caption-attachment-7834\" class=\"wp-caption-text\">Imagem 2<\/p><\/div>\n<p style=\"text-align: center\">\n<p>Agora, a parte que interessa: a premia\u00e7\u00e3o. Assim como dito anteriormente, as duas fotos, acompanhadas de frase, mais criativas ganhar\u00e3o kits Can\u00e7\u00e3o Nova. Segue abaixo a descri\u00e7\u00e3o dos kits:<\/p>\n<p><strong>Primeiro lugar:<\/strong><\/p>\n<p>Livro \u201cA Profecia do Aviamento\u201d Pe. Roger Luis;<\/p>\n<p>Livro \u201cQuando a fam\u00edlia reza&#8230;\u201d Ricardo, Eliana S\u00e1 e D\u00fa;<\/p>\n<p>DVD \u201cAprendendo com as hist\u00f3rias de Pe. L\u00e9o Vol. 3\u201d Pe L\u00e9o;<\/p>\n<p>CD \u201cLivrai-nos do Mal\u201d Luzia Santiago com Participa\u00e7\u00e3o de Monsonhar Jonas.<\/p>\n<p><a rel=\"attachment wp-att-7835\" href=\"http:\/\/blog.cancaonova.com\/redacao\/2011\/08\/08\/promocao-da-cancao-nova-sou-a-imagem-do-meu-pai\/materia1-gustavo-2\/\"><img loading=\"lazy\" decoding=\"async\" class=\"size-medium wp-image-7835 alignnone\" src=\"http:\/\/blog.cancaonova.com\/redacao\/files\/2011\/08\/materia1-gustavo1-300x202.jpg\" alt=\"\" width=\"300\" height=\"202\" srcset=\"https:\/\/blog.cancaonova.com\/redacao\/files\/2011\/08\/materia1-gustavo1-300x202.jpg 300w, https:\/\/blog.cancaonova.com\/redacao\/files\/2011\/08\/materia1-gustavo1.jpg 370w\" sizes=\"(max-width: 300px) 100vw, 300px\" \/><\/a><\/p>\n<p><strong>Segundo lugar:<\/strong><\/p>\n<p>Livro \u201cQuando o casal reza&#8230;\u201d Ricardo e Eliana S\u00e1;<\/p>\n<p>DVD \u201cNamorar certo d\u00e1 certo\u201d Monsenhor Jonas, Ricardo e Eliana S\u00e1 e Prof. Felipe Aquino;<\/p>\n<p>CD \u201cDeus caminha comigo\u201d Salette Ferreira.<\/p>\n<p><a rel=\"attachment wp-att-7857\" href=\"http:\/\/blog.cancaonova.com\/redacao\/2011\/08\/08\/promocao-da-cancao-nova-sou-a-imagem-do-meu-pai\/materia2-gustavo-4\/\"><img loading=\"lazy\" decoding=\"async\" class=\"size-medium wp-image-7857 alignnone\" src=\"http:\/\/blog.cancaonova.com\/redacao\/files\/2011\/08\/materia2-gustavo3-300x202.jpg\" alt=\"\" width=\"300\" height=\"202\" srcset=\"https:\/\/blog.cancaonova.com\/redacao\/files\/2011\/08\/materia2-gustavo3-300x202.jpg 300w, https:\/\/blog.cancaonova.com\/redacao\/files\/2011\/08\/materia2-gustavo3.jpg 370w\" sizes=\"(max-width: 300px) 100vw, 300px\" \/><\/a><\/p>\n<p>A promo\u00e7\u00e3o come\u00e7a ter\u00e1 in\u00edcio no dia 08 de Agosto, \u00e0s 18h, e terminar\u00e1 no dia 14 de agosto, \u00e0s 14h. Portanto, s\u00f3 ser\u00e3o aceitas participa\u00e7\u00f5es feitas dentro do prazo estipulado.<\/p>\n","protected":false},"excerpt":{"rendered":"<p>Para comemorar o dia dos pais, a Can\u00e7\u00e3o Nova est\u00e1 lan\u00e7ando uma promo\u00e7\u00e3o atrav\u00e9s do Facebook. Ent\u00e3o, n\u00e3o perca a chance de demonstrar todo seu carinho para seu pai, al\u00e9m de presente\u00e1-lo com um kit Can\u00e7\u00e3o Nova. Para participar \u00e9&#8230;<\/p>\n","protected":false},"author":2981,"featured_media":0,"comment_status":"open","ping_status":"open","sticky":false,"template":"","format":"standard","meta":{"_mi_skip_tracking":false,"_monsterinsights_sitenote_active":false,"_monsterinsights_sitenote_note":"","_monsterinsights_sitenote_category":0,"footnotes":""},"categories":[12781],"tags":[6351,14201,17742,18614],"_links":{"self":[{"href":"https:\/\/blog.cancaonova.com\/redacao\/wp-json\/wp\/v2\/posts\/7749"}],"collection":[{"href":"https:\/\/blog.cancaonova.com\/redacao\/wp-json\/wp\/v2\/posts"}],"about":[{"href":"https:\/\/blog.cancaonova.com\/redacao\/wp-json\/wp\/v2\/types\/post"}],"author":[{"embeddable":true,"href":"https:\/\/blog.cancaonova.com\/redacao\/wp-json\/wp\/v2\/users\/2981"}],"replies":[{"embeddable":true,"href":"https:\/\/blog.cancaonova.com\/redacao\/wp-json\/wp\/v2\/comments?post=7749"}],"version-history":[{"count":82,"href":"https:\/\/blog.cancaonova.com\/redacao\/wp-json\/wp\/v2\/posts\/7749\/revisions"}],"predecessor-version":[{"id":7757,"href":"https:\/\/blog.cancaonova.com\/redacao\/wp-json\/wp\/v2\/posts\/7749\/revisions\/7757"}],"wp:attachment":[{"href":"https:\/\/blog.cancaonova.com\/redacao\/wp-json\/wp\/v2\/media?parent=7749"}],"wp:term":[{"taxonomy":"category","embeddable":true,"href":"https:\/\/blog.cancaonova.com\/redacao\/wp-json\/wp\/v2\/categories?post=7749"},{"taxonomy":"post_tag","embeddable":true,"href":"https:\/\/blog.cancaonova.com\/redacao\/wp-json\/wp\/v2\/tags?post=7749"}],"curies":[{"name":"wp","href":"https:\/\/api.w.org\/{rel}","templated":true}]}}