{"id":7937,"date":"2011-08-15T11:05:51","date_gmt":"2011-08-15T14:05:51","guid":{"rendered":"http:\/\/blog.cancaonova.com\/redacao\/?p=7937"},"modified":"2011-08-15T11:53:53","modified_gmt":"2011-08-15T14:53:53","slug":"resultado-da-promocao-do-dia-dos-pais-eu-sou-a-imagem-do-meu-pai","status":"publish","type":"post","link":"https:\/\/blog.cancaonova.com\/redacao\/resultado-da-promocao-do-dia-dos-pais-eu-sou-a-imagem-do-meu-pai\/","title":{"rendered":"Resultado da promo\u00e7\u00e3o do Dia dos Pais: 'Eu sou a imagem do meu pai'"},"content":{"rendered":"<p>J\u00e1 temos o resultado da promo\u00e7\u00e3o de Dia dos Pais \u201cEu sou a imagem do meu pai\u201d. Durante os cinco dias dessa a\u00e7\u00e3o recebemos mais de 100 fotos na nossa p\u00e1gina do Facebook. Todas demonstrando o carinho dos filhos por seus pais e acompanhadas de frases muito boas.<\/p>\n<p><a rel=\"attachment wp-att-7943\" href=\"http:\/\/blog.cancaonova.com\/redacao\/resultado-da-promocao-do-dia-dos-pais-eu-sou-a-imagem-do-meu-pai\/materia1-gustavo-4\/\"><img loading=\"lazy\" decoding=\"async\" class=\"aligncenter size-medium wp-image-7943\" title=\"materia1-gustavo\" src=\"http:\/\/blog.cancaonova.com\/redacao\/files\/2011\/08\/materia1-gustavo3-300x202.jpg\" alt=\"Promo\u00e7\u00e3o Dia dos Pais: &quot;Eu sou a imagem do meu pai&quot;\" width=\"300\" height=\"202\" srcset=\"https:\/\/blog.cancaonova.com\/redacao\/files\/2011\/08\/materia1-gustavo3-300x202.jpg 300w, https:\/\/blog.cancaonova.com\/redacao\/files\/2011\/08\/materia1-gustavo3.jpg 370w\" sizes=\"(max-width: 300px) 100vw, 300px\" \/><\/a><\/p>\n<p>Mas, como consta no regulamento, as duas fotos vencedoras seriam escolhidas por voto popular. Ou seja, as duas imagens que mais tivessem \u201ccurti\u00e7\u00f5es\u201d ao fim da promo\u00e7\u00e3o seriam as vencedoras.<\/p>\n<p>Dessa forma, as vencedoras foram: 1\u00ba Lugar &#8211; Ariane Bastos e em 2\u00ba Lugar &#8211; Anna Lu\u00edsa Cuconato Pivetta.<\/p>\n<p>E s\u00f3 relembrando, os Kits das contempladas s\u00e3o compostos por:<\/p>\n<p><strong><strong>Primeiro lugar:<\/strong><\/strong><\/p>\n<p>Livro \u201cA Profecia do Aviamento\u201d de padre Roger Lu\u00eds;<br \/>\nLivro \u201cQuando a fam\u00edlia reza\u2026\u201d de Ricardo, Eliana S\u00e1 e Du;<br \/>\nDVD \u201cAprendendo com as hist\u00f3rias de Pe. L\u00e9o Vol. 3\u201d do saudoso padre L\u00e9o;<br \/>\nCD \u201cLivrai-nos do Mal\u201d de Luzia Santiago com participa\u00e7\u00e3o de monsonhar Jonas Abib.<\/p>\n<p><strong><strong>Segundo lugar:<\/strong><\/strong><\/p>\n<p>Livro \u201cQuando o casal reza\u2026\u201d de Ricardo e Eliana S\u00e1;<br \/>\nDVD \u201cNamorar certo d\u00e1 certo\u201d de monsenhor Jonas, Ricardo e Eliana S\u00e1 e professor Felipe Aquino;<br \/>\nCD \u201cDeus caminha comigo\u201d de Salette Ferreira.<\/p>\n<p>A Can\u00e7\u00e3o Nova parabeniza as duas jovens e agradece a todos que participaram da promo\u00e7\u00e3o mandando fotos e escolhendo os vencedores. Fiquem atentos para novas promo\u00e7\u00f5es que est\u00e3o a caminho.<\/p>\n","protected":false},"excerpt":{"rendered":"<p>J\u00e1 temos o resultado da promo\u00e7\u00e3o de Dia dos Pais \u201cEu sou a imagem do meu pai\u201d. Durante os cinco dias dessa a\u00e7\u00e3o recebemos mais de 100 fotos na nossa p\u00e1gina do Facebook. Todas demonstrando o carinho dos filhos por&#8230;<\/p>\n","protected":false},"author":2981,"featured_media":0,"comment_status":"open","ping_status":"open","sticky":false,"template":"","format":"standard","meta":{"_mi_skip_tracking":false,"_monsterinsights_sitenote_active":false,"_monsterinsights_sitenote_note":"","_monsterinsights_sitenote_category":0,"footnotes":""},"categories":[12781],"tags":[14201,6551,17742,18614,4861],"_links":{"self":[{"href":"https:\/\/blog.cancaonova.com\/redacao\/wp-json\/wp\/v2\/posts\/7937"}],"collection":[{"href":"https:\/\/blog.cancaonova.com\/redacao\/wp-json\/wp\/v2\/posts"}],"about":[{"href":"https:\/\/blog.cancaonova.com\/redacao\/wp-json\/wp\/v2\/types\/post"}],"author":[{"embeddable":true,"href":"https:\/\/blog.cancaonova.com\/redacao\/wp-json\/wp\/v2\/users\/2981"}],"replies":[{"embeddable":true,"href":"https:\/\/blog.cancaonova.com\/redacao\/wp-json\/wp\/v2\/comments?post=7937"}],"version-history":[{"count":10,"href":"https:\/\/blog.cancaonova.com\/redacao\/wp-json\/wp\/v2\/posts\/7937\/revisions"}],"predecessor-version":[{"id":7948,"href":"https:\/\/blog.cancaonova.com\/redacao\/wp-json\/wp\/v2\/posts\/7937\/revisions\/7948"}],"wp:attachment":[{"href":"https:\/\/blog.cancaonova.com\/redacao\/wp-json\/wp\/v2\/media?parent=7937"}],"wp:term":[{"taxonomy":"category","embeddable":true,"href":"https:\/\/blog.cancaonova.com\/redacao\/wp-json\/wp\/v2\/categories?post=7937"},{"taxonomy":"post_tag","embeddable":true,"href":"https:\/\/blog.cancaonova.com\/redacao\/wp-json\/wp\/v2\/tags?post=7937"}],"curies":[{"name":"wp","href":"https:\/\/api.w.org\/{rel}","templated":true}]}}