{"id":7949,"date":"2011-08-16T09:15:05","date_gmt":"2011-08-16T12:15:05","guid":{"rendered":"http:\/\/blog.cancaonova.com\/redacao\/?p=7949"},"modified":"2011-08-16T10:11:36","modified_gmt":"2011-08-16T13:11:36","slug":"salesianos-se-preparam-para-o-bicentenario-de-dom-bosco","status":"publish","type":"post","link":"https:\/\/blog.cancaonova.com\/redacao\/salesianos-se-preparam-para-o-bicentenario-de-dom-bosco\/","title":{"rendered":"Salesianos se preparam para o bicenten\u00e1rio de Dom Bosco"},"content":{"rendered":"<p style=\"text-align: justify\">No dia 16 de agosto de 2015, a Fam\u00edlia Salesiana se lembrar\u00e1 da grata data do bicenten\u00e1rio do nascimento de Dom Bosco. Em prepara\u00e7\u00e3o a esta comemora\u00e7\u00e3o, o reitor-mor dos Salesianos, padre Pascual Ch\u00e1vez Villanueva, prop\u00f4s um itiner\u00e1rio formativo. A proposta \u00e9 que, a cada 16 de agosto e durante todo ano subsequente, seja estudado um tema diferente relacionado a S\u00e3o Jo\u00e3o Bosco.<\/p>\n<p><strong><a href=\"..\/..\/pelomundo\/2011\/08\/196-anos-do-nascimento-de-dom-bosco-o-pai-da-juventude\/\" target=\"_blank\">:: 196 anos do nascimento de Dom Bosco<\/a><\/strong><\/p>\n<p style=\"text-align: justify\">A cada ano, os Salesianos abordar\u00e3o temas sobre o santo e sua hist\u00f3ria para serem refletidos pelos jovens estudantes e pesquisadores da hist\u00f3ria da Congrega\u00e7\u00e3o Salesiana. No per\u00edodo de 16 de agosto de 2011 a 16 de agosto de 2012, as reflex\u00f5es devem ser feitas com a tem\u00e1tica &#8220;Conhecimento da hist\u00f3ria de Dom Bosco&#8221;.<\/p>\n<p style=\"text-align: justify\">Neste primeiro tema, s\u00e3o abordadas hist\u00f3rias sobre a fam\u00edlia do santo, em especial sua m\u00e3e, Margarida, que acompanhou o filho padre quando este foi habitar na casa Pinardi \u2013 onde originariamente estava o primeiro galp\u00e3o comprado por Dom Bosco como o primeiro lugar fixo de seu apostolado. Mam\u00e3e Margarida, como era conhecida, fez, junto a Dom Bosco, o papel de m\u00e3e para os jovens, numa vida de simplicidade, paci\u00eancia e caridade.<\/p>\n<p style=\"text-align: justify\"><a href=\"http:\/\/blog.cancaonova.com\/redacao\/files\/2011\/08\/16_eventos-001.jpg\"><img loading=\"lazy\" decoding=\"async\" class=\"aligncenter size-full wp-image-7951\" src=\"http:\/\/blog.cancaonova.com\/redacao\/files\/2011\/08\/16_eventos-001.jpg\" alt=\"\" width=\"370\" height=\"250\" srcset=\"https:\/\/blog.cancaonova.com\/redacao\/files\/2011\/08\/16_eventos-001.jpg 370w, https:\/\/blog.cancaonova.com\/redacao\/files\/2011\/08\/16_eventos-001-300x202.jpg 300w\" sizes=\"(max-width: 370px) 100vw, 370px\" \/><\/a><strong><\/strong><\/p>\n<p style=\"text-align: justify\"><strong>Fam\u00edlia Salesiana<\/strong><\/p>\n<p style=\"text-align: justify\">\u00c9 um conjunto de diferentes institui\u00e7\u00f5es e movimentos cat\u00f3licos que se prop\u00f5em a seguir a espiritualidade e a miss\u00e3o propostas por Dom Bosco. Como essa espiritualidade se fundamenta nos escritos de <a href=\"http:\/\/www.cancaonova.com\/portal\/canais\/liturgia\/santo\/index.php?dia=24&amp;mes=1\" target=\"_blank\">S\u00e3o Francisco de Sales<\/a>, que prop\u00f4s a alegria como caminho de santidade, \u00e9 denominada salesiana.<\/p>\n<p style=\"text-align: justify\">A fam\u00edlia salesiana \u00e9 atualmente composta por 23 grupos de institutos de vida consagrada e associa\u00e7\u00f5es de leigos cat\u00f3licos, aqui classificados segundo a sua forma de institui\u00e7\u00e3o can\u00f4nica, segundo as diretrizes da Igreja Cat\u00f3lica Apost\u00f3lica Romana.<\/p>\n<p style=\"text-align: justify\"><em>Fonte: Boletim Salesiano. Ano 61 &#8211; N\u00ba4 &#8211; julho\/agosto 2011<\/em><\/p>\n<p><a href=\"http:\/\/www.cancaonova.com\/portal\/canais\/eventos\/novoeventos\/cobertura.php?cob=2593\" target=\"_blank\">:: Jovens se preparam para Romaria Salesiana de 2011<br \/>\n<\/a><\/p>\n","protected":false},"excerpt":{"rendered":"<p>No dia 16 de agosto de 2015, a Fam\u00edlia Salesiana se lembrar\u00e1 da grata data do bicenten\u00e1rio do nascimento de Dom Bosco. Em prepara\u00e7\u00e3o a esta comemora\u00e7\u00e3o, o reitor-mor dos Salesianos, padre Pascual Ch\u00e1vez Villanueva, prop\u00f4s um itiner\u00e1rio formativo. A&#8230;<\/p>\n","protected":false},"author":1051,"featured_media":0,"comment_status":"open","ping_status":"open","sticky":false,"template":"","format":"standard","meta":{"_mi_skip_tracking":false,"_monsterinsights_sitenote_active":false,"_monsterinsights_sitenote_note":"","_monsterinsights_sitenote_category":0,"footnotes":""},"categories":[9671,32],"tags":[63301,16723,63302],"_links":{"self":[{"href":"https:\/\/blog.cancaonova.com\/redacao\/wp-json\/wp\/v2\/posts\/7949"}],"collection":[{"href":"https:\/\/blog.cancaonova.com\/redacao\/wp-json\/wp\/v2\/posts"}],"about":[{"href":"https:\/\/blog.cancaonova.com\/redacao\/wp-json\/wp\/v2\/types\/post"}],"author":[{"embeddable":true,"href":"https:\/\/blog.cancaonova.com\/redacao\/wp-json\/wp\/v2\/users\/1051"}],"replies":[{"embeddable":true,"href":"https:\/\/blog.cancaonova.com\/redacao\/wp-json\/wp\/v2\/comments?post=7949"}],"version-history":[{"count":13,"href":"https:\/\/blog.cancaonova.com\/redacao\/wp-json\/wp\/v2\/posts\/7949\/revisions"}],"predecessor-version":[{"id":7955,"href":"https:\/\/blog.cancaonova.com\/redacao\/wp-json\/wp\/v2\/posts\/7949\/revisions\/7955"}],"wp:attachment":[{"href":"https:\/\/blog.cancaonova.com\/redacao\/wp-json\/wp\/v2\/media?parent=7949"}],"wp:term":[{"taxonomy":"category","embeddable":true,"href":"https:\/\/blog.cancaonova.com\/redacao\/wp-json\/wp\/v2\/categories?post=7949"},{"taxonomy":"post_tag","embeddable":true,"href":"https:\/\/blog.cancaonova.com\/redacao\/wp-json\/wp\/v2\/tags?post=7949"}],"curies":[{"name":"wp","href":"https:\/\/api.w.org\/{rel}","templated":true}]}}