{"id":8008,"date":"2011-08-26T16:46:47","date_gmt":"2011-08-26T19:46:47","guid":{"rendered":"http:\/\/blog.cancaonova.com\/redacao\/?p=8008"},"modified":"2011-08-26T16:46:47","modified_gmt":"2011-08-26T19:46:47","slug":"produtor-do-cancaonova-com-fala-da-experiencia-na-jmj-2011","status":"publish","type":"post","link":"https:\/\/blog.cancaonova.com\/redacao\/produtor-do-cancaonova-com-fala-da-experiencia-na-jmj-2011\/","title":{"rendered":"Produtor do cancaonova.com fala da experi\u00eancia na  JMJ 2011"},"content":{"rendered":"<p>Neste epis\u00f3dio a gerente do Portal Can\u00e7\u00e3o Nova, <a href=\"http:\/\/twitter.com\/#!\/willycn\" target=\"_blank\">Willieny Isaias<\/a>, conversa com <a href=\"http:\/\/twitter.com\/#!\/dancancaonova\" target=\"_blank\">Daniel Machado<\/a> que conta sua experi\u00eancia na cobertura da <a href=\"http:\/\/destrave.cancaonova.com\/category\/reportagens\/jornada-mundial-da-juventude\/\" target=\"_blank\"><strong>Jornada Mundial da Juventude<\/strong><\/a> em Madri na Espanha.<\/p>\n<p><strong>Ou\u00e7a o podcast<\/strong><\/p>\n<p><object id=\"PodPlayerCN\" classid=\"d27cdb6e-ae6d-11cf-96b8-444553540000\" width=\"303\" height=\"54\"><param name=\"flashVars\" value=\"podcast=3820\" \/><param name=\"allowScriptAccess\" value=\"always\" \/><param name=\"src\" value=\"http:\/\/podcast.cancaonova.com\/cn_player.swf?9636\" \/><param name=\"name\" value=\"PodPlayerCN\" \/><param name=\"flashvars\" value=\"podcast=3820\" \/><embed id=\"PodPlayerCN\" type=\"application\/x-shockwave-flash\" width=\"303\" height=\"54\" src=\"http:\/\/podcast.cancaonova.com\/cn_player.swf?9636\" name=\"PodPlayerCN\" allowscriptaccess=\"always\" flashvars=\"podcast=3820\"><\/embed><\/object><\/p>\n<p style=\"text-align: justify\"><strong><strong>Como baixar:<\/strong><\/strong> Ao ir para a p\u00e1gina do <a href=\"http:\/\/podcast.cancaonova.com\/canal.php?id=112\" target=\"_blank\">Podcast   da Reda\u00e7\u00e3o<\/a>, voc\u00ea encontrar\u00e1 uma seta  abaixo de cada arquivo de   \u00e1udio; clique para baix\u00e1-lo em MP3.<\/p>\n<p><a href=\"http:\/\/noticias.cancaonova.com\/editorias.php?cod=123\" target=\"_blank\"><strong>:: Veja a cobertura na JMJ<\/strong><\/a><\/p>\n<p><strong>Conhe\u00e7a mais do nosso conte\u00fado:<\/strong><a href=\"http:\/\/blog.cancaonova.com\/ti\/2010\/05\/28\/mcancaonovacom\/\" target=\"_blank\"><br \/>\n<\/a><a href=\"http:\/\/www.cancaonova.com\/\" target=\"_blank\">.: Portal Can\u00e7\u00e3o    Nova: 100% cat\u00f3lico!<\/a><br \/>\n<a href=\"http:\/\/www.webtvcn.com\/\" target=\"_blank\">.: WebTVCN, muito mais   v\u00eddeos para voc\u00ea<\/a><br \/>\n<a href=\"http:\/\/gentedefe.com\/\" target=\"_blank\">.: Gente de f\u00e9: uma   comunidade diferente, por um mundo  melhor<\/a><br \/>\n<a href=\"http:\/\/podcast.cancaonova.com\/\" target=\"_blank\">.: Curta os    mais variados Podcasts<\/a><\/p>\n<p style=\"text-align: justify\"><strong>Conhe\u00e7a  nossos outros canais na  web:<\/strong><br \/>\n.: <a href=\"http:\/\/meadiciona.com\/cancaonova\" target=\"_blank\">meadiciona.com\/cancaonova<\/a><br \/>\n.: <a href=\"..\/..\/2010\/03\/08\/facebook.com\/cancaonova\" target=\"_blank\">facebook.com\/cancaonova<\/a><br \/>\n.: <a href=\"..\/..\/2010\/03\/08\/youtube.com\/user\/portalcn\" target=\"_blank\">youtube.com\/user\/portalcn<\/a><br \/>\n.: <a href=\"..\/..\/2010\/03\/08\/flickr.com\/photos\/cancaonova\" target=\"_blank\">flickr.com\/photos\/cancaonova<\/a><\/p>\n","protected":false},"excerpt":{"rendered":"<p>Neste epis\u00f3dio a gerente do Portal Can\u00e7\u00e3o Nova, Willieny Isaias, conversa com Daniel Machado que conta sua experi\u00eancia na cobertura da Jornada Mundial da Juventude em Madri na Espanha. Ou\u00e7a o podcast Como baixar: Ao ir para a p\u00e1gina do&#8230;<\/p>\n","protected":false},"author":1051,"featured_media":0,"comment_status":"open","ping_status":"open","sticky":false,"template":"","format":"standard","meta":{"_mi_skip_tracking":false,"_monsterinsights_sitenote_active":false,"_monsterinsights_sitenote_note":"","_monsterinsights_sitenote_category":0,"footnotes":""},"categories":[81],"tags":[6351,178141,14641,51,24881,20908],"_links":{"self":[{"href":"https:\/\/blog.cancaonova.com\/redacao\/wp-json\/wp\/v2\/posts\/8008"}],"collection":[{"href":"https:\/\/blog.cancaonova.com\/redacao\/wp-json\/wp\/v2\/posts"}],"about":[{"href":"https:\/\/blog.cancaonova.com\/redacao\/wp-json\/wp\/v2\/types\/post"}],"author":[{"embeddable":true,"href":"https:\/\/blog.cancaonova.com\/redacao\/wp-json\/wp\/v2\/users\/1051"}],"replies":[{"embeddable":true,"href":"https:\/\/blog.cancaonova.com\/redacao\/wp-json\/wp\/v2\/comments?post=8008"}],"version-history":[{"count":1,"href":"https:\/\/blog.cancaonova.com\/redacao\/wp-json\/wp\/v2\/posts\/8008\/revisions"}],"predecessor-version":[{"id":8009,"href":"https:\/\/blog.cancaonova.com\/redacao\/wp-json\/wp\/v2\/posts\/8008\/revisions\/8009"}],"wp:attachment":[{"href":"https:\/\/blog.cancaonova.com\/redacao\/wp-json\/wp\/v2\/media?parent=8008"}],"wp:term":[{"taxonomy":"category","embeddable":true,"href":"https:\/\/blog.cancaonova.com\/redacao\/wp-json\/wp\/v2\/categories?post=8008"},{"taxonomy":"post_tag","embeddable":true,"href":"https:\/\/blog.cancaonova.com\/redacao\/wp-json\/wp\/v2\/tags?post=8008"}],"curies":[{"name":"wp","href":"https:\/\/api.w.org\/{rel}","templated":true}]}}