{"id":8010,"date":"2011-08-29T17:23:24","date_gmt":"2011-08-29T20:23:24","guid":{"rendered":"http:\/\/blog.cancaonova.com\/redacao\/?p=8010"},"modified":"2011-08-31T14:15:30","modified_gmt":"2011-08-31T17:15:30","slug":"socialcast-o-novo-podcast-da-cancao-nova","status":"publish","type":"post","link":"https:\/\/blog.cancaonova.com\/redacao\/socialcast-o-novo-podcast-da-cancao-nova\/","title":{"rendered":"SocialCast, o novo PodCast da Can\u00e7\u00e3o Nova"},"content":{"rendered":"<p>A Can\u00e7\u00e3o Nova tem utilizado cada vez mais a tecnologia a favor da evangeliza\u00e7\u00e3o. Prova disso \u00e9 a presen\u00e7a dessa obra de evangeliza\u00e7\u00e3o em v\u00e1rias ferramentas de m\u00eddias sociais (<a href=\"http:\/\/blog.cancaonova.com\/\" target=\"_blank\"><strong>Blogs<\/strong><\/a>, <a href=\"http:\/\/www.twitter.com\/cancaonova\" target=\"_blank\"><strong>Twitter<\/strong><\/a>, <a href=\"http:\/\/www.facebook.com\/cancaonova\" target=\"_blank\"><strong>Facebook<\/strong><\/a>, <a href=\"http:\/\/portalcancaonova.tumblr.com\/\" target=\"_blank\"><strong>Tumblr<\/strong><\/a>, entre outros).<\/p>\n<p><a rel=\"attachment wp-att-8021\" href=\"http:\/\/blog.cancaonova.com\/redacao\/socialcast-o-novo-podcast-da-cancao-nova\/30_socialcast-001\/\"><img loading=\"lazy\" decoding=\"async\" class=\"size-medium wp-image-8021 alignleft\" title=\"30_socialcast-001\" src=\"http:\/\/blog.cancaonova.com\/redacao\/files\/2011\/08\/30_socialcast-001-300x202.jpg\" alt=\"PodCast da Can\u00e7\u00e3o Nova, Social Cast\" width=\"300\" height=\"202\" srcset=\"https:\/\/blog.cancaonova.com\/redacao\/files\/2011\/08\/30_socialcast-001-300x202.jpg 300w, https:\/\/blog.cancaonova.com\/redacao\/files\/2011\/08\/30_socialcast-001.jpg 370w\" sizes=\"(max-width: 300px) 100vw, 300px\" \/><\/a>Outro recurso que a Can\u00e7\u00e3o Nova tamb\u00e9m faz uso com esse fim \u00e9 o PodCast. Para quem n\u00e3o sabe do que se trata essa ferramenta, \u00e9 o nome dado ao arquivo de \u00e1udio digital, publicado na internet. Geralmente trata-se de um programa em torno de determinado assunto, que conta com a presen\u00e7a de dois ou mais apresentadores.<\/p>\n<p>E o mais novo programa que se integra ao <a href=\"http:\/\/podcast.cancaonova.com\/index.php\" target=\"_blank\"><strong>Portal de Podcasts da Can\u00e7\u00e3o Nova<\/strong><\/a> \u00e9 o <a href=\"http:\/\/podcast.cancaonova.com\/canal.php?id=218\" target=\"_blank\"><strong>SocialCast<\/strong><\/a>, cujo objetivo \u00e9 apresentar as novidades das M\u00eddias Sociais e os recursos tecnol\u00f3gicos empregados pela Can\u00e7\u00e3o Nova para auxiliar na evangeliza\u00e7\u00e3o. Tudo isso, com uma linguagem simples, objetiva e descontra\u00edda.<\/p>\n<p>J\u00e1 temos o <a href=\"http:\/\/podcast.cancaonova.com\/programa.php?id=3814\" target=\"_blank\"><strong>epis\u00f3dio 1<\/strong><\/a> e <a href=\"http:\/\/podcast.cancaonova.com\/programa.php?id=3815\" target=\"_blank\"><strong>epis\u00f3dio 2<\/strong><\/a> produzidos. O primeiro epis\u00f3dio conta com apenas uma r\u00e1pida apresenta\u00e7\u00e3o do projeto e seus apresentadores, no qual procuramos mostrar o objetivo e os assuntos que ser\u00e3o tratados.<\/p>\n<p>Mas n\u00e3o deixe de participar, pois sua ajuda \u00e9 fundamental. Seja nos direcionando para melhorarmos a produ\u00e7\u00e3o dos epis\u00f3dios, seja sugerindo temas que gostaria que fossem abordados nos pr\u00f3ximos epis\u00f3dios.<\/p>\n<p>Nosso objetivo \u00e9 mostrar que as m\u00eddias sociais s\u00e3o uma realidade no dia a dia da Can\u00e7\u00e3o Nova e que elas podem e devem atuar a favor da evangeliza\u00e7\u00e3o.<\/p>\n<p><strong>Confira abaixo os dois primeiros epis\u00f3dios do SocialCast:<\/strong><\/p>\n<p><em><strong>Epis\u00f3dio 1 &#8211; Apresenta\u00e7\u00e3o<\/strong><\/em><\/p>\n<p><object id=\"PodPlayerCN\" classid=\"clsid:d27cdb6e-ae6d-11cf-96b8-444553540000\" width=\"303\" height=\"54\" codebase=\"http:\/\/download.macromedia.com\/pub\/shockwave\/cabs\/flash\/swflash.cab#version=6,0,40,0\"><param name=\"flashVars\" value=\"podcast=3814\" \/><param name=\"allowScriptAccess\" value=\"always\" \/><param name=\"src\" value=\"http:\/\/podcast.cancaonova.com\/cn_player.swf?6425\" \/><param name=\"name\" value=\"PodPlayerCN\" \/><param name=\"flashvars\" value=\"podcast=3814\" \/><embed id=\"PodPlayerCN\" type=\"application\/x-shockwave-flash\" width=\"303\" height=\"54\" src=\"http:\/\/podcast.cancaonova.com\/cn_player.swf?6425\" name=\"PodPlayerCN\" allowscriptaccess=\"always\" flashvars=\"podcast=3814\"><\/embed><\/object><\/p>\n<p><em><strong>Epis\u00f3dio 2 &#8211; Blog<\/strong><\/em><\/p>\n<p><object classid=\"clsid:D27CDB6E-AE6D-11cf-96B8-444553540000\" codebase=\"http:\/\/download.macromedia.com\/pub\/shockwave\/cabs\/flash\/swflash.cab#version=6,0,29,0\" width=\"303\" height=\"54\" id=\"PodPlayerCN\"><param name=\"flashVars\" value=\"podcast=3815\"><param name=\"movie\" value=\"http:\/\/podcast.cancaonova.com\/cn_player.swf?5707\" \/><param name=\"allowScriptAccess\" value=\"always\" \/><embed src=\"http:\/\/podcast.cancaonova.com\/cn_player.swf?627\" type=\"application\/x-shockwave-flash\" name=\"PodPlayerCN\" width=\"303\" height=\"54\" allowScriptAccess=\"always\" flashVars=\"podcast=3815\"\/><\/object><\/p>\n","protected":false},"excerpt":{"rendered":"<p>A Can\u00e7\u00e3o Nova tem utilizado cada vez mais a tecnologia a favor da evangeliza\u00e7\u00e3o. Prova disso \u00e9 a presen\u00e7a dessa obra de evangeliza\u00e7\u00e3o em v\u00e1rias ferramentas de m\u00eddias sociais (Blogs, Twitter, Facebook, Tumblr, entre outros). Outro recurso que a Can\u00e7\u00e3o&#8230;<\/p>\n","protected":false},"author":4543,"featured_media":0,"comment_status":"open","ping_status":"open","sticky":false,"template":"","format":"standard","meta":{"_mi_skip_tracking":false,"_monsterinsights_sitenote_active":false,"_monsterinsights_sitenote_note":"","_monsterinsights_sitenote_category":0,"footnotes":""},"categories":[27],"tags":[6351,63306,178143,63307,113],"_links":{"self":[{"href":"https:\/\/blog.cancaonova.com\/redacao\/wp-json\/wp\/v2\/posts\/8010"}],"collection":[{"href":"https:\/\/blog.cancaonova.com\/redacao\/wp-json\/wp\/v2\/posts"}],"about":[{"href":"https:\/\/blog.cancaonova.com\/redacao\/wp-json\/wp\/v2\/types\/post"}],"author":[{"embeddable":true,"href":"https:\/\/blog.cancaonova.com\/redacao\/wp-json\/wp\/v2\/users\/4543"}],"replies":[{"embeddable":true,"href":"https:\/\/blog.cancaonova.com\/redacao\/wp-json\/wp\/v2\/comments?post=8010"}],"version-history":[{"count":24,"href":"https:\/\/blog.cancaonova.com\/redacao\/wp-json\/wp\/v2\/posts\/8010\/revisions"}],"predecessor-version":[{"id":8015,"href":"https:\/\/blog.cancaonova.com\/redacao\/wp-json\/wp\/v2\/posts\/8010\/revisions\/8015"}],"wp:attachment":[{"href":"https:\/\/blog.cancaonova.com\/redacao\/wp-json\/wp\/v2\/media?parent=8010"}],"wp:term":[{"taxonomy":"category","embeddable":true,"href":"https:\/\/blog.cancaonova.com\/redacao\/wp-json\/wp\/v2\/categories?post=8010"},{"taxonomy":"post_tag","embeddable":true,"href":"https:\/\/blog.cancaonova.com\/redacao\/wp-json\/wp\/v2\/tags?post=8010"}],"curies":[{"name":"wp","href":"https:\/\/api.w.org\/{rel}","templated":true}]}}