{"id":8126,"date":"2011-09-17T20:17:19","date_gmt":"2011-09-17T23:17:19","guid":{"rendered":"http:\/\/blog.cancaonova.com\/redacao\/?p=8126"},"modified":"2011-09-19T11:20:21","modified_gmt":"2011-09-19T14:20:21","slug":"i-encontro-de-blogueiros-catolicos-da-arquidiocese-do-rio","status":"publish","type":"post","link":"https:\/\/blog.cancaonova.com\/redacao\/i-encontro-de-blogueiros-catolicos-da-arquidiocese-do-rio\/","title":{"rendered":"I Encontro de blogueiros Cat\u00f3licos da Arquidiocese do Rio"},"content":{"rendered":"<p style=\"text-align: center\">\ufeff<a href=\"http:\/\/blog.cancaonova.com\/redacao\/files\/2011\/09\/eblog_site.jpg\"><img loading=\"lazy\" decoding=\"async\" class=\"size-full wp-image-8135 aligncenter\" src=\"http:\/\/blog.cancaonova.com\/redacao\/files\/2011\/09\/eblog_site.jpg\" alt=\"\" width=\"240\" height=\"180\" \/><\/a><\/p>\n<p>O I Encontro de Blogueiros Cat\u00f3licos da Arquidiocese do Rio aconteceu neste s\u00e1bado (17), no Rio de Janeiro &#8211; RJ, e teve seu in\u00edcio com a apresenta\u00e7\u00e3o de Marcus Cazumba, organizador do E+blogRio, e Padre Marcio Queiroz, coordenador da pastoral da comunicacao da Arquidiocese do Rio de Janeiro.<\/p>\n<p>S\u00edlvia Helena, assistente social e jornalista, fez a primeira palestra, falando sobre a import\u00e2ncia de viver os valores crist\u00e3os nos meios em que atuamos. Em seu col\u00f3quio procurou  resgatar a consci\u00eancia crist\u00e3 de cada blogueiro, mostrando que &#8220;antes de qualquer t\u00edtulo,  somos pessoas que precisamos ter um encontro pessoal com Jesus e buscarmos  uma experi\u00eancia di\u00e1ria&#8221;.<\/p>\n<p>A jornalista ainda destacou a import\u00e2ncia do leigo na Igreja, e informou que o Rio tem pouco mais que 49% de cat\u00f3licos, sendo o segundo menor \u00edndice de cat\u00f3licos no  BRASIL, s\u00f3 perdendo para S\u00e3o Paulo. Segundo S\u00edlvia, o Rio tem o cen\u00e1rio ideal para evangeliza\u00e7\u00e3o  nos dia de hoje.\u00a0 &#8220;Somos da gera\u00e7\u00e3o de Jo\u00e3o Paulo II&#8221; afirmou.<\/p>\n<p>Na segunda palestra, Nice Afonso, editora respons\u00e1vel pelo portal da arquidiocese, com o tema &#8220;Liberdade, responsabilidade e clareza na comunica\u00e7\u00e3o cat\u00f3lica&#8221;, falou sobre a import\u00e2ncia de ser um pessoa decidida de seus valores, nunca  ceder as quest\u00f5es que v\u00e3o contra os nossos princ\u00edpios. &#8220;o blog tem o  poder de alcan\u00e7ar pessoas que talvez a Igreja n\u00e3o alcan\u00e7aria&#8221;, declarou Nice. &#8220;Voc\u00ea pode e deve sempre ter uma atitude crist\u00e3&#8221;, conclui a editora.<\/p>\n<p><a href=\"http:\/\/blog.cancaonova.com\/redacao\/files\/2011\/09\/domorani1.jpg\"><img loading=\"lazy\" decoding=\"async\" class=\"alignleft size-full wp-image-8144\" style=\"margin-left: 25px;margin-right: 25px\" src=\"http:\/\/blog.cancaonova.com\/redacao\/files\/2011\/09\/domorani1.jpg\" alt=\"Dom Orani no I Encontro de blogueiros\" width=\"500\" height=\"314\" srcset=\"https:\/\/blog.cancaonova.com\/redacao\/files\/2011\/09\/domorani1.jpg 500w, https:\/\/blog.cancaonova.com\/redacao\/files\/2011\/09\/domorani1-300x188.jpg 300w\" sizes=\"(max-width: 500px) 100vw, 500px\" \/><\/a><\/p>\n<p><strong>Dom Orani Jo\u00e3o Tempesta, arcebispo da Arquidiocese do Rio de Janeiro, tamb\u00e9m marcou presen\u00e7a no evento, dizendo que &#8220;muito mais do que aprender as t\u00e9cnicas e as formas para um bom trabalho  como blogueiro, o mais importante deste evento \u00e9 reunir as pessoas para  aprofundar os valores da nossa f\u00e9&#8221;, disse o Arcebispo. Padre Marcos Wiliam  participou deste momento falando da import\u00e2ncia de querermos evangelizar  por estes meios.<\/strong><\/p>\n<p>A equipe de comunica\u00e7\u00e3o do portal da arquidiocese falou de sua  experi\u00eancia de trabalhar no segmento religioso e a necessidade de ter  uma linguagem espec\u00edfica para este segmento, e encorajou a todos presentes a se dedicarem neste trabalho de evangeliza\u00e7\u00e3o. Ao final, um momento de ora\u00e7\u00e3o entre os blogueiros.<\/p>\n<p style=\"text-align: justify\">Na parte da tarde, houve uma mesa redonda, sendo composta por Alexandra Gurgel, Paulo Moraes, Flor Marta e como moderador, Aldo Marques, em que puderam discutir sobre a evangeliza\u00e7\u00e3o atrav\u00e9s dos blogs, em seguida os participantes foram divididos em quatro grupos, onde trocaram experi\u00eancias vividas sobre a forma como trabalham com seus blogs. No final um representante de cada grupo apresentou as conclus\u00f5es dos grupos, finalizando assim o encontro.<a href=\"http:\/\/blog.cancaonova.com\/redacao\/files\/2011\/09\/eblog_site.jpg\"><br \/>\n<\/a><a href=\"http:\/\/blog.cancaonova.com\/redacao\/files\/2011\/09\/foto1.jpg\"><img loading=\"lazy\" decoding=\"async\" class=\"size-full wp-image-8145 aligncenter\" style=\"margin: 5px 25px\" src=\"http:\/\/blog.cancaonova.com\/redacao\/files\/2011\/09\/foto1.jpg\" alt=\"Encontro de blogueiros arquidiocese do Rio\" width=\"500\" height=\"200\" srcset=\"https:\/\/blog.cancaonova.com\/redacao\/files\/2011\/09\/foto1.jpg 500w, https:\/\/blog.cancaonova.com\/redacao\/files\/2011\/09\/foto1-300x120.jpg 300w\" sizes=\"(max-width: 500px) 100vw, 500px\" \/><\/a><strong><a href=\"http:\/\/blog.cancaonova.com\/\" target=\"_blank\">:: Conhe\u00e7a nosso portal de blogs<\/a><\/strong><\/p>\n","protected":false},"excerpt":{"rendered":"<p>\ufeff O I Encontro de Blogueiros Cat\u00f3licos da Arquidiocese do Rio aconteceu neste s\u00e1bado (17), no Rio de Janeiro &#8211; RJ, e teve seu in\u00edcio com a apresenta\u00e7\u00e3o de Marcus Cazumba, organizador do E+blogRio, e Padre Marcio Queiroz, coordenador da&#8230;<\/p>\n","protected":false},"author":1051,"featured_media":0,"comment_status":"open","ping_status":"open","sticky":false,"template":"","format":"standard","meta":{"_mi_skip_tracking":false,"_monsterinsights_sitenote_active":false,"_monsterinsights_sitenote_note":"","_monsterinsights_sitenote_category":0,"footnotes":""},"categories":[1351,19,32,27],"tags":[16103,18784,63314,41649,26818],"_links":{"self":[{"href":"https:\/\/blog.cancaonova.com\/redacao\/wp-json\/wp\/v2\/posts\/8126"}],"collection":[{"href":"https:\/\/blog.cancaonova.com\/redacao\/wp-json\/wp\/v2\/posts"}],"about":[{"href":"https:\/\/blog.cancaonova.com\/redacao\/wp-json\/wp\/v2\/types\/post"}],"author":[{"embeddable":true,"href":"https:\/\/blog.cancaonova.com\/redacao\/wp-json\/wp\/v2\/users\/1051"}],"replies":[{"embeddable":true,"href":"https:\/\/blog.cancaonova.com\/redacao\/wp-json\/wp\/v2\/comments?post=8126"}],"version-history":[{"count":20,"href":"https:\/\/blog.cancaonova.com\/redacao\/wp-json\/wp\/v2\/posts\/8126\/revisions"}],"predecessor-version":[{"id":8142,"href":"https:\/\/blog.cancaonova.com\/redacao\/wp-json\/wp\/v2\/posts\/8126\/revisions\/8142"}],"wp:attachment":[{"href":"https:\/\/blog.cancaonova.com\/redacao\/wp-json\/wp\/v2\/media?parent=8126"}],"wp:term":[{"taxonomy":"category","embeddable":true,"href":"https:\/\/blog.cancaonova.com\/redacao\/wp-json\/wp\/v2\/categories?post=8126"},{"taxonomy":"post_tag","embeddable":true,"href":"https:\/\/blog.cancaonova.com\/redacao\/wp-json\/wp\/v2\/tags?post=8126"}],"curies":[{"name":"wp","href":"https:\/\/api.w.org\/{rel}","templated":true}]}}