{"id":8264,"date":"2011-10-04T17:08:38","date_gmt":"2011-10-04T20:08:38","guid":{"rendered":"http:\/\/blog.cancaonova.com\/redacao\/?p=8264"},"modified":"2011-10-04T17:08:39","modified_gmt":"2011-10-04T20:08:39","slug":"exposicao-abre-o-segundo-dia-da-semana-cancao-nova","status":"publish","type":"post","link":"https:\/\/blog.cancaonova.com\/redacao\/exposicao-abre-o-segundo-dia-da-semana-cancao-nova\/","title":{"rendered":"Exposi\u00e7\u00e3o abre o segundo dia da Semana Can\u00e7\u00e3o Nova"},"content":{"rendered":"<p>A Can\u00e7\u00e3o Nova promove, entre os dias 3 e 7 de outubro, a Semana Can\u00e7\u00e3o Nova, cujo objetivo \u00e9 promover a intera\u00e7\u00e3o dos colaboradores com a miss\u00e3o da comunidade, apresentando a hist\u00f3ria desta e sua evolu\u00e7\u00e3o.<\/p>\n<p><a rel=\"attachment wp-att-8265\" href=\"http:\/\/blog.cancaonova.com\/redacao\/exposicao-abre-o-segundo-dia-da-semana-cancao-nova\/04_eventos-001\/\"><img loading=\"lazy\" decoding=\"async\" class=\"size-medium wp-image-8265 alignleft\" src=\"http:\/\/blog.cancaonova.com\/redacao\/files\/2011\/10\/04_eventos-001-300x202.jpg\" alt=\"Semana Can\u00e7\u00e3o Nova\" width=\"300\" height=\"202\" srcset=\"https:\/\/blog.cancaonova.com\/redacao\/files\/2011\/10\/04_eventos-001-300x202.jpg 300w, https:\/\/blog.cancaonova.com\/redacao\/files\/2011\/10\/04_eventos-001.jpg 370w\" sizes=\"(max-width: 300px) 100vw, 300px\" \/><\/a>Nesta ter\u00e7a-feira, 4 de outubro, aconteceu no &#8216;Rinc\u00e3o do meu Senhor&#8217;, a exposi\u00e7\u00e3o com estandes dos v\u00e1rios departamentos que comp\u00f5e a Can\u00e7\u00e3o Nova e a Funda\u00e7\u00e3o Jo\u00e3o Paulo II, mantenedora desta obra de evangeliza\u00e7\u00e3o.<\/p>\n<p>Na exposi\u00e7\u00e3o, estavam presentes departamentos como TV, R\u00e1dio, Jornalismo, TI (Tecnologia da Informa\u00e7\u00e3o), DAVI (Departamento de \u00c1udiovisuais), WebTV, Infraestrutura, Ag\u00eancia de Publicidade entre outros.<\/p>\n<p>Alguns departamentos colocaram em exposi\u00e7\u00e3o um pouco de sua hist\u00f3ria. Foram exibidos equipamentos utilizados desde o in\u00edcio do Sistema Can\u00e7\u00e3o Nova de Comunica\u00e7\u00e3o, tais como c\u00e2meras, gravadores e computadores antigos.<\/p>\n<p>Como nem s\u00f3 de equipamentos vive uma obra de evangeliza\u00e7\u00e3o, a Can\u00e7\u00e3o Nova n\u00e3o deixou de valorizar seus colaboradores e mission\u00e1rios pelo esfor\u00e7o di\u00e1rio. Prova disso \u00e9 a presen\u00e7a de um espa\u00e7o reservado para fotografias e imagens que mostram um pouco das pessoas que ajudaram a fazer essa hist\u00f3ria.<\/p>\n<p>Todo conte\u00fado produzido, visando a evangeliza\u00e7\u00e3o, \u00e9 resultado da integra\u00e7\u00e3o de v\u00e1rios setores da Can\u00e7\u00e3o Nova. Um dos mission\u00e1rios desta Comunidade falou sobre o papel da Ag\u00eancia de Publicidade nessa obra.<\/p>\n<p>\u201cProduzimos conte\u00fado para os intervalos na programa\u00e7\u00e3o da TV Can\u00e7\u00e3o Nova, j\u00e1 que n\u00e3o possu\u00edmos conte\u00fado patrocinado nesses hor\u00e1rios. Tamb\u00e9m produzimos algumas aberturas de programas, al\u00e9m de trabalharmos integrados com outras m\u00eddias como os departamentos de R\u00e1dio e Jornalismo. Tudo isso por meio de jingles, cartazes, VTs institucionais e revista Can\u00e7\u00e3o Nova\u201d, explica o mission\u00e1rio Guilherme Zapparoli.<\/p>\n<p>A Can\u00e7\u00e3o Nova trabalha com as diversas m\u00eddias que est\u00e3o dispon\u00edveis hoje. E isso \u00e9 fator determinante para os frutos que a comunidade colhe atrav\u00e9s da sua evangeliza\u00e7\u00e3o. Assim como seu fundador, monsenhor Jonas Abib, orienta, o objetivo \u00e9 proporcionar forma\u00e7\u00e3o por meio da informa\u00e7\u00e3o.<\/p>\n","protected":false},"excerpt":{"rendered":"<p>A Can\u00e7\u00e3o Nova promove, entre os dias 3 e 7 de outubro, a Semana Can\u00e7\u00e3o Nova, cujo objetivo \u00e9 promover a intera\u00e7\u00e3o dos colaboradores com a miss\u00e3o da comunidade, apresentando a hist\u00f3ria desta e sua evolu\u00e7\u00e3o. Nesta ter\u00e7a-feira, 4 de&#8230;<\/p>\n","protected":false},"author":4543,"featured_media":0,"comment_status":"open","ping_status":"open","sticky":false,"template":"","format":"standard","meta":{"_mi_skip_tracking":false,"_monsterinsights_sitenote_active":false,"_monsterinsights_sitenote_note":"","_monsterinsights_sitenote_category":0,"footnotes":""},"categories":[1351],"tags":[6351,7671,3211,17311,11871,17349,4251],"_links":{"self":[{"href":"https:\/\/blog.cancaonova.com\/redacao\/wp-json\/wp\/v2\/posts\/8264"}],"collection":[{"href":"https:\/\/blog.cancaonova.com\/redacao\/wp-json\/wp\/v2\/posts"}],"about":[{"href":"https:\/\/blog.cancaonova.com\/redacao\/wp-json\/wp\/v2\/types\/post"}],"author":[{"embeddable":true,"href":"https:\/\/blog.cancaonova.com\/redacao\/wp-json\/wp\/v2\/users\/4543"}],"replies":[{"embeddable":true,"href":"https:\/\/blog.cancaonova.com\/redacao\/wp-json\/wp\/v2\/comments?post=8264"}],"version-history":[{"count":5,"href":"https:\/\/blog.cancaonova.com\/redacao\/wp-json\/wp\/v2\/posts\/8264\/revisions"}],"predecessor-version":[{"id":8270,"href":"https:\/\/blog.cancaonova.com\/redacao\/wp-json\/wp\/v2\/posts\/8264\/revisions\/8270"}],"wp:attachment":[{"href":"https:\/\/blog.cancaonova.com\/redacao\/wp-json\/wp\/v2\/media?parent=8264"}],"wp:term":[{"taxonomy":"category","embeddable":true,"href":"https:\/\/blog.cancaonova.com\/redacao\/wp-json\/wp\/v2\/categories?post=8264"},{"taxonomy":"post_tag","embeddable":true,"href":"https:\/\/blog.cancaonova.com\/redacao\/wp-json\/wp\/v2\/tags?post=8264"}],"curies":[{"name":"wp","href":"https:\/\/api.w.org\/{rel}","templated":true}]}}