{"id":8271,"date":"2011-10-05T14:11:42","date_gmt":"2011-10-05T17:11:42","guid":{"rendered":"http:\/\/blog.cancaonova.com\/redacao\/?p=8271"},"modified":"2011-10-05T14:11:45","modified_gmt":"2011-10-05T17:11:45","slug":"santa-missa-celebrada-por-monsenhor-jonas-encerra-semana-cancao-nova","status":"publish","type":"post","link":"https:\/\/blog.cancaonova.com\/redacao\/santa-missa-celebrada-por-monsenhor-jonas-encerra-semana-cancao-nova\/","title":{"rendered":"Santa Missa celebrada por Monsenhor Jonas encerra Semana Can\u00e7\u00e3o Nova"},"content":{"rendered":"<p>A Semana Can\u00e7\u00e3o Nova \u00e9 uma idealiza\u00e7\u00e3o da cofundadora da comunidade cat\u00f3lica, Luzia Santiago. Para o encerramento desta festividade,  a TVCN apresentou sua nova programa\u00e7\u00e3o com seis novos programas e realizou uma Missa para os colaboradores desta obra, celebrada pelo fundador da comunidade Can\u00e7\u00e3o Nova, monsenhor Jonas Abib.<\/p>\n<p><a rel=\"attachment wp-att-8272\" href=\"http:\/\/blog.cancaonova.com\/redacao\/santa-missa-celebrada-por-monsenhor-jonas-encerra-semana-cancao-nova\/05_eventos-002\/\"><img loading=\"lazy\" decoding=\"async\" class=\"alignleft size-full wp-image-8272\" src=\"http:\/\/blog.cancaonova.com\/redacao\/files\/2011\/10\/05_eventos-002.jpg\" alt=\"Padre Fabricio Andrade\" width=\"180\" height=\"220\" \/><\/a>Durante a cerim\u00f4nia, o sacerdote ressaltou a import\u00e2ncia do tabalho de cada colaborador e mission\u00e1rio que faz com que a Can\u00e7\u00e3o Nova leve a tantos lares, ao redor do mundo, o Evangelho e o amor de Deus.<\/p>\n<p>Padre Fabr\u00edcio Andrade frisou, durante a homilia, que a provid\u00eancia pregada na Comunidade Can\u00e7\u00e3o Nova nunca \u00e9 composta de simples frases jogadas ao vento, mas est\u00e1 sempre amparada pela Palavra de Deus.<\/p>\n<p>Assim como a liturgia de hoje nos mostra tanto o relato do profeta Jonas, que se disp\u00f5e a trabalhar nas obras de Deus, quanto a narra\u00e7\u00e3o dos disc\u00edpulos de Jesus que se dispuseram a servir o Senhor por meio do Seu Filho, Jesus Cristo, a hist\u00f3ria se repete, nos dias de hoje, atrav\u00e9s da coragem e vis\u00e3o de Monsenhor Jonas Abib.<\/p>\n<p>Padre Jonas, como \u00e9 conhecido, fundou a comunidade cat\u00f3lica amparado na Palavra de Deus, na miss\u00e3o que o Senhor lhe entregou. Mas, desde o in\u00edcio, contou com seus disc\u00edpulos que, assim como no Santo Evangelho, foram fi\u00e9is e o seguiram, pois sabiam que ali nascia uma obra divina.<\/p>\n<p>Os colaboradores e mission\u00e1rios da Can\u00e7\u00e3o Nova s\u00e3o os disc\u00edpulos de hoje, que aceitaram a miss\u00e3o de evangelizar atrav\u00e9s dos meios de comunica\u00e7\u00e3o que a obra disp\u00f5e. Mais do que mission\u00e1rios e colaboradores, todos s\u00e3o uma fam\u00edlia e compartilham alegrias, tristezas e, principalmente, os desafios que a evangeliza\u00e7\u00e3o apresenta todos os dias.<\/p>\n<p><a rel=\"attachment wp-att-8273\" href=\"http:\/\/blog.cancaonova.com\/redacao\/santa-missa-celebrada-por-monsenhor-jonas-encerra-semana-cancao-nova\/05_eventos-003\/\"><img loading=\"lazy\" decoding=\"async\" class=\"alignleft size-medium wp-image-8273\" src=\"http:\/\/blog.cancaonova.com\/redacao\/files\/2011\/10\/05_eventos-003-300x202.jpg\" alt=\"Homilia da Missa de Encerramento da Semana Can\u00e7\u00e3o Nova\" width=\"300\" height=\"202\" srcset=\"https:\/\/blog.cancaonova.com\/redacao\/files\/2011\/10\/05_eventos-003-300x202.jpg 300w, https:\/\/blog.cancaonova.com\/redacao\/files\/2011\/10\/05_eventos-003.jpg 370w\" sizes=\"(max-width: 300px) 100vw, 300px\" \/><\/a>O compromisso entre todos nos leva a cultivar e manter o esp\u00edrito de equipe, essencial para que o trabalho di\u00e1rio seja feito com qualidade, pois somente profissionais de qualidade n\u00e3o s\u00e3o suficientes se o trabalho for feito individualmente.<\/p>\n<p>Por fim, Luzia Santiago prestou uma homagem aos colaboradores que participam dessa obra h\u00e1 mais de 20 anos. Na ocasi\u00e3o, a cofundadora fez quest\u00e3o de mostrar a import\u00e2ncia, n\u00e3o s\u00f3 dos mission\u00e1rios, mas tamb\u00e9m dos colaboradores para que a comunidade gere frutos. Desde o in\u00edcio de sua funda\u00e7\u00e3o, a Can\u00e7\u00e3o Nova conta com a\u00e7\u00e3o de mission\u00e1rios, colaboradores e volunt\u00e1rios, que se doam, diariamente, para que a obra cres\u00e7a.<\/p>\n<p>Pensando assim, mais do que uma comunidade, a Can\u00e7\u00e3o Nova \u00e9 uma fam\u00edlia que trabalha unida, e cujo \u00fanico objetivo \u00e9 levar forma\u00e7\u00e3o e evangeliza\u00e7\u00e3o para milh\u00f5es de pessoas.<\/p>\n<div style=\"text-align: center\"><span><span><span><span><span><span><span style=\"color: #0033cc\"><span style=\"color: #0033cc\"><span style=\"color: #0033cc\"><span style=\"color: #0033cc\"><span style=\"color: #0033cc\"><span style=\"color: #0033cc\"><a href=\"http:\/\/www.casanovacancaonova.com\/\" target=\"_blank\"><strong><span style=\"color: #0033cc\">Participe da Promo\u00e7\u00e3o &#8220;Casa Nova, Can\u00e7\u00e3o Nova&#8221;. <\/span><\/strong><span style=\"color: #0033cc\"><br \/>\n<strong>Evangeliza\u00e7\u00e3o e muitos pr\u00eamios para voc\u00ea<\/strong><\/span><\/a><\/span><\/span><\/span><\/span><\/span><\/span><\/span><\/span><\/span><\/span><\/span><\/span><\/div>\n<div style=\"text-align: center\"><span><span><span><span><span><span><span style=\"color: #0033cc\"><span style=\"color: #0033cc\"><span style=\"color: #0033cc\"><span style=\"color: #0033cc\"><span style=\"color: #0033cc\"><span style=\"color: #0033cc\"><span style=\"color: #0033cc\"><strong><br \/>\n<\/strong><\/span><\/span><\/span><\/span><\/span><\/span><\/span><\/span><\/span><\/span><\/span><\/span><\/span><\/div>\n","protected":false},"excerpt":{"rendered":"<p>A Semana Can\u00e7\u00e3o Nova \u00e9 uma idealiza\u00e7\u00e3o da cofundadora da comunidade cat\u00f3lica, Luzia Santiago. Para o encerramento desta festividade, a TVCN apresentou sua nova programa\u00e7\u00e3o com seis novos programas e realizou uma Missa para os colaboradores desta obra, celebrada pelo&#8230;<\/p>\n","protected":false},"author":4543,"featured_media":0,"comment_status":"open","ping_status":"open","sticky":false,"template":"","format":"standard","meta":{"_mi_skip_tracking":false,"_monsterinsights_sitenote_active":false,"_monsterinsights_sitenote_note":"","_monsterinsights_sitenote_category":0,"footnotes":""},"categories":[1351],"tags":[6351,9291,10351,18559,33505,28741,17349],"_links":{"self":[{"href":"https:\/\/blog.cancaonova.com\/redacao\/wp-json\/wp\/v2\/posts\/8271"}],"collection":[{"href":"https:\/\/blog.cancaonova.com\/redacao\/wp-json\/wp\/v2\/posts"}],"about":[{"href":"https:\/\/blog.cancaonova.com\/redacao\/wp-json\/wp\/v2\/types\/post"}],"author":[{"embeddable":true,"href":"https:\/\/blog.cancaonova.com\/redacao\/wp-json\/wp\/v2\/users\/4543"}],"replies":[{"embeddable":true,"href":"https:\/\/blog.cancaonova.com\/redacao\/wp-json\/wp\/v2\/comments?post=8271"}],"version-history":[{"count":10,"href":"https:\/\/blog.cancaonova.com\/redacao\/wp-json\/wp\/v2\/posts\/8271\/revisions"}],"predecessor-version":[{"id":8283,"href":"https:\/\/blog.cancaonova.com\/redacao\/wp-json\/wp\/v2\/posts\/8271\/revisions\/8283"}],"wp:attachment":[{"href":"https:\/\/blog.cancaonova.com\/redacao\/wp-json\/wp\/v2\/media?parent=8271"}],"wp:term":[{"taxonomy":"category","embeddable":true,"href":"https:\/\/blog.cancaonova.com\/redacao\/wp-json\/wp\/v2\/categories?post=8271"},{"taxonomy":"post_tag","embeddable":true,"href":"https:\/\/blog.cancaonova.com\/redacao\/wp-json\/wp\/v2\/tags?post=8271"}],"curies":[{"name":"wp","href":"https:\/\/api.w.org\/{rel}","templated":true}]}}