{"id":8308,"date":"2011-10-09T16:43:11","date_gmt":"2011-10-09T19:43:11","guid":{"rendered":"http:\/\/blog.cancaonova.com\/redacao\/?p=8308"},"modified":"2011-10-09T16:43:11","modified_gmt":"2011-10-09T19:43:11","slug":"e-preciso-ser-amigo-do-carisma-e-da-historia-da-cancao-nova","status":"publish","type":"post","link":"https:\/\/blog.cancaonova.com\/redacao\/e-preciso-ser-amigo-do-carisma-e-da-historia-da-cancao-nova\/","title":{"rendered":"\u00c9 preciso ser amigo do Carisma e da hist\u00f3ria da Can\u00e7\u00e3o Nova"},"content":{"rendered":"<p><strong>1\u00ba Encontro dos grupos de Amigos da Can\u00e7\u00e3o Nova<\/strong><\/p>\n<p>O fundador da Comunidade Can\u00e7\u00e3o Nova, Monsenhor Jonas Abib, esteve em Lavrinhas, SP, neste s\u00e1bado para presidir a santa missa e acolher os mais de 150 representantes dos 10 grupos de amigos da Can\u00e7\u00e3o Nova, espalhados por todo o pa\u00eds. Eles participam do 1\u00ba Retiro dos Grupos de Amigos da Can\u00e7\u00e3o Nova. \u201cOs amigos s\u00e3o como que os nossos bra\u00e7os estendidos. Eles v\u00e3o onde n\u00e3o podemos ir\u201d, afirmou.<\/p>\n<p>O evento \u00e9 o sinal concreto de que o Carisma Can\u00e7\u00e3o Nova tem alargado fronteiras e atingido lugares onde sequer existe frente de miss\u00e3o da Can\u00e7\u00e3o Nova, como \u00e9 o caso desses grupos, que promovem diversas atividades em nome da Can\u00e7\u00e3o Nova, \u00a0oficialmente reconhecidos e acompanhados por ela.<\/p>\n<p>Padre Fabr\u00edcio Andrade, em sua homilia, disse que os amigos precisam ser amigos n\u00e3o somente dos membros, mas do Carisma e da hist\u00f3ria da Can\u00e7\u00e3o Nova, uma amizade livre e sadia, que passa pela amizade com a Palavra de Deus.<\/p>\n<p>Di\u00e1cono Nelsinho Corr\u00eaa, com o seu perfil de contador de casos, pregou de forma descontra\u00edda aos amigos, disse que eles s\u00e3o como que uma \u201ctiririca, que nasce onde n\u00e3o se espera, em meio a pedras e sem a ajuda de ningu\u00e9m, como uma crian\u00e7a que j\u00e1 nasceu de dente e andando\u201d, brincou para falar dessa forma inesperada e espont\u00e2nea com que surgem esses pequenos n\u00facleos.<\/p>\n<p>A cofundadora da Can\u00e7\u00e3o Nova, Luzia Santiago, falou dos primeiros amigos que a Comunidade teve ao longo de sua hist\u00f3ria e ressaltou a import\u00e2ncia deles para o cumprimento da miss\u00e3o. O encontro foi encerrado com a missa presidida por Padre Paulinho, j\u00e1 considerado o \u201cpadre dos grupos de amigos\u201d, pelas visitas constantes que tem feito aos grupos, em v\u00e1rios estados.<\/p>\n<p style=\"text-align: justify\"><a href=\"http:\/\/blog.cancaonova.com\/redacao\/files\/2011\/10\/amigoscancaonova.jpg\"><img loading=\"lazy\" decoding=\"async\" class=\"size-full wp-image-8309 aligncenter\" src=\"http:\/\/blog.cancaonova.com\/redacao\/files\/2011\/10\/amigoscancaonova.jpg\" alt=\"Grupo de amigos Can\u00e7\u00e3o Nova\" width=\"370\" height=\"250\" srcset=\"https:\/\/blog.cancaonova.com\/redacao\/files\/2011\/10\/amigoscancaonova.jpg 370w, https:\/\/blog.cancaonova.com\/redacao\/files\/2011\/10\/amigoscancaonova-300x202.jpg 300w\" sizes=\"(max-width: 370px) 100vw, 370px\" \/><\/a><br \/>\n<strong>Encontro hist\u00f3rico<\/strong><\/p>\n<p>Esta \u00e9 a primeira vez que a Can\u00e7\u00e3o Nova re\u00fane os l\u00edderes dessas equipes para forma\u00e7\u00e3o, integra\u00e7\u00e3o e norteamento de futuras a\u00e7\u00f5es. A inten\u00e7\u00e3o era propiciar um ambiente favor\u00e1vel para que a diretoria da institui\u00e7\u00e3o os orientasse e os conduzisse nas a\u00e7\u00f5es que realizam em nome da institui\u00e7\u00e3o, j\u00e1 que esses grupos, embora distantes da sede em Cachoeira Paulista, atuam como pequenas c\u00e9lulas de evangeliza\u00e7\u00e3o.<\/p>\n<p>Cada grupo apresentou um v\u00eddeo de 10 minutos mostrando as iniciativas que t\u00eam desenvolvido em suas respectivas cidades. O encontro tamb\u00e9m foi um momento de integra\u00e7\u00e3o, partilha de iniciativas e conviv\u00eancia fraterna.<\/p>\n<p>&#8220;S\u00e3o pessoas que, contagiadas pelo carisma Can\u00e7\u00e3o Nova, levam a mesma gra\u00e7a para sua regi\u00e3o&#8221;, explica a coordenadora dos Grupos de Amigos Can\u00e7\u00e3o Nova, Eliana Maria. \u00a0Ela conta que os grupos come\u00e7aram em 2007, reunindo amigos e vocacionados em cidades onde h\u00e1 casa de miss\u00e3o da Can\u00e7\u00e3o Nova. Mas a iniciativa se espalhou e, assim como Monsenhor desejava, os grupos passaram tamb\u00e9m a ser criados em cidades e estados onde os membros da Comunidade n\u00e3o est\u00e3o.<\/p>\n<p>Esse cont\u00e1gio do Carisma pelo Brasil e pelo mundo j\u00e1 era algo previsto pelo fundador da institui\u00e7\u00e3o. &#8220;O carisma Can\u00e7\u00e3o Nova \u00e9 como uma pedra lan\u00e7ada no rio, ningu\u00e9m sabe onde as ondas v\u00e3o chegar&#8221;, j\u00e1 dizia Monsenhor Jonas. Tanto que j\u00e1 come\u00e7am a surgir grupos como esses no exterior.<\/p>\n<p><strong>Atua\u00e7\u00e3o dos Grupos de Amigos Can\u00e7\u00e3o Nova:<\/strong><\/p>\n<p>O Grupo de Amigos atua em seus respectivos estados em comunh\u00e3o com o Bispo Diocesano local, por meio de padres que lhes ajudam com dire\u00e7\u00e3o espiritual e em sintonia com as dire\u00e7\u00f5es da Can\u00e7\u00e3o Nova em Cachoeira Paulista (SP), atrav\u00e9s da Assessoria de Imprensa e Comunica\u00e7\u00e3o.<\/p>\n<p>J\u00e1 os grupos das cidades onde existem frentes de miss\u00e3o da Can\u00e7\u00e3o Nova est\u00e3o ligados \u00e0 equipe vocacional da miss\u00e3o. Entre as atividades de evangeliza\u00e7\u00e3o que realizam em suas cidades, destacam-se eventos como: retiros, kair\u00f3s, missas, shows, al\u00e9m de ser suporte da Can\u00e7\u00e3o Nova junto \u00e0 popula\u00e7\u00e3o distante da sede ou das casas de miss\u00e3o.<\/p>\n<p>Os grupos ajudam no desenvolvimento e manuten\u00e7\u00e3o dos projetos e iniciativas da Funda\u00e7\u00e3o Jo\u00e3o Paulo II, como r\u00e1dio, livraria, bazar, clube da evangeliza\u00e7\u00e3o e promovem peregrina\u00e7\u00f5es \u00e0 Cachoeira Paulista.<\/p>\n<p>As cidades onde est\u00e3o presentes s\u00e3o: Bauru\/SP, Bel\u00e9m\/PA, Florian\u00f3polis\/SC, Londrina\/PR, Manaus\/AM, Nova Esperan\u00e7a\/PR, Pindamonhangaba\/SP, Salvador\/BA, Vacaria\/RS e Vit\u00f3ria\/ES.<\/p>\n<p style=\"text-align: justify\">\n<p style=\"text-align: justify\"><em>Por Thaysi Santos<br \/>\nAssessoria de Imprensa<\/em><\/p>\n","protected":false},"excerpt":{"rendered":"<p>1\u00ba Encontro dos grupos de Amigos da Can\u00e7\u00e3o Nova O fundador da Comunidade Can\u00e7\u00e3o Nova, Monsenhor Jonas Abib, esteve em Lavrinhas, SP, neste s\u00e1bado para presidir a santa missa e acolher os mais de 150 representantes dos 10 grupos de&#8230;<\/p>\n","protected":false},"author":1051,"featured_media":0,"comment_status":"open","ping_status":"open","sticky":false,"template":"","format":"standard","meta":{"_mi_skip_tracking":false,"_monsterinsights_sitenote_active":false,"_monsterinsights_sitenote_note":"","_monsterinsights_sitenote_category":0,"footnotes":""},"categories":[1351,19,32],"tags":[211,6351,17409,8841,23],"_links":{"self":[{"href":"https:\/\/blog.cancaonova.com\/redacao\/wp-json\/wp\/v2\/posts\/8308"}],"collection":[{"href":"https:\/\/blog.cancaonova.com\/redacao\/wp-json\/wp\/v2\/posts"}],"about":[{"href":"https:\/\/blog.cancaonova.com\/redacao\/wp-json\/wp\/v2\/types\/post"}],"author":[{"embeddable":true,"href":"https:\/\/blog.cancaonova.com\/redacao\/wp-json\/wp\/v2\/users\/1051"}],"replies":[{"embeddable":true,"href":"https:\/\/blog.cancaonova.com\/redacao\/wp-json\/wp\/v2\/comments?post=8308"}],"version-history":[{"count":1,"href":"https:\/\/blog.cancaonova.com\/redacao\/wp-json\/wp\/v2\/posts\/8308\/revisions"}],"predecessor-version":[{"id":8310,"href":"https:\/\/blog.cancaonova.com\/redacao\/wp-json\/wp\/v2\/posts\/8308\/revisions\/8310"}],"wp:attachment":[{"href":"https:\/\/blog.cancaonova.com\/redacao\/wp-json\/wp\/v2\/media?parent=8308"}],"wp:term":[{"taxonomy":"category","embeddable":true,"href":"https:\/\/blog.cancaonova.com\/redacao\/wp-json\/wp\/v2\/categories?post=8308"},{"taxonomy":"post_tag","embeddable":true,"href":"https:\/\/blog.cancaonova.com\/redacao\/wp-json\/wp\/v2\/tags?post=8308"}],"curies":[{"name":"wp","href":"https:\/\/api.w.org\/{rel}","templated":true}]}}