{"id":8355,"date":"2011-10-19T13:08:02","date_gmt":"2011-10-19T16:08:02","guid":{"rendered":"http:\/\/blog.cancaonova.com\/redacao\/?p=8355"},"modified":"2011-10-19T13:08:02","modified_gmt":"2011-10-19T16:08:02","slug":"no-chile-congresso-debate-igreja-e-cultura-digital","status":"publish","type":"post","link":"https:\/\/blog.cancaonova.com\/redacao\/no-chile-congresso-debate-igreja-e-cultura-digital\/","title":{"rendered":"No Chile, congresso debate Igreja e cultura digital"},"content":{"rendered":"<p style=\"text-align: justify\">O segundo Congresso Continental, organizado pela Rede de Informa\u00e7\u00e3o da Igreja na Am\u00e9rica Latina (RIIAL),\u00a0 que acontece em Santiago do Chile, debate o tema \u201cIgreja e cultura digital, novos horizontes para a miss\u00e3o continental\u201d.<\/p>\n<p>O evento \u00e9 realizado na sede da Universidade Cat\u00f3lica Boliviana e dele participam cerca de 150 delegados de todos os pa\u00edses do continente latino-americano.  Os  temas abordados pelos expositores est\u00e3o suscitando o desejo de aprofundar a nova cultura digital como necessidade para continuar a miss\u00e3o continental na Am\u00e9rica Latina.<\/p>\n<p style=\"text-align: justify\">O primeiro dia da jornada teve in\u00edcio com a Celebra\u00e7\u00e3o Eucar\u00edstica presidida pelo Arcebispo de Santiago do Chile, Dom Ezzati, que acolheu  os participantes, rezou pelo bom \u00eaxito do Congresso e refletiu sobre o contexto atual da miss\u00e3o continental segundo o Documento  de Aparecida.<\/p>\n<p style=\"text-align: justify\">No primeiro dia do encontro, pesquisadores, profissionais e professores da \u00e1rea da informatiza\u00e7\u00e3o refletiram e analisaram temas sobre a  cultura digital no mundo, destacando o continente latino-americano e ressaltando pontos importantes e perspectivas   de compromisso sobre a web para a miss\u00e3o eclesial.<\/p>\n<p>Para os expositores,  pesquisas recentes  apontam para mais de 400 milh\u00f5es de usu\u00e1rios cat\u00f3licos na internet. Isso pode ser considerada  a maior comunidade virtual na rede, por\u00e9m dispersa e fragmentada.<\/p>\n<p style=\"text-align: justify\">No final do primeiro dia do Congresso, o Presidente do Pontif\u00edcio Conselho para as Comunica\u00e7\u00f5es Sociais, Dom Cl\u00e1udio Maria Celli, disse que  <strong>\u201ca responsabilidade da Igreja na nova cultura digital \u00e9 uma quest\u00e3o de querer e se colocar na interatividade e capacidade   de di\u00e1logo com as novas gera\u00e7\u00f5es, antes de ser um tema eficaz de transmiss\u00e3o da mensagem\u201d<\/strong>.  Refletiu tamb\u00e9m  sobre a realidade presencial e virtual, ambas como  parte do mesmo contexto  hist\u00f3rico do ser humano que favorece o desenvolvimento na perspectiva da miss\u00e3o da Igreja neste novo contexto digital.<\/p>\n<p style=\"text-align: justify\">Em sua exposi\u00e7\u00e3o,  Dom Cl\u00e1udio citou v\u00e1rios textos e  frases do Papa Bento  XVI sobre a cultura digital  que diz respeito \u00e0  capacidade de di\u00e1logo na  Igreja Cat\u00f3lica, afirmando que esta precisa se colocar  em sintonia de di\u00e1logo e comunh\u00e3o. Para Dom Maria Celli, \u201ca agressividade n\u00e3o deve fazer parte da comunica\u00e7\u00e3o cat\u00f3lica, porque esta n\u00e3o \u00e9 a proposta de anunciar a verdade de Jesus Cristo\u201d. E continuou dizendo que &#8220;a miss\u00e3o da Igreja \u00e9 comunicar , por isso precisa  utilizar as novas tecnologias da informa\u00e7\u00e3o num clima de escuta e de verdade. A Igreja tem consci\u00eancia da exist\u00eancia de um novo continente digital e precisa exercer uma verdadeira pastoral diante deste contexto\u201d.  Suas palavras ressoaram de forma profunda e geraram esperan\u00e7a de novos tempos para os participantes do Congresso.<\/p>\n<p style=\"text-align: justify\">O encontro est\u00e1 sendo organizado pelo Pontif\u00edcio Conselho para as Comunica\u00e7\u00f5es Sociais e pelo Conselho Episcopal Latino-Americano (Celam) por meio da Rede de Inform\u00e1tica da Igreja na Am\u00e9rica Latina (Riial) e com a colabora\u00e7\u00e3o da Confer\u00eancia Episcopal Chilena e da Universidade Cat\u00f3lica do Chile.<\/p>\n<p style=\"text-align: justify\">Para mais informa\u00e7\u00f5es, acesse o site do Congresso: www.riial.org\/congreso.<\/p>\n<p style=\"text-align: justify\"><strong>Irm\u00e3 Elide Fogolari<\/strong><\/p>\n","protected":false},"excerpt":{"rendered":"<p>O segundo Congresso Continental, organizado pela Rede de Informa\u00e7\u00e3o da Igreja na Am\u00e9rica Latina (RIIAL),\u00a0 que acontece em Santiago do Chile, debate o tema \u201cIgreja e cultura digital, novos horizontes para a miss\u00e3o continental\u201d. O evento \u00e9 realizado na sede&#8230;<\/p>\n","protected":false},"author":1051,"featured_media":0,"comment_status":"open","ping_status":"open","sticky":false,"template":"","format":"standard","meta":{"_mi_skip_tracking":false,"_monsterinsights_sitenote_active":false,"_monsterinsights_sitenote_note":"","_monsterinsights_sitenote_category":0,"footnotes":""},"categories":[11841,32],"tags":[],"_links":{"self":[{"href":"https:\/\/blog.cancaonova.com\/redacao\/wp-json\/wp\/v2\/posts\/8355"}],"collection":[{"href":"https:\/\/blog.cancaonova.com\/redacao\/wp-json\/wp\/v2\/posts"}],"about":[{"href":"https:\/\/blog.cancaonova.com\/redacao\/wp-json\/wp\/v2\/types\/post"}],"author":[{"embeddable":true,"href":"https:\/\/blog.cancaonova.com\/redacao\/wp-json\/wp\/v2\/users\/1051"}],"replies":[{"embeddable":true,"href":"https:\/\/blog.cancaonova.com\/redacao\/wp-json\/wp\/v2\/comments?post=8355"}],"version-history":[{"count":2,"href":"https:\/\/blog.cancaonova.com\/redacao\/wp-json\/wp\/v2\/posts\/8355\/revisions"}],"predecessor-version":[{"id":8357,"href":"https:\/\/blog.cancaonova.com\/redacao\/wp-json\/wp\/v2\/posts\/8355\/revisions\/8357"}],"wp:attachment":[{"href":"https:\/\/blog.cancaonova.com\/redacao\/wp-json\/wp\/v2\/media?parent=8355"}],"wp:term":[{"taxonomy":"category","embeddable":true,"href":"https:\/\/blog.cancaonova.com\/redacao\/wp-json\/wp\/v2\/categories?post=8355"},{"taxonomy":"post_tag","embeddable":true,"href":"https:\/\/blog.cancaonova.com\/redacao\/wp-json\/wp\/v2\/tags?post=8355"}],"curies":[{"name":"wp","href":"https:\/\/api.w.org\/{rel}","templated":true}]}}