{"id":8362,"date":"2011-10-21T16:41:37","date_gmt":"2011-10-21T19:41:37","guid":{"rendered":"http:\/\/blog.cancaonova.com\/redacao\/?p=8362"},"modified":"2012-07-24T11:20:58","modified_gmt":"2012-07-24T14:20:58","slug":"a-igreja-celebra-o-dia-do-beato-joao-paulo-ii","status":"publish","type":"post","link":"https:\/\/blog.cancaonova.com\/redacao\/a-igreja-celebra-o-dia-do-beato-joao-paulo-ii\/","title":{"rendered":"A Igreja celebra o dia do beato Jo\u00e3o Paulo II"},"content":{"rendered":"<p><a href=\"http:\/\/blog.cancaonova.com\/redacao\/files\/2011\/10\/Jo\u00e3o-Paulo-II.jpg\"><img loading=\"lazy\" decoding=\"async\" class=\"alignleft size-full wp-image-8363\" style=\"margin: 5px;\" src=\"http:\/\/blog.cancaonova.com\/redacao\/files\/2011\/10\/Jo\u00e3o-Paulo-II.jpg\" alt=\"Joao Paulo II Cancaonova\" width=\"400\" height=\"379\" srcset=\"https:\/\/blog.cancaonova.com\/redacao\/files\/2011\/10\/Jo\u00e3o-Paulo-II.jpg 400w, https:\/\/blog.cancaonova.com\/redacao\/files\/2011\/10\/Jo\u00e3o-Paulo-II-300x284.jpg 300w\" sizes=\"(max-width: 400px) 100vw, 400px\" \/><\/a><\/p>\n<p style=\"text-align: justify;\">A Igreja celebra, neste s\u00e1bado, 22 de outubro, a primeira festividade lit\u00fargica do beato Jo\u00e3o Paulo II, segundo estipulou o Papa Bento XVI em 1\u00ba de maio, dia de sua beatifica\u00e7\u00e3o.<\/p>\n<p style=\"text-align: justify;\">&#8220;E o dia esperado chegou! Chegou depressa, porque assim aprouve ao Senhor: <a href=\"http:\/\/goo.gl\/Lf3Dh\" target=\"_blank\">Jo\u00e3o Paulo II<\/a> \u00e9 Beato! Jo\u00e3o Paulo II \u00e9 Beato pela sua forte e generosa f\u00e9 apost\u00f3lica&#8221;. Quando <a href=\"http:\/\/noticias.cancaonova.com\/list_tag.php?cod=591&amp;tag=Bento%20XVI\" target=\"_blank\">Bento XVI<\/a> pronunciou essas palavras, a Pra\u00e7a de S\u00e3o Pedro estremeceu no <a href=\"http:\/\/www.cancaonova.com\/portal\/canais\/especial\/misericordia\/index.php\" target=\"_blank\">Domingo da Miseric\u00f3rdia<\/a>, do ano de 2010, data escolhida para a Beatifica\u00e7\u00e3o do Papa polon\u00eas. Cerca de 1 milh\u00e3o e meio de peregrinos dirigiram-se a Roma para fazer parte da cerim\u00f4nia, uma das maiores da hist\u00f3ria da Igreja.<\/p>\n<p style=\"text-align: justify;\">\n<p style=\"text-align: justify;\">Karol Wojty\u0142a nasceu em Wadowice na Pol\u00f4nia em 18 de maio de 1920. O papa polon\u00eas ficou quase 27 anos \u00e0 frente da Igreja Cat\u00f3lica, o quarto maior pontificado da hist\u00f3ria.<!--more--><\/p>\n<p>Durante todos esses anos, Jo\u00e3o Paulo II realizou 102 viagens pelo mundo, publicou 14 enc\u00edclicas e recebeu mais de 400 milh\u00f5es de peregrinos durante audi\u00eancias e viagens apost\u00f3licas. O processo de beatifica\u00e7\u00e3o do Papa foi aberto um ano ap\u00f3s sua morte.<\/p>\n<p style=\"text-align: justify;\">Na catedral de Roma, a Bas\u00edlica de S\u00e3o Jo\u00e3o de Latr\u00e3o, a juventude de diversos pa\u00edses se reunir\u00e3o neste s\u00e1bado em uma vig\u00edlia, ap\u00f3s a qual o cardeal vig\u00e1rio de Roma, Agostino Vallini, celebrar\u00e1 uma missa em homenagem a Jo\u00e3o Paulo II.<\/p>\n<p>Saiba mais:<br \/>\n<a href=\"http:\/\/noticias.cancaonova.com\/joaopauloii\/\">.: <\/a><a href=\"http:\/\/noticias.cancaonova.com\/joaopauloii\/\">P\u00e1gina especial da Beatifica\u00e7\u00e3o de JPII<\/a><br \/>\n<a href=\"http:\/\/www.flickr.com\/photos\/cancaonova\/collections\/72157626401684205\/\" target=\"_blank\"><strong><span style=\"color: #006699;\">.: Fotos da Missa de beatifica\u00e7\u00e3o<\/span> <span style=\"color: #006699;\">no<\/span> <span style=\"color: #0033cc;\">Flick<\/span><\/strong><\/a><span style=\"color: #ff0099;\">r<\/span><br \/>\n<strong><span style=\"color: #006699;\">.: <\/span><a href=\"http:\/\/noticias.cancaonova.com\/noticia.php?id=281487\" target=\"_blank\"><span style=\"color: #006699;\">NA \u00cdNTEGRA: Homilia de Bento XVI na Beatifica\u00e7\u00e3o de JPII<\/span><\/a><\/strong><br \/>\n<span style=\"color: #000000;\"><strong><br \/>\n<span style=\"color: #006699;\"> <\/span><\/strong><\/span><\/p>\n","protected":false},"excerpt":{"rendered":"<p>A Igreja celebra, neste s\u00e1bado, 22 de outubro, a primeira festividade lit\u00fargica do beato Jo\u00e3o Paulo II, segundo estipulou o Papa Bento XVI em 1\u00ba de maio, dia de sua beatifica\u00e7\u00e3o. &#8220;E o dia esperado chegou! Chegou depressa, porque assim&#8230;<\/p>\n","protected":false},"author":1051,"featured_media":0,"comment_status":"open","ping_status":"open","sticky":false,"template":"","format":"standard","meta":{"_mi_skip_tracking":false,"_monsterinsights_sitenote_active":false,"_monsterinsights_sitenote_note":"","_monsterinsights_sitenote_category":0,"footnotes":""},"categories":[32],"tags":[63350,27731,6351,63349],"_links":{"self":[{"href":"https:\/\/blog.cancaonova.com\/redacao\/wp-json\/wp\/v2\/posts\/8362"}],"collection":[{"href":"https:\/\/blog.cancaonova.com\/redacao\/wp-json\/wp\/v2\/posts"}],"about":[{"href":"https:\/\/blog.cancaonova.com\/redacao\/wp-json\/wp\/v2\/types\/post"}],"author":[{"embeddable":true,"href":"https:\/\/blog.cancaonova.com\/redacao\/wp-json\/wp\/v2\/users\/1051"}],"replies":[{"embeddable":true,"href":"https:\/\/blog.cancaonova.com\/redacao\/wp-json\/wp\/v2\/comments?post=8362"}],"version-history":[{"count":5,"href":"https:\/\/blog.cancaonova.com\/redacao\/wp-json\/wp\/v2\/posts\/8362\/revisions"}],"predecessor-version":[{"id":8366,"href":"https:\/\/blog.cancaonova.com\/redacao\/wp-json\/wp\/v2\/posts\/8362\/revisions\/8366"}],"wp:attachment":[{"href":"https:\/\/blog.cancaonova.com\/redacao\/wp-json\/wp\/v2\/media?parent=8362"}],"wp:term":[{"taxonomy":"category","embeddable":true,"href":"https:\/\/blog.cancaonova.com\/redacao\/wp-json\/wp\/v2\/categories?post=8362"},{"taxonomy":"post_tag","embeddable":true,"href":"https:\/\/blog.cancaonova.com\/redacao\/wp-json\/wp\/v2\/tags?post=8362"}],"curies":[{"name":"wp","href":"https:\/\/api.w.org\/{rel}","templated":true}]}}