{"id":8376,"date":"2011-10-27T09:49:23","date_gmt":"2011-10-27T12:49:23","guid":{"rendered":"http:\/\/blog.cancaonova.com\/redacao\/?p=8376"},"modified":"2011-10-27T09:49:25","modified_gmt":"2011-10-27T12:49:25","slug":"dialogo-inter-religioso-sinonimo-da-paz","status":"publish","type":"post","link":"https:\/\/blog.cancaonova.com\/redacao\/dialogo-inter-religioso-sinonimo-da-paz\/","title":{"rendered":"Di\u00e1logo inter-religioso, sin\u00f4nimo da paz"},"content":{"rendered":"<p style=\"text-align: justify;\"><a title=\"Papa Bento XVI\" rel=\"attachment wp-att-8378\" href=\"http:\/\/blog.cancaonova.com\/redacao\/dialogo-inter-religioso-sinonimo-da-paz\/papa\/\"><img loading=\"lazy\" decoding=\"async\" class=\"size-full wp-image-8378 alignleft\" style=\"margin: 5px;\" title=\"papa\" src=\"http:\/\/blog.cancaonova.com\/redacao\/files\/2011\/10\/papa.jpg\" alt=\"Di\u00e1logo inter-religioso\" width=\"200\" height=\"255\" \/><\/a>No dia 27 de outubro, o <em>Papa Bento XVI<\/em> se reuniu em Assis, na It\u00e1lia com crist\u00e3os de outras denomina\u00e7\u00f5es e l\u00edderes de grandes tradi\u00e7\u00f5es religiosas para rezar pela paz. Em janeiro desse ano, no seu discurso para o Dia Mundial da Paz, o Papa anunciou que participaria desse encontro e afirmou que as religi\u00f5es t\u00eam a capacidade de ser fator importante de unidade e conc\u00f3rdia para toda humanidade.<\/p>\n<p style=\"text-align: justify;\">Existe uma s\u00e9rie de motivos para se dar aten\u00e7\u00e3o a essa reuni\u00e3o. O primeiro ponto significativo \u00e9 o imag\u00e9tico. Em geral, quando se pensa em express\u00f5es religiosas diferentes ocupando um mesmo espa\u00e7o, vem \u00e0 tona a figura do conflito, n\u00e3o apenas no campo das ideias, mas por vezes o de viol\u00eancia extrema. <strong>Vendo representantes de diferentes manifesta\u00e7\u00f5es religiosas juntos com um mesmo objetivo, torna-se poss\u00edvel visualizar a paz que essas denomina\u00e7\u00f5es e tradi\u00e7\u00f5es religiosas prop\u00f5em.<\/strong><\/p>\n<p style=\"text-align: justify;\">Outro ponto de import\u00e2ncia \u00e9 de cunho antropol\u00f3gico, pois a proposta \u00e9 de di\u00e1logo entre essas religi\u00f5es. Se n\u00e3o h\u00e1 conversa com o outro acontece um fechamento que pode gerar medos e preconceitos. Mas num verdadeiro di\u00e1logo h\u00e1 uma predisposi\u00e7\u00e3o de abertura ao pr\u00f3ximo, acolhendo-o e respeitando a sua especificidade. E essa rela\u00e7\u00e3o com o diferente proporciona, ao mesmo tempo, autoconhecimento. Justamente porque esse conv\u00edvio religioso n\u00e3o significa perda de identidade, mas deixar-se conhecer, as caracter\u00edsticas pr\u00f3prias s\u00e3o melhor entendidas e assim refor\u00e7adas.<\/p>\n<p style=\"text-align: justify;\">Sendo assim, numa conviv\u00eancia, especialmente a religiosa, \u00e9 t\u00e3o importante a toler\u00e2ncia. \u00c9 preciso conhecer o outro, identificar suas fronteiras e, dessa maneira, tolerar os limites. Com essa atitude, n\u00e3o se trata apenas de ser condescendente com algo que n\u00e3o se pode impedir, mas, sobretudo, de uma boa disposi\u00e7\u00e3o em ouvir e refletir sobre opini\u00f5es diferentes \u2013 e a partir da\u00ed crescer num conv\u00edvio que visa ao bem comum.<\/p>\n<p style=\"text-align: justify;\">Assim, partimos para a import\u00e2ncia sociol\u00f3gica desse di\u00e1logo inter-religioso. <strong>Conversar com outras religi\u00f5es e denomina\u00e7\u00f5es \u00e9 dialogar com outras culturas, com outras sociedades. <\/strong>\u00c9 perceber que o outro tamb\u00e9m possui riquezas e que, por isso, essas diferen\u00e7as n\u00e3o s\u00e3o amea\u00e7as, mas valores que ampliam a vis\u00e3o de mundo para ambos os lados. Por isso, as religi\u00f5es t\u00eam condi\u00e7\u00f5es de oferecer \u00e0 sociedade humana seus valores, promovendo a solidadriedade e a paz.<\/p>\n<p style=\"text-align: justify;\">Alguns dos conflitos mundiais t\u00eam motiva\u00e7\u00e3o religiosa e conflitos cotidianos, em lugares em que supostamente se vive a liberdade religiosa, tamb\u00e9m (como o preconceito, por exemplo). Esses l\u00edderes juntos e se dispondo dialogar, numa tentativa de perceber, superar e aprender com as diferen\u00e7as e, sobretudo, em busca de propostas para a paz entre os homens &#8211; eis um grande exemplo para que o mundo todo se conscientize de que, independentemente da op\u00e7\u00e3o religiosa, somos todos irm\u00e3os!<\/p>\n<p><em><em>Denis Duarte<\/em><\/em><\/p>\n<p><em><em>Especialista em B\u00edblia, Cientista da Religi\u00e3o e professor de Antropologia da Religi\u00e3o<\/em><\/em><\/p>\n<p><em><em>na Faculdade Can\u00e7\u00e3o Nova (<\/em><\/em><span style=\"text-decoration: underline;\"><a href=\"http:\/\/www.fcn.edu.br\/\" target=\"_blank\">www.fcn.edu.br<\/a><\/span>)<\/p>\n","protected":false},"excerpt":{"rendered":"<p>No dia 27 de outubro, o Papa Bento XVI se reuniu em Assis, na It\u00e1lia com crist\u00e3os de outras denomina\u00e7\u00f5es e l\u00edderes de grandes tradi\u00e7\u00f5es religiosas para rezar pela paz. Em janeiro desse ano, no seu discurso para o Dia&#8230;<\/p>\n","protected":false},"author":2981,"featured_media":0,"comment_status":"open","ping_status":"open","sticky":false,"template":"","format":"standard","meta":{"_mi_skip_tracking":false,"_monsterinsights_sitenote_active":false,"_monsterinsights_sitenote_note":"","_monsterinsights_sitenote_category":0,"footnotes":""},"categories":[32],"tags":[16382,32080,16140,60],"_links":{"self":[{"href":"https:\/\/blog.cancaonova.com\/redacao\/wp-json\/wp\/v2\/posts\/8376"}],"collection":[{"href":"https:\/\/blog.cancaonova.com\/redacao\/wp-json\/wp\/v2\/posts"}],"about":[{"href":"https:\/\/blog.cancaonova.com\/redacao\/wp-json\/wp\/v2\/types\/post"}],"author":[{"embeddable":true,"href":"https:\/\/blog.cancaonova.com\/redacao\/wp-json\/wp\/v2\/users\/2981"}],"replies":[{"embeddable":true,"href":"https:\/\/blog.cancaonova.com\/redacao\/wp-json\/wp\/v2\/comments?post=8376"}],"version-history":[{"count":3,"href":"https:\/\/blog.cancaonova.com\/redacao\/wp-json\/wp\/v2\/posts\/8376\/revisions"}],"predecessor-version":[{"id":8380,"href":"https:\/\/blog.cancaonova.com\/redacao\/wp-json\/wp\/v2\/posts\/8376\/revisions\/8380"}],"wp:attachment":[{"href":"https:\/\/blog.cancaonova.com\/redacao\/wp-json\/wp\/v2\/media?parent=8376"}],"wp:term":[{"taxonomy":"category","embeddable":true,"href":"https:\/\/blog.cancaonova.com\/redacao\/wp-json\/wp\/v2\/categories?post=8376"},{"taxonomy":"post_tag","embeddable":true,"href":"https:\/\/blog.cancaonova.com\/redacao\/wp-json\/wp\/v2\/tags?post=8376"}],"curies":[{"name":"wp","href":"https:\/\/api.w.org\/{rel}","templated":true}]}}