{"id":8421,"date":"2011-11-11T15:50:01","date_gmt":"2011-11-11T18:50:01","guid":{"rendered":"http:\/\/blog.cancaonova.com\/redacao\/?p=8421"},"modified":"2011-11-11T15:50:01","modified_gmt":"2011-11-11T18:50:01","slug":"monitoramento-semanal-top-10-0411-a-1111","status":"publish","type":"post","link":"https:\/\/blog.cancaonova.com\/redacao\/monitoramento-semanal-top-10-0411-a-1111\/","title":{"rendered":"Monitoramento Semanal Top 10 (04\/11 a 11\/11)"},"content":{"rendered":"<p>A equipe de Estat\u00edsca da TI, respons\u00e1vel pelo monitoramente das m\u00eddias sociais da Can\u00e7\u00e3o Nova, faz relat\u00f3rios semanais sobre os n\u00fameros que envolvem esse segmento, em especial as redes sociais como o Twitter e o Facebook.<br \/>\n<span style=\"color: #ffffff;\">I<br \/>\nI<\/span><\/p>\n<p><em><span style=\"text-decoration: underline;\"><strong>Twitter<\/strong><\/span><\/em><\/p>\n<p>Confira os n\u00fameros relacionados ao Twitter. Abaixo confira os tweets, desta semana, que mais geraram RT:<\/p>\n<p>Cantar \u00e9 pr\u00f3prio de quem ama&#8217; S\u00e3o raras as pessoas que \u00f1 gostam de m\u00fasica,temos o ritmo no sangue e a can\u00e7\u00e3o no cora\u00e7\u00e3o http:\/\/goo.gl\/L5URG<\/p>\n<p>&#8220;Quem procura ganhar a sua vida vai perd\u00ea-la; e quem a perde vai conserv\u00e1-la.&#8221; &#8211; Liturgia Di\u00e1ria http:\/\/tmblr.co\/ZoBaQxBnO3a8<\/p>\n<p>O dem\u00f4nio existe? http:\/\/goo.gl\/3kQW6 Ele \u00e9 o inimigo oculto que semeia erros e desgra\u00e7as<\/p>\n<p>RT: @Faculdadecn: divulgue o vestibular da @Faculdadecn INSCRI\u00c7\u00d5ES de 07 a 30\/11 PROVA DIA 11\/12 http:\/\/fcn.edu.br<\/p>\n<p>Viva com Sabedoria! &#8211; Leitura do Livro da Sabedoria. 7,22Na Sabedoria h\u00e1 um esp\u00edrito inteligente, santo,&#8230; http:\/\/tmblr.co\/ZoBaQxBkqUnV<\/p>\n<p>&#8220;Quem tem ouvidos para ouvir, ou\u00e7a!&#8221; Lc 14,35 prega Dom alberto Taveira para as #novascomunidades http:\/\/www.bibliacatolica.com.br\/02\/49\/14.php cancaonova.com\/portal\/canais\/<\/p>\n<p>Dom Alberto prega no Encontro Nacional de Comunidades Novas http:\/\/twitpic.com\/7bfgt6<\/p>\n<p>Acompanhe TUDO SOBRE #Acampamento de #CuraeLiberta\u00e7\u00e3o com Pe Rufus pelo FACEBOOK http:\/\/facebook.com\/cancaonova<\/p>\n<p>Photo: http:\/\/tmblr.co\/ZoBaQxBaUvrM<\/p>\n<p>Confira tudo que aconteceu na Confer\u00eancia Nacional de #NovasComunidades na #cancaonova http:\/\/goo.gl\/7buOB<\/p>\n<p><em><span style=\"text-decoration: underline;\"><strong>Facebook<\/strong><\/span><\/em><\/p>\n<p>Os n\u00fameros do Facebook tamb\u00e9m s\u00e3o monitorados pela nossa equipe e na \u00faltima semana as postagens que mais receberam curti\u00e7\u00f5es foram as seguintes:<\/p>\n<p><strong>Can\u00e7\u00e3o Nova<\/strong><\/p>\n<p>Hoje a\u00a0Can\u00e7\u00e3o Nova\u00a0Est\u00e1 em FESTA porque comemoramos 3 anos do Reconhecimento Pontif\u00edcio&#8230; Veja as fotos&#8230;<br \/>\nNossa Hist\u00f3ria.<br \/>\nCOMPARTILHE&#8230; mais pessoas merecem conhecer<br \/>\nReconhecimento Pontif\u00edcio &#8211; 3 anos<\/p>\n<p><strong>Can\u00e7\u00e3o Nova<\/strong><\/p>\n<p>Cantar \u00e9 pr\u00f3prio de quem ama&#8217; (Santo Agostinho)<\/p>\n<p>&#8220;S\u00e3o raras as pessoas que n\u00e3o gostam de m\u00fasica, temos o ritmo no sangue e a can\u00e7\u00e3o no cora\u00e7\u00e3o. Como seria melanc\u00f3lico o mundo sem m\u00fasica, sem poesia, sem a can\u00e7\u00e3o. Um cora\u00e7\u00e3o impregnado de m\u00fasica sorri com mais facilidade, entusiasma-se com mais frequ\u00eancia, doa-se aos outros com maior generosidade. A m\u00fasica realiza milagres que o rem\u00e9dio e o div\u00e3 do psicanalista nem sempre conseguem atingir. Leia mais:\u00a0http:\/\/goo.gl\/L5URG<br \/>\nConhe\u00e7a os benef\u00edcios da m\u00fasica &#8211; cancaonova.com \/ Musica<br \/>\nwww.cancaonova.com<\/p>\n<p><strong>Can\u00e7\u00e3o Nova <\/strong><\/p>\n<p>adicionou 18 novas fotos ao \u00e1lbum\u00a0Encontro Nacional de Comunidades Novas<\/p>\n<p><strong>Can\u00e7\u00e3o Nova <\/strong><\/p>\n<p>compartilhou\u00a0um link  O sexo e a fidelidade conjugal \u2013 cancaonova.com<br \/>\nwww.cancaonova.com<\/p>\n<p><strong>Can\u00e7\u00e3o Nova<\/strong><\/p>\n<p>\u00c9 nesse final de semana e voc\u00ea n\u00e3o pode ficar fora dessa.<br \/>\nVem pra\u00a0Can\u00e7\u00e3o Nova\u00a0voc\u00ea tamb\u00e9m.<br \/>\nCompartilhe este video<\/p>\n<p><strong>Can\u00e7\u00e3o Nova<\/strong><\/p>\n<p>\u200e&#8221;O valor do amor est\u00e1 equivocado?<br \/>\nN\u00e3o vendo o valor nas coisas, olhamos apenas para n\u00f3s mesmos&#8221;http:\/\/goo.gl\/9mNax<br \/>\nOu\u00e7a uma partilha descontra\u00edda sobre o valor do amor!<br \/>\nQue seja eterno enquanto dure &#8211; cancaonova.com \/ Musica<\/p>\n<p><strong>Can\u00e7\u00e3o Nova<\/strong><\/p>\n<p>Permanecer ou desaparecer?\u00a0http:\/\/goo.gl\/MUuC1<\/p>\n<p><strong>Can\u00e7\u00e3o Nova<\/strong><\/p>\n<p>O pai-fundador da Comunidade Can\u00e7\u00e3o Nova, monsenhor Jonas Abib, participou da Confer\u00eancia Nacional das Novas Comunidades que aconteceu em Cachoeira Paulista\/SP e como pai, profetizou e direcionou tantos &#8220;filhos&#8221;<\/p>\n<p><strong>Can\u00e7\u00e3o Nova <\/strong><\/p>\n<p>http:\/\/goo.gl\/i4P28<\/p>\n<p>Aprenda a cantar e a tocar o Salmo 127 &#8211; cancaonova.com \/ Musica<br \/>\nwww.cancaonova.com<\/p>\n<p><strong>Can\u00e7\u00e3o Nova<\/strong><\/p>\n<p>VOC\u00ca cantando para o MONSENHOR JONAS ABIB s\u00f3 aqui na CN<br \/>\nPARTICIPE&#8230;<br \/>\nhttp:\/\/www.cancaonova.com\/portal\/canais\/pejonas\/informativos.php?id=2462<\/p>\n<p>Todas as sextas-feiras voc\u00ea pode acompanhar os n\u00fameros da Can\u00e7\u00e3o Nova nas m\u00eddias sociais e ficar por dentro de tudo que acontece.<\/p>\n<div id=\"_mcePaste\" style=\"position: absolute; left: -10000px; top: 0px; width: 1px; height: 1px; overflow: hidden;\">\n<p><!-- p { margin-bottom: 0.21cm; }h6 { margin-bottom: 0.21cm; }h6.western { font-family: \"Liberation Serif\",\"Times New Roman\",serif; }h6.cjk { font-family: \"WenQuanYi Micro Hei\"; }h6.ctl { font-family: \"Lohit Hindi\"; }a:link {  } --><\/p>\n<p class=\"western\" style=\"margin-bottom: 0cm;\">Cantar \u00e9 pr\u00f3prio de quem ama&#8217; S\u00e3o raras as pessoas que \u00f1 gostam de m\u00fasica,temos o ritmo no sangue e a can\u00e7\u00e3o no cora\u00e7\u00e3o <span style=\"color: #000080;\"><span lang=\"zxx\"><span style=\"text-decoration: underline;\"><a href=\"http:\/\/goo.gl\/L5URG\">http:\/\/goo.gl\/L5URG<\/a><\/span><\/span><\/span> (26)<\/p>\n<p class=\"western\" style=\"margin-bottom: 0cm;\">\n<p class=\"western\" style=\"margin-bottom: 0cm;\">&#8220;Quem procura ganhar a sua vida vai perd\u00ea-la; e quem a perde vai conserv\u00e1-la.&#8221; &#8211; Liturgia Di\u00e1ria <span style=\"color: #000080;\"><span lang=\"zxx\"><span style=\"text-decoration: underline;\"><a href=\"http:\/\/tmblr.co\/ZoBaQxBnO3a8\">http:\/\/tmblr.co\/ZoBaQxBnO3a8<\/a><\/span><\/span><\/span> (18)<\/p>\n<p class=\"western\" style=\"margin-bottom: 0cm;\">\n<p class=\"western\" style=\"margin-bottom: 0cm;\">O dem\u00f4nio existe? <span style=\"color: #000080;\"><span lang=\"zxx\"><span style=\"text-decoration: underline;\"><a href=\"http:\/\/t.co\/1Bgk2vbR\" target=\"_blank\">http:\/\/goo.gl\/3kQW6<\/a><\/span><\/span><\/span> Ele \u00e9 o inimigo oculto que semeia erros e desgra\u00e7as (12)<\/p>\n<p class=\"western\" style=\"margin-bottom: 0cm;\">\n<p class=\"western\" style=\"margin-bottom: 0cm;\">RT: <a href=\"https:\/\/twitter.com\/#%21\/Faculdadecn\"><span style=\"color: #000080;\"><span lang=\"zxx\"><span style=\"text-decoration: underline;\"><span style=\"text-decoration: line-through;\">@<\/span><\/span><\/span><\/span><span style=\"color: #000080;\"><span lang=\"zxx\"><span style=\"text-decoration: underline;\"><strong>Faculdadecn<\/strong><\/span><\/span><\/span><\/a>: divulgue o vestibular da <a href=\"https:\/\/twitter.com\/#%21\/Faculdadecn\"><span style=\"color: #000080;\"><span lang=\"zxx\"><span style=\"text-decoration: underline;\"><span style=\"text-decoration: line-through;\">@<\/span><\/span><\/span><\/span><span style=\"color: #000080;\"><span lang=\"zxx\"><span style=\"text-decoration: underline;\"><strong>Faculdadecn<\/strong><\/span><\/span><\/span><\/a> INSCRI\u00c7\u00d5ES de 07 a 30\/11 PROVA DIA 11\/12 <span style=\"color: #000080;\"><span lang=\"zxx\"><span style=\"text-decoration: underline;\"><a href=\"http:\/\/fcn.edu.br\/\">http:\/\/fcn.edu.br<\/a><\/span><\/span><\/span> (9)<\/p>\n<p class=\"western\" style=\"margin-bottom: 0cm;\">\n<p class=\"western\" style=\"margin-bottom: 0cm;\">Viva com Sabedoria! &#8211; Leitura do Livro da Sabedoria. 7,22Na Sabedoria h\u00e1 um esp\u00edrito inteligente, santo,&#8230; <span style=\"color: #000080;\"><span lang=\"zxx\"><span style=\"text-decoration: underline;\"><a href=\"http:\/\/tmblr.co\/ZoBaQxBkqUnV\">http:\/\/tmblr.co\/ZoBaQxBkqUnV<\/a><\/span><\/span><\/span> (9)<\/p>\n<p class=\"western\" style=\"margin-bottom: 0cm;\">\n<p class=\"western\" style=\"margin-bottom: 0cm;\">&#8220;Quem tem ouvidos para ouvir, ou\u00e7a!&#8221; Lc 14,35 prega Dom alberto Taveira para as <a href=\"https:\/\/twitter.com\/#%21\/search?q=%23novascomunidades\"><span style=\"color: #000080;\"><span lang=\"zxx\"><span style=\"text-decoration: underline;\"><span style=\"text-decoration: line-through;\">#<\/span><\/span><\/span><\/span><span style=\"color: #000080;\"><span lang=\"zxx\"><span style=\"text-decoration: underline;\"><strong>novascomunidades<\/strong><\/span><\/span><\/span><\/a> <span style=\"color: #000080;\"><span lang=\"zxx\"><span style=\"text-decoration: underline;\"><a href=\"http:\/\/t.co\/3mxjVbtb\" target=\"_blank\">http:\/\/www.bibliacatolica.com.br\/02\/49\/14.php<\/a><\/span><\/span><\/span> <span style=\"color: #000080;\"><span lang=\"zxx\"><span style=\"text-decoration: underline;\"><a href=\"http:\/\/t.co\/qUIWprkj\" target=\"_blank\">cancaonova.com\/portal\/canais\/<\/a><\/span><\/span><\/span> (7)<\/p>\n<p class=\"western\" style=\"margin-bottom: 0cm;\">\n<p class=\"western\" style=\"margin-bottom: 0cm;\">Dom Alberto prega no Encontro Nacional de Comunidades Novas <span style=\"color: #000080;\"><span lang=\"zxx\"><span style=\"text-decoration: underline;\"><a href=\"http:\/\/twitpic.com\/7bfgt6\">http:\/\/twitpic.com\/7bfgt6<\/a><\/span><\/span><\/span> (5)<\/p>\n<p class=\"western\" style=\"margin-bottom: 0cm;\">\n<p class=\"western\" style=\"margin-bottom: 0cm;\">Acompanhe TUDO SOBRE <a href=\"https:\/\/twitter.com\/#%21\/search?q=%23Acampamento\"><span style=\"color: #000080;\"><span lang=\"zxx\"><span style=\"text-decoration: underline;\"><span style=\"text-decoration: line-through;\">#<\/span><\/span><\/span><\/span><span style=\"color: #000080;\"><span lang=\"zxx\"><span style=\"text-decoration: underline;\"><strong>Acampamento<\/strong><\/span><\/span><\/span><\/a> de <a href=\"https:\/\/twitter.com\/#%21\/search?q=%23CuraeLiberta%C3%A7%C3%A3o\"><span style=\"color: #000080;\"><span lang=\"zxx\"><span style=\"text-decoration: underline;\"><span style=\"text-decoration: line-through;\">#<\/span><\/span><\/span><\/span><span style=\"color: #000080;\"><span lang=\"zxx\"><span style=\"text-decoration: underline;\"><strong>CuraeLiberta\u00e7\u00e3o<\/strong><\/span><\/span><\/span><\/a> com Pe Rufus pelo FACEBOOK <span style=\"color: #000080;\"><span lang=\"zxx\"><span style=\"text-decoration: underline;\"><a href=\"http:\/\/facebook.com\/cancaonova\">http:\/\/facebook.com\/cancaonova<\/a><\/span><\/span><\/span> (5)<\/p>\n<p class=\"western\" style=\"margin-bottom: 0cm;\">\n<p class=\"western\" style=\"margin-bottom: 0cm;\">Photo: <span style=\"color: #000080;\"><span lang=\"zxx\"><span style=\"text-decoration: underline;\"><a href=\"http:\/\/tmblr.co\/ZoBaQxBaUvrM\">http:\/\/tmblr.co\/ZoBaQxBaUvrM<\/a><\/span><\/span><\/span> (4)<\/p>\n<p class=\"western\" style=\"margin-bottom: 0cm;\">\n<p class=\"western\" style=\"margin-bottom: 0cm;\">Confira tudo que aconteceu na Confer\u00eancia Nacional de <a href=\"https:\/\/twitter.com\/#%21\/search?q=%23NovasComunidades\"><span style=\"color: #000080;\"><span lang=\"zxx\"><span style=\"text-decoration: underline;\"><span style=\"text-decoration: line-through;\">#<\/span><\/span><\/span><\/span><span style=\"color: #000080;\"><span lang=\"zxx\"><span style=\"text-decoration: underline;\"><strong>NovasComunidades<\/strong><\/span><\/span><\/span><\/a> na <a href=\"https:\/\/twitter.com\/#%21\/search?q=%23cancaonova\"><span style=\"color: #000080;\"><span lang=\"zxx\"><span style=\"text-decoration: underline;\"><span style=\"text-decoration: line-through;\">#<\/span><\/span><\/span><\/span><span style=\"color: #000080;\"><span lang=\"zxx\"><span style=\"text-decoration: underline;\"><strong>cancaonova<\/strong><\/span><\/span><\/span><\/a> <span style=\"color: #000080;\"><span lang=\"zxx\"><span style=\"text-decoration: underline;\"><a href=\"http:\/\/goo.gl\/7buOB\">http:\/\/goo.gl\/7buOB<\/a><\/span><\/span><\/span> (4)<\/p>\n<p class=\"western\" style=\"margin-bottom: 0cm;\">\n<p class=\"western\" style=\"margin-bottom: 0cm;\">\n<p class=\"western\" style=\"margin-bottom: 0cm;\">\n<p class=\"western\" style=\"margin-bottom: 0cm;\">\n<p class=\"western\" style=\"margin-bottom: 0cm;\">\n<p class=\"western\" style=\"margin-bottom: 0cm;\">\n<p class=\"western\" style=\"margin-bottom: 0cm;\">\n<p class=\"western\" style=\"margin-bottom: 0cm;\">\n<p class=\"western\" style=\"margin-bottom: 0cm;\">\n<p class=\"western\" style=\"margin-bottom: 0cm;\">\n<p class=\"western\" style=\"margin-bottom: 0cm;\">\n<p class=\"western\" style=\"margin-bottom: 0cm;\">\n<p class=\"western\" style=\"margin-bottom: 0cm;\">\n<p class=\"western\" style=\"margin-bottom: 0cm;\">\n<p class=\"western\" style=\"margin-bottom: 0cm;\">\n<p class=\"western\" style=\"margin-bottom: 0cm;\">\n<p class=\"western\" style=\"margin-bottom: 0cm;\"><span style=\"font-size: medium;\"><strong>Curtir<\/strong><\/span><\/p>\n<p class=\"western\" style=\"margin-bottom: 0cm;\">\n<h6 class=\"western\"><a href=\"http:\/\/www.facebook.com\/cancaonova\"><span style=\"color: #3b5998;\"><span style=\"text-decoration: none;\"><span style=\"font-family: lucida grande,tahoma;\"><span style=\"font-size: xx-small;\"><span style=\"font-style: normal;\"><strong>Can\u00e7\u00e3o Nova<\/strong><\/span><\/span><\/span><\/span><\/span><\/a><span style=\"color: #3b5998;\"><span style=\"text-decoration: none;\"><span style=\"font-size: xx-small;\"><span style=\"font-style: normal;\"><strong> (741)<\/strong><\/span><\/span><\/span><\/span><\/h6>\n<h6 class=\"western\" style=\"margin-top: 0cm; margin-bottom: 0.13cm; border: medium none; padding: 0cm; line-height: 0.37cm; widows: 2; orphans: 2;\"><span style=\"color: #000000;\"><span style=\"font-family: lucida grande,tahoma;\"><span style=\"font-size: xx-small;\"><span style=\"font-style: normal;\"><span style=\"font-weight: normal;\">Hoje a <\/span><\/span><\/span><\/span><\/span><a href=\"http:\/\/www.facebook.com\/cancaonova\"><span style=\"color: #3b5998;\"><span style=\"text-decoration: none;\"><span style=\"font-family: lucida grande,tahoma;\"><span style=\"font-size: xx-small;\"><span style=\"font-style: normal;\"><span style=\"font-weight: normal;\">Can\u00e7\u00e3o Nova<\/span><\/span><\/span><\/span><\/span><\/span><\/a><span style=\"color: #000000;\"><span style=\"font-family: lucida grande,tahoma;\"><span style=\"font-size: xx-small;\"><span style=\"font-style: normal;\"><span style=\"font-weight: normal;\"> Est\u00e1 em FESTA porque comemoramos 3 anos do Reconhecimento Pontif\u00edcio&#8230; Veja as fotos&#8230;<\/span><\/span><\/span><\/span><\/span><\/h6>\n<h6 class=\"western\" style=\"margin-top: 0cm; margin-bottom: 0.13cm; border: medium none; padding: 0cm; font-style: normal; font-weight: normal; line-height: 0.37cm; widows: 2; orphans: 2;\"><span style=\"color: #000000;\"><span style=\"font-family: lucida grande,tahoma;\"><span style=\"font-size: xx-small;\">Nossa Hist\u00f3ria.<br \/>\n<\/span><\/span><\/span><\/h6>\n<h6 class=\"western\" style=\"margin-top: 0cm; margin-bottom: 0.13cm; border: medium none; padding: 0cm; font-style: normal; font-weight: normal; line-height: 0.37cm; widows: 2; orphans: 2;\"><span style=\"color: #000000;\"><span style=\"font-family: lucida grande,tahoma;\"><span style=\"font-size: xx-small;\">COMPARTILHE&#8230; mais pessoas merecem conhecer \ud83d\ude09<\/span><\/span><\/span><\/h6>\n<p class=\"western\" style=\"margin-top: 0.26cm; margin-bottom: 0.26cm; line-height: 0.37cm; widows: 2; orphans: 2;\"><strong><a href=\"http:\/\/www.facebook.com\/media\/set\/?set=a.10150345598944632.353490.45027114631&amp;type=3\"><span style=\"color: #3b5998;\"><span style=\"text-decoration: none;\"><span style=\"font-family: lucida grande,tahoma;\"><span style=\"font-size: xx-small;\"><span style=\"font-style: normal;\"><span style=\"font-weight: normal;\">Reconhecimento Pontif\u00edcio &#8211; 3 anos<\/span><\/span><\/span><\/span><\/span><\/span><\/a><\/strong><\/p>\n<h6 class=\"western\" style=\"margin-top: 0.26cm; margin-bottom: 0.26cm; line-height: 0.37cm; widows: 2; orphans: 2;\"><strong><a href=\"http:\/\/www.facebook.com\/cancaonova\"><span style=\"color: #3b5998;\"><span style=\"text-decoration: none;\"><span style=\"font-family: lucida grande,tahoma;\"><span style=\"font-size: xx-small;\"><span style=\"font-style: normal;\"><strong>Can\u00e7\u00e3o Nova<\/strong><\/span><\/span><\/span><\/span><\/span><\/a><\/strong><strong><span style=\"color: #3b5998;\"><span style=\"text-decoration: none;\"><span style=\"font-size: xx-small;\"><span style=\"font-style: normal;\"><strong> (494)<\/strong><\/span><\/span><\/span><\/span><\/strong><\/h6>\n<h6 class=\"western\" style=\"margin-top: 0cm; margin-bottom: 0.13cm; border: medium none; padding: 0cm; line-height: 0.37cm; widows: 2; orphans: 2;\"><span style=\"color: #000000;\"><span style=\"font-family: lucida grande,tahoma;\"><span style=\"font-size: xx-small;\"><span style=\"font-style: normal;\"><span style=\"font-weight: normal;\">Cantar \u00e9 pr\u00f3prio de quem ama&#8217; (Santo Agostinho)<\/p>\n<p>&#8220;S\u00e3o raras as pessoas que n\u00e3o gostam de m\u00fasica, temos o ritmo no sangue e a can\u00e7\u00e3o no cora\u00e7\u00e3o. Como seria melanc\u00f3lico o mundo sem m\u00fasica, sem poesia, sem a can\u00e7\u00e3o. Um cora\u00e7\u00e3o impregnado de m\u00fasica sorri com mais facilidade, entusiasma-se com mais frequ\u00eancia, doa-se aos outros com maior generosidade. A m\u00fasica realiza milagres que o rem\u00e9dio e o div\u00e3 do psicanalista nem sempre conseguem atingir. Leia mais:<\/p>\n<p><\/span><\/span><\/span><\/span><\/span><a href=\"http:\/\/goo.gl\/L5URG\" target=\"_blank\"><span style=\"color: #3b5998;\"><span style=\"text-decoration: none;\"><span style=\"font-family: lucida grande,tahoma;\"><span style=\"font-size: xx-small;\"><span style=\"font-style: normal;\"><span style=\"font-weight: normal;\">http:\/\/goo.gl\/L5URG<\/span><\/span><\/span><\/span><\/span><\/span><\/a><\/h6>\n<p class=\"western\" style=\"margin-top: 0.26cm; margin-bottom: 0.26cm; line-height: 0.37cm; widows: 2; orphans: 2;\"><strong><span style=\"color: #3b5998;\"><span style=\"text-decoration: none;\"> <\/span><\/span><\/strong><strong><a href=\"http:\/\/goo.gl\/L5URG\" target=\"_blank\"><span style=\"color: #3b5998;\"><span style=\"text-decoration: none;\"><span style=\"font-family: lucida grande,tahoma;\"><span style=\"font-size: xx-small;\"><span style=\"font-style: normal;\"><span style=\"font-weight: normal;\">Conhe\u00e7a os benef\u00edcios da m\u00fasica &#8211; cancaonova.com \/ Musica<\/span><\/span><\/span><\/span><\/span><\/span><\/a><\/strong><\/p>\n<p class=\"western\" style=\"margin-top: 0.26cm; margin-bottom: 0.26cm; line-height: 0.37cm; widows: 2; orphans: 2;\"><a href=\"http:\/\/www.cancaonova.com\/\" target=\"_blank\"><span style=\"color: #3b5998;\"><span style=\"text-decoration: none;\"><span style=\"font-family: lucida grande,tahoma;\"><span style=\"font-size: xx-small;\"><span style=\"font-style: normal;\"><span style=\"font-weight: normal;\">www.cancaonova.com<\/span><\/span><\/span><\/span><\/span><\/span><\/a><\/p>\n<p class=\"western\" style=\"margin-top: 0.26cm; margin-bottom: 0.26cm; line-height: 0.37cm; widows: 2; orphans: 2;\">\n<p class=\"western\" style=\"margin-top: 0.26cm; margin-bottom: 0.26cm; line-height: 0.37cm; widows: 2; orphans: 2;\"><strong><a href=\"http:\/\/www.facebook.com\/cancaonova\"><span style=\"color: #3b5998;\"><span style=\"text-decoration: none;\"><span style=\"font-family: lucida grande,tahoma;\"><span style=\"font-size: xx-small;\"><span style=\"font-style: normal;\"><strong>Can\u00e7\u00e3o Nova<\/strong><\/span><\/span><\/span><\/span><\/span><\/a><\/strong><strong><span style=\"color: #808080;\"><span style=\"text-decoration: none;\"><span style=\"font-size: xx-small;\"><span style=\"font-style: normal;\"><span style=\"font-weight: normal;\"> adicionou 18 novas fotos ao \u00e1lbum <\/span><\/span><\/span><\/span><\/span><\/strong><strong><a href=\"http:\/\/www.facebook.com\/media\/set\/?set=a.10150347916969632.353971.45027114631&amp;type=1\"><span style=\"color: #3b5998;\"><span style=\"text-decoration: none;\"><span style=\"font-family: lucida grande,tahoma;\"><span style=\"font-size: xx-small;\"><span style=\"font-style: normal;\"><span style=\"font-weight: normal;\">Encontro Nacional de Comunidades Novas<\/span><\/span><\/span><\/span><\/span><\/span><\/a><\/strong><strong><span style=\"color: #3b5998;\"><span style=\"text-decoration: none;\"><span style=\"font-size: xx-small;\"><span style=\"font-style: normal;\"><span style=\"font-weight: normal;\"> (343)<\/span><\/span><\/span><\/span><\/span><\/strong><\/p>\n<h6 class=\"western\" style=\"margin-top: 0.26cm; margin-bottom: 0.26cm; line-height: 0.37cm; widows: 2; orphans: 2;\"><strong><a href=\"http:\/\/www.facebook.com\/cancaonova\"><span style=\"color: #3b5998;\"><span style=\"text-decoration: none;\"><span style=\"font-family: lucida grande,tahoma;\"><span style=\"font-size: xx-small;\"><span style=\"font-style: normal;\"><strong>Can\u00e7\u00e3o Nova<\/strong><\/span><\/span><\/span><\/span><\/span><\/a><\/strong><strong><span style=\"color: #808080;\"><span style=\"text-decoration: none;\"><span style=\"font-size: xx-small;\"><span style=\"font-style: normal;\"><span style=\"font-weight: normal;\"> compartilhou <\/span><\/span><\/span><\/span><\/span><\/strong><strong><a href=\"http:\/\/www.facebook.com\/cancaonova\/posts\/271393296236491\"><span style=\"color: #3b5998;\"><span style=\"text-decoration: none;\"><span style=\"font-family: lucida grande,tahoma;\"><span style=\"font-size: xx-small;\"><span style=\"font-style: normal;\"><span style=\"font-weight: normal;\">um link<\/span><\/span><\/span><\/span><\/span><\/span><\/a><\/strong><strong><span style=\"color: #3b5998;\"><span style=\"text-decoration: none;\"><span style=\"font-size: xx-small;\"><span style=\"font-style: normal;\"><span style=\"font-weight: normal;\"> <\/span><\/span><\/span><\/span><\/span><\/strong><strong><a href=\"http:\/\/www.cancaonova.com\/portal\/canais\/formacao\/internas.php?e=12564\" target=\"_blank\"><span style=\"color: #3b5998;\"><span style=\"text-decoration: none;\"><span style=\"font-family: lucida grande,tahoma;\"><span style=\"font-size: xx-small;\"><span style=\"font-style: normal;\"><span style=\"font-weight: normal;\">O sexo e a fidelidade conjugal \u2013 cancaonova.com<\/span><\/span><\/span><\/span><\/span><\/span><\/a><\/strong><strong><span style=\"color: #3b5998;\"><span style=\"text-decoration: none;\"><span style=\"font-size: xx-small;\"><span style=\"font-style: normal;\"><span style=\"font-weight: normal;\"> (338)<\/span><\/span><\/span><\/span><\/span><\/strong><\/h6>\n<p class=\"western\" style=\"margin-top: 0.26cm; margin-bottom: 0.26cm; line-height: 0.37cm; widows: 2; orphans: 2;\"><a href=\"http:\/\/www.cancaonova.com\/\" target=\"_blank\"><span style=\"color: #3b5998;\"><span style=\"text-decoration: none;\"><span style=\"font-family: lucida grande,tahoma;\"><span style=\"font-size: xx-small;\"><span style=\"font-style: normal;\"><span style=\"font-weight: normal;\">www.cancaonova.com<\/span><\/span><\/span><\/span><\/span><\/span><\/a><\/p>\n<p class=\"western\" style=\"margin-top: 0.26cm; margin-bottom: 0.26cm; line-height: 0.37cm; widows: 2; orphans: 2;\">\n<p class=\"western\" style=\"margin-top: 0.26cm; margin-bottom: 0.26cm; line-height: 0.37cm; widows: 2; orphans: 2;\"><strong><a href=\"http:\/\/www.facebook.com\/cancaonova\"><span style=\"color: #3b5998;\"><span style=\"text-decoration: none;\"><span style=\"font-family: lucida grande,tahoma;\"><span style=\"font-size: xx-small;\"><span style=\"font-style: normal;\"><strong>Can\u00e7\u00e3o Nova<\/strong><\/span><\/span><\/span><\/span><\/span><\/a><\/strong><strong><span style=\"color: #3b5998;\"><span style=\"text-decoration: none;\"><span style=\"font-size: xx-small;\"><span style=\"font-style: normal;\"><strong> (336)<\/strong><\/span><\/span><\/span><\/span><\/strong><\/p>\n<p class=\"western\" style=\"margin-bottom: 0cm; line-height: 0.37cm; widows: 2; orphans: 2;\"><span style=\"color: #000000;\"><span style=\"font-family: lucida grande,tahoma;\"><span style=\"font-size: xx-small;\"><span style=\"font-style: normal;\"><span style=\"font-weight: normal;\">\u00c9 nesse final de semana e voc\u00ea n\u00e3o pode ficar fora dessa.<br \/>\nVem pra <\/span><\/span><\/span><\/span><\/span><a href=\"http:\/\/www.facebook.com\/cancaonova\"><span style=\"color: #3b5998;\"><span style=\"text-decoration: none;\"><span style=\"font-family: lucida grande,tahoma;\"><span style=\"font-size: xx-small;\"><span style=\"font-style: normal;\"><span style=\"font-weight: normal;\">Can\u00e7\u00e3o Nova<\/span><\/span><\/span><\/span><\/span><\/span><\/a><span style=\"color: #000000;\"><span style=\"font-family: lucida grande,tahoma;\"><span style=\"font-size: xx-small;\"><span style=\"font-style: normal;\"><span style=\"font-weight: normal;\"> voc\u00ea tamb\u00e9m.<br \/>\nCompartilhe este video \ud83d\ude09<\/span><\/span><\/span><\/span><\/span><\/p>\n<p class=\"western\" style=\"margin-top: 0.26cm; margin-bottom: 0.26cm; line-height: 0.37cm; widows: 2; orphans: 2;\">\n<h6 class=\"western\" style=\"margin-top: 0.26cm; margin-bottom: 0.26cm; line-height: 0.37cm; widows: 2; orphans: 2;\"><strong><a href=\"http:\/\/www.facebook.com\/cancaonova\"><span style=\"color: #3b5998;\"><span style=\"text-decoration: none;\"><span style=\"font-family: lucida grande,tahoma;\"><span style=\"font-size: xx-small;\"><span style=\"font-style: normal;\"><strong>Can\u00e7\u00e3o Nova<\/strong><\/span><\/span><\/span><\/span><\/span><\/a><\/strong><strong><span style=\"color: #3b5998;\"><span style=\"text-decoration: none;\"><span style=\"font-size: xx-small;\"><span style=\"font-style: normal;\"><strong> (243)<\/strong><\/span><\/span><\/span><\/span><\/strong><\/h6>\n<h6 class=\"western\" style=\"margin-top: 0cm; margin-bottom: 0.13cm; border: medium none; padding: 0cm; line-height: 0.37cm; widows: 2; orphans: 2;\"><span style=\"color: #000000;\">\u200e<\/span><span style=\"color: #000000;\"><span style=\"font-family: lucida grande,tahoma;\"><span style=\"font-size: xx-small;\"><span style=\"font-style: normal;\"><span style=\"font-weight: normal;\">&#8220;O valor do amor est\u00e1 equivocado?<br \/>\nN\u00e3o vendo o valor nas coisas, olhamos apenas para n\u00f3s mesmos&#8221;<\/span><\/span><\/span><\/span><\/span><a href=\"http:\/\/goo.gl\/9mNax\" target=\"_blank\"><span style=\"color: #3b5998;\"><span style=\"text-decoration: none;\"><span style=\"font-family: lucida grande,tahoma;\"><span style=\"font-size: xx-small;\"><span style=\"font-style: normal;\"><span style=\"font-weight: normal;\">http:\/\/goo.gl\/9mNax<\/span><\/span><\/span><\/span><\/span><\/span><\/a><span style=\"color: #000000;\"><span style=\"font-family: lucida grande,tahoma;\"><span style=\"font-size: xx-small;\"><span style=\"font-style: normal;\"><span style=\"font-weight: normal;\"><\/p>\n<p>Ou\u00e7a uma partilha descontra\u00edda sobre o valor do amor!<\/p>\n<p><\/span><\/span><\/span><\/span><\/span><\/h6>\n<p class=\"western\" style=\"margin-top: 0.26cm; margin-bottom: 0.26cm; line-height: 0.37cm; widows: 2; orphans: 2;\"><strong><a href=\"http:\/\/goo.gl\/9mNax\" target=\"_blank\"><span style=\"color: #3b5998;\"><span style=\"text-decoration: none;\"><span style=\"font-family: lucida grande,tahoma;\"><span style=\"font-size: xx-small;\"><span style=\"font-style: normal;\"><span style=\"font-weight: normal;\">Que seja eterno enquanto dure &#8211; cancaonova.com \/ Musica<\/span><\/span><\/span><\/span><\/span><\/span><\/a><\/strong><\/p>\n<p class=\"western\" style=\"margin-top: 0.26cm; margin-bottom: 0.26cm; line-height: 0.37cm; widows: 2; orphans: 2;\">\n<p class=\"western\" style=\"margin-top: 0.26cm; margin-bottom: 0.26cm; line-height: 0.37cm; widows: 2; orphans: 2;\"><strong><a href=\"http:\/\/www.facebook.com\/cancaonova\"><span style=\"color: #3b5998;\"><span style=\"text-decoration: none;\"><span style=\"font-family: lucida grande,tahoma;\"><span style=\"font-size: xx-small;\"><span style=\"font-style: normal;\"><strong>Can\u00e7\u00e3o Nova<\/strong><\/span><\/span><\/span><\/span><\/span><\/a><\/strong><strong><span style=\"color: #3b5998;\"><span style=\"text-decoration: none;\"><span style=\"font-size: xx-small;\"><span style=\"font-style: normal;\"><strong> (268)<\/strong><\/span><\/span><\/span><\/span><\/strong><\/p>\n<p class=\"western\" style=\"margin-bottom: 0cm; line-height: 0.37cm; widows: 2; orphans: 2;\"><span style=\"color: #000000;\"><span style=\"font-family: lucida grande,tahoma;\"><span style=\"font-size: xx-small;\"><span style=\"font-style: normal;\"><span style=\"font-weight: normal;\">Permanecer ou desaparecer? <\/span><\/span><\/span><\/span><\/span><a href=\"http:\/\/goo.gl\/MUuC1\" target=\"_blank\"><span style=\"color: #3b5998;\"><span style=\"text-decoration: none;\"><span style=\"font-family: lucida grande,tahoma;\"><span style=\"font-size: xx-small;\"><span style=\"font-style: normal;\"><span style=\"font-weight: normal;\">http:\/\/goo.gl\/MUuC1<\/span><\/span><\/span><\/span><\/span><\/span><\/a><\/p>\n<p class=\"western\" style=\"margin-top: 0.26cm; margin-bottom: 0.26cm; line-height: 0.37cm; widows: 2; orphans: 2;\"><strong><a href=\"http:\/\/www.facebook.com\/cancaonova\"><span style=\"color: #3b5998;\"><span style=\"text-decoration: none;\"><span style=\"font-family: lucida grande,tahoma;\"><span style=\"font-size: xx-small;\"><span style=\"font-style: normal;\"><strong>Can\u00e7\u00e3o Nova<\/strong><\/span><\/span><\/span><\/span><\/span><\/a><\/strong><strong><span style=\"color: #3b5998;\"><span style=\"text-decoration: none;\"><span style=\"font-size: xx-small;\"><span style=\"font-style: normal;\"><strong> (135)<\/strong><\/span><\/span><\/span><\/span><\/strong><\/p>\n<p class=\"western\" style=\"margin-bottom: 0cm; font-style: normal; font-weight: normal; line-height: 0.37cm; widows: 2; orphans: 2;\"><span style=\"color: #000000;\"><span style=\"font-family: lucida grande,tahoma;\"><span style=\"font-size: xx-small;\">O pai-fundador da Comunidade Can\u00e7\u00e3o Nova, monsenhor Jonas Abib, participou da Confer\u00eancia Nacional das Novas Comunidades que aconteceu em Cachoeira Paulista\/SP e como pai, profetizou e direcionou tantos &#8220;filhos&#8221;<\/span><\/span><\/span><\/p>\n<p class=\"western\" style=\"margin-bottom: 0cm; line-height: 0.37cm; widows: 2; orphans: 2;\">\n<h6 class=\"western\" style=\"line-height: 0.37cm; widows: 2; orphans: 2;\"><a href=\"http:\/\/www.facebook.com\/cancaonova\"><span style=\"color: #3b5998;\"><span style=\"text-decoration: none;\"><span style=\"font-family: lucida grande,tahoma;\"><span style=\"font-size: xx-small;\"><span style=\"font-style: normal;\"><strong>Can\u00e7\u00e3o Nova<\/strong><\/span><\/span><\/span><\/span><\/span><\/a><span style=\"color: #3b5998;\"><span style=\"text-decoration: none;\"><span style=\"font-size: xx-small;\"><span style=\"font-style: normal;\"><strong> (99)<\/strong><\/span><\/span><\/span><\/span><\/h6>\n<h6 class=\"western\" style=\"margin-top: 0cm; margin-bottom: 0.13cm; border: medium none; padding: 0cm; line-height: 0.37cm; widows: 2; orphans: 2;\"><a href=\"http:\/\/goo.gl\/i4P28\" target=\"_blank\"><span style=\"color: #3b5998;\"><span style=\"text-decoration: none;\"><span style=\"font-family: lucida grande,tahoma;\"><span style=\"font-size: xx-small;\"><span style=\"font-style: normal;\"><span style=\"font-weight: normal;\">http:\/\/goo.gl\/i4P28<\/span><\/span><\/span><\/span><\/span><\/span><\/a><\/h6>\n<p class=\"western\" style=\"margin-top: 0.26cm; margin-bottom: 0.26cm; line-height: 0.37cm; widows: 2; orphans: 2;\"><strong><a href=\"http:\/\/goo.gl\/i4P28\" target=\"_blank\"><span style=\"color: #3b5998;\"><span style=\"text-decoration: none;\"><span style=\"font-family: lucida grande,tahoma;\"><span style=\"font-size: xx-small;\"><span style=\"font-style: normal;\"><span style=\"font-weight: normal;\">Aprenda a cantar e a tocar o Salmo 127 &#8211; cancaonova.com \/ Musica<\/span><\/span><\/span><\/span><\/span><\/span><\/a><\/strong><\/p>\n<p class=\"western\" style=\"margin-top: 0.26cm; margin-bottom: 0.26cm; line-height: 0.37cm; widows: 2; orphans: 2;\"><a href=\"http:\/\/www.cancaonova.com\/\" target=\"_blank\"><span style=\"color: #3b5998;\"><span style=\"text-decoration: none;\"><span style=\"font-family: lucida grande,tahoma;\"><span style=\"font-size: xx-small;\"><span style=\"font-style: normal;\"><span style=\"font-weight: normal;\">www.cancaonova.com<\/span><\/span><\/span><\/span><\/span><\/span><\/a><\/p>\n<p class=\"western\" style=\"margin-bottom: 0cm; line-height: 0.37cm; widows: 2; orphans: 2;\">\n<p class=\"western\" style=\"margin-bottom: 0cm; line-height: 0.37cm; widows: 2; orphans: 2;\">\n<p class=\"western\" style=\"margin-bottom: 0cm; line-height: 0.37cm; widows: 2; orphans: 2;\"><strong><a href=\"http:\/\/www.facebook.com\/cancaonova\"><span style=\"color: #3b5998;\"><span style=\"text-decoration: none;\"><span style=\"font-family: lucida grande,tahoma;\"><span style=\"font-size: xx-small;\"><span style=\"font-style: normal;\"><strong>Can\u00e7\u00e3o Nova<\/strong><\/span><\/span><\/span><\/span><\/span><\/a><\/strong><strong><span style=\"color: #3b5998;\"><span style=\"text-decoration: none;\"><span style=\"font-size: xx-small;\"><span style=\"font-style: normal;\"><strong> (68)<\/strong><\/span><\/span><\/span><\/span><\/strong><\/p>\n<p class=\"western\" style=\"margin-bottom: 0cm; line-height: 0.37cm; widows: 2; orphans: 2;\"><span style=\"color: #000000;\"><span style=\"font-family: lucida grande,tahoma;\"><span style=\"font-size: xx-small;\"><span style=\"font-style: normal;\"><span style=\"font-weight: normal;\">VOC\u00ca cantando para o MONSENHOR JONAS ABIB s\u00f3 aqui na CN \ud83d\ude09<br \/>\nPARTICIPE&#8230;<\/span><\/span><\/span><\/span><\/span><\/p>\n<p><a href=\"http:\/\/www.cancaonova.com\/portal\/canais\/pejonas\/informativos.php?id=2462\" target=\"_blank\"><span style=\"color: #3b5998;\"><span style=\"text-decoration: none;\"><span style=\"font-family: lucida grande,tahoma;\"><span style=\"font-size: xx-small;\"><span style=\"font-style: normal;\"><span style=\"font-weight: normal;\">http:\/\/www.cancaonova.com\/portal\/canais\/pejonas\/informativos.php?id=2462<\/span><\/span><\/span><\/span><\/span><\/span><\/a><\/p>\n<\/div>\n","protected":false},"excerpt":{"rendered":"<p>A equipe de Estat\u00edsca da TI, respons\u00e1vel pelo monitoramente das m\u00eddias sociais da Can\u00e7\u00e3o Nova, faz relat\u00f3rios semanais sobre os n\u00fameros que envolvem esse segmento, em especial as redes sociais como o Twitter e o Facebook. I I Twitter Confira&#8230;<\/p>\n","protected":false},"author":4543,"featured_media":0,"comment_status":"open","ping_status":"open","sticky":false,"template":"","format":"standard","meta":{"_mi_skip_tracking":false,"_monsterinsights_sitenote_active":false,"_monsterinsights_sitenote_note":"","_monsterinsights_sitenote_category":0,"footnotes":""},"categories":[27],"tags":[5011,16646,14201,3721],"_links":{"self":[{"href":"https:\/\/blog.cancaonova.com\/redacao\/wp-json\/wp\/v2\/posts\/8421"}],"collection":[{"href":"https:\/\/blog.cancaonova.com\/redacao\/wp-json\/wp\/v2\/posts"}],"about":[{"href":"https:\/\/blog.cancaonova.com\/redacao\/wp-json\/wp\/v2\/types\/post"}],"author":[{"embeddable":true,"href":"https:\/\/blog.cancaonova.com\/redacao\/wp-json\/wp\/v2\/users\/4543"}],"replies":[{"embeddable":true,"href":"https:\/\/blog.cancaonova.com\/redacao\/wp-json\/wp\/v2\/comments?post=8421"}],"version-history":[{"count":8,"href":"https:\/\/blog.cancaonova.com\/redacao\/wp-json\/wp\/v2\/posts\/8421\/revisions"}],"predecessor-version":[{"id":8429,"href":"https:\/\/blog.cancaonova.com\/redacao\/wp-json\/wp\/v2\/posts\/8421\/revisions\/8429"}],"wp:attachment":[{"href":"https:\/\/blog.cancaonova.com\/redacao\/wp-json\/wp\/v2\/media?parent=8421"}],"wp:term":[{"taxonomy":"category","embeddable":true,"href":"https:\/\/blog.cancaonova.com\/redacao\/wp-json\/wp\/v2\/categories?post=8421"},{"taxonomy":"post_tag","embeddable":true,"href":"https:\/\/blog.cancaonova.com\/redacao\/wp-json\/wp\/v2\/tags?post=8421"}],"curies":[{"name":"wp","href":"https:\/\/api.w.org\/{rel}","templated":true}]}}