{"id":8430,"date":"2011-11-17T08:52:03","date_gmt":"2011-11-17T11:52:03","guid":{"rendered":"http:\/\/blog.cancaonova.com\/redacao\/?p=8430"},"modified":"2011-11-17T08:53:01","modified_gmt":"2011-11-17T11:53:01","slug":"padre-rufus-ora-pelas-intencoes-que-trazemos-em-nossos-coracoes","status":"publish","type":"post","link":"https:\/\/blog.cancaonova.com\/redacao\/padre-rufus-ora-pelas-intencoes-que-trazemos-em-nossos-coracoes\/","title":{"rendered":"Padre Rufus ora pelas inten\u00e7\u00f5es que trazemos em nossos cora\u00e7\u00f5es"},"content":{"rendered":"<p>Entre os dias 11 e 15 de novembro, a Can\u00e7\u00e3o Nova promoveu mais um Acampamento de Cura e Liberta\u00e7\u00e3o, com a presen\u00e7a especial de Padre Rufus, exorcista autorizado pelo Vaticano, que conduziu prega\u00e7\u00f5es, Adora\u00e7\u00e3o ao Sant\u00edssimo, Santa Missa e momentos de ora\u00e7\u00e3o.<\/p>\n<p><a rel=\"attachment wp-att-8433\" href=\"http:\/\/blog.cancaonova.com\/redacao\/padre-rufus-ora-pelas-intencoes-que-trazemos-em-nossos-coracoes\/capaportal01\/\"><img loading=\"lazy\" decoding=\"async\" class=\"alignleft size-full wp-image-8433\" title=\"CapaPortal01\" src=\"http:\/\/blog.cancaonova.com\/redacao\/files\/2011\/11\/CapaPortal01.jpg\" alt=\"\" width=\"269\" height=\"173\" \/><\/a>Em uma das ora\u00e7\u00f5es do acampamento, padre Rufus convidou todas as pessoas presentes na Ch\u00e1cara de Santa Cruz e todos aqueles que acompanhavam o encontro pelo Sistema Can\u00e7\u00e3o Nova de Comunica\u00e7\u00e3o a, junto de Jesus, orar por todas as inten\u00e7\u00f5es que trazemos em nossos cora\u00e7\u00f5es.<\/p>\n<p>Voc\u00ea que n\u00e3o participou do Acampamento de Cura e Liberta\u00e7\u00e3o, e tamb\u00e9m n\u00e3o pode acompanhar esse momento pelos meios de comunica\u00e7\u00e3o, pode agora ter acesso ao \u00e1udio dessa ora\u00e7\u00e3o acessando o link abaixo:<\/p>\n<p><a href=\"http:\/\/vobr.webtvcn.com\/2011\/novembro\/oracaopehufus14.mp3\" target=\"_blank\"><strong>Ou\u00e7a o \u00e1udio da ora\u00e7\u00e3o em que padre Rufus ora por todas nossas inten\u00e7\u00f5es<\/strong><\/a>.<\/p>\n<div>\n<div style=\"text-align: center;\"><a href=\"http:\/\/www.casanovacancaonova.com\/\" target=\"_blank\"><strong><span style=\"color: #0033cc;\">Participe da Promo\u00e7\u00e3o &#8220;Casa Nova, Can\u00e7\u00e3o Nova&#8221;. <\/span><\/strong><span style=\"color: #0033cc;\"><br \/>\n<strong>Evangeliza\u00e7\u00e3o e muitos pr\u00eamios para voc\u00ea <\/strong><\/span><\/a><\/div>\n<\/div>\n","protected":false},"excerpt":{"rendered":"<p>Entre os dias 11 e 15 de novembro, a Can\u00e7\u00e3o Nova promoveu mais um Acampamento de Cura e Liberta\u00e7\u00e3o, com a presen\u00e7a especial de Padre Rufus, exorcista autorizado pelo Vaticano, que conduziu prega\u00e7\u00f5es, Adora\u00e7\u00e3o ao Sant\u00edssimo, Santa Missa e momentos&#8230;<\/p>\n","protected":false},"author":4543,"featured_media":0,"comment_status":"open","ping_status":"open","sticky":false,"template":"","format":"standard","meta":{"_mi_skip_tracking":false,"_monsterinsights_sitenote_active":false,"_monsterinsights_sitenote_note":"","_monsterinsights_sitenote_category":0,"footnotes":""},"categories":[19],"tags":[],"_links":{"self":[{"href":"https:\/\/blog.cancaonova.com\/redacao\/wp-json\/wp\/v2\/posts\/8430"}],"collection":[{"href":"https:\/\/blog.cancaonova.com\/redacao\/wp-json\/wp\/v2\/posts"}],"about":[{"href":"https:\/\/blog.cancaonova.com\/redacao\/wp-json\/wp\/v2\/types\/post"}],"author":[{"embeddable":true,"href":"https:\/\/blog.cancaonova.com\/redacao\/wp-json\/wp\/v2\/users\/4543"}],"replies":[{"embeddable":true,"href":"https:\/\/blog.cancaonova.com\/redacao\/wp-json\/wp\/v2\/comments?post=8430"}],"version-history":[{"count":6,"href":"https:\/\/blog.cancaonova.com\/redacao\/wp-json\/wp\/v2\/posts\/8430\/revisions"}],"predecessor-version":[{"id":8436,"href":"https:\/\/blog.cancaonova.com\/redacao\/wp-json\/wp\/v2\/posts\/8430\/revisions\/8436"}],"wp:attachment":[{"href":"https:\/\/blog.cancaonova.com\/redacao\/wp-json\/wp\/v2\/media?parent=8430"}],"wp:term":[{"taxonomy":"category","embeddable":true,"href":"https:\/\/blog.cancaonova.com\/redacao\/wp-json\/wp\/v2\/categories?post=8430"},{"taxonomy":"post_tag","embeddable":true,"href":"https:\/\/blog.cancaonova.com\/redacao\/wp-json\/wp\/v2\/tags?post=8430"}],"curies":[{"name":"wp","href":"https:\/\/api.w.org\/{rel}","templated":true}]}}