{"id":8468,"date":"2011-11-25T07:13:53","date_gmt":"2011-11-25T10:13:53","guid":{"rendered":"http:\/\/blog.cancaonova.com\/redacao\/?p=8468"},"modified":"2011-11-25T11:07:24","modified_gmt":"2011-11-25T14:07:24","slug":"a-cancao-nova-evangeliza-ha-16-anos-pela-internet","status":"publish","type":"post","link":"https:\/\/blog.cancaonova.com\/redacao\/a-cancao-nova-evangeliza-ha-16-anos-pela-internet\/","title":{"rendered":"A Can\u00e7\u00e3o Nova evangeliza h\u00e1 16 anos pela internet"},"content":{"rendered":"<p><a rel=\"attachment wp-att-8481\" href=\"http:\/\/blog.cancaonova.com\/redacao\/a-cancao-nova-evangeliza-ha-16-anos-pela-internet\/portal01-3\/\"><img loading=\"lazy\" decoding=\"async\" class=\"alignleft size-medium wp-image-8481\" src=\"http:\/\/blog.cancaonova.com\/redacao\/files\/2011\/11\/Portal012-300x202.jpg\" alt=\"Portal Can\u00e7\u00e3o Nova\" width=\"300\" height=\"202\" srcset=\"https:\/\/blog.cancaonova.com\/redacao\/files\/2011\/11\/Portal012-300x202.jpg 300w, https:\/\/blog.cancaonova.com\/redacao\/files\/2011\/11\/Portal012.jpg 370w\" sizes=\"(max-width: 300px) 100vw, 300px\" \/><\/a>A Can\u00e7\u00e3o Nova tem motivo para comemorar no dia de hoje. H\u00e1 exatamente 16 anos o Sistema Can\u00e7\u00e3o Nova de Comunica\u00e7\u00e3o dava os primeiros passos na internet.<\/p>\n<p>No ano de 1995 a primeira p\u00e1gina dessa obra de evangeliza\u00e7\u00e3o foi ao ar, cujo objetivo era o de apresentar conte\u00fado informativo e formativo sobre a R\u00e1dio e a TV Can\u00e7\u00e3o Nova.<\/p>\n<p>Esse site nasceu de forma muito simples e somente no ano de 2000 foi criada a primeira vers\u00e3o do Portal Can\u00e7\u00e3o Nova, que hoje \u00e9 respons\u00e1vel por levar conte\u00fado cat\u00f3lico para pa\u00edses de l\u00edngua espanhola, inglesa, francesa, portuguesa, entre outros.<!--more--><\/p>\n<p>Atualmente, o canal conta com 10 milh\u00f5es de acessos por m\u00eas e est\u00e1 entre os maiores sites de conte\u00fado cat\u00f3lico do mundo.<\/p>\n<p>O Departamento de Tecnologia de Informa\u00e7\u00e3o \u00e9 formado por v\u00e1rios setores que auxiliam no crescimento dessa \u00e1rea dentro do Sistema CN de Comunica\u00e7\u00e3o, entre eles est\u00e3o: <a href=\"http:\/\/www.cancaonova.com\/\" target=\"_blank\"><strong>Portal<\/strong><\/a>, <a href=\"http:\/\/www.webtvcn.com\/\" target=\"_blank\"><strong>WebTV<\/strong><\/a>, <a href=\"http:\/\/www.cancaonovamobile.com\/\" target=\"_blank\"><strong>CN Mobile<\/strong><\/a>, <a href=\"http:\/\/blog.cancaonova.com\/capa\/\" target=\"_blank\"><strong>Blogs CN<\/strong><\/a>, <a href=\"http:\/\/gentedefe.com\/\" target=\"_blank\"><strong>Gente de F\u00e9<\/strong><\/a>, <a href=\"http:\/\/podcast.cancaonova.com\/\" target=\"_blank\"><strong>PodCast CN<\/strong><\/a>, entre outros. Al\u00e9m desses de canais pr\u00f3prios, a Can\u00e7\u00e3o Nova ainda est\u00e1 presente em redes sociais como o <a href=\"http:\/\/twitter.com\/#!\/cancaonova\" target=\"_blank\"><strong>Twitter<\/strong><\/a> e o <a href=\"http:\/\/www.facebook.com\/cancaonova\" target=\"_blank\"><strong>Facebook<\/strong><\/a>.<\/p>\n<p>A miss\u00e3o dessa obra \u00e9 promover a evangeliza\u00e7\u00e3o, utilizando-se de todos os meios tecnol\u00f3gicos dispon\u00edveis hoje, com a orienta\u00e7\u00e3o e a b\u00ean\u00e7\u00e3o do Papa Bento XVI. Por isso, desde o in\u00edcio o Departamento de TI da Can\u00e7\u00e3o Nova tem a finalidade de \u201clevar forma\u00e7\u00e3o atrav\u00e9s da informa\u00e7\u00e3o\u201d, como ensina o fundador da Comunidade Can\u00e7\u00e3o Nova, monsenhor Jonas Abib.<\/p>\n","protected":false},"excerpt":{"rendered":"<p>A Can\u00e7\u00e3o Nova tem motivo para comemorar no dia de hoje. H\u00e1 exatamente 16 anos o Sistema Can\u00e7\u00e3o Nova de Comunica\u00e7\u00e3o dava seus primeiros passos na internet.  <a href=\"https:\/\/blog.cancaonova.com\/redacao\/a-cancao-nova-evangeliza-ha-16-anos-pela-internet\/\">Continue lendo <span class=\"meta-nav\">&rarr;<\/span><\/a><\/p>\n","protected":false},"author":4543,"featured_media":0,"comment_status":"open","ping_status":"open","sticky":false,"template":"","format":"standard","meta":{"_mi_skip_tracking":false,"_monsterinsights_sitenote_active":false,"_monsterinsights_sitenote_note":"","_monsterinsights_sitenote_category":0,"footnotes":""},"categories":[9671],"tags":[671,5011,1021,95892,3211,4741],"_links":{"self":[{"href":"https:\/\/blog.cancaonova.com\/redacao\/wp-json\/wp\/v2\/posts\/8468"}],"collection":[{"href":"https:\/\/blog.cancaonova.com\/redacao\/wp-json\/wp\/v2\/posts"}],"about":[{"href":"https:\/\/blog.cancaonova.com\/redacao\/wp-json\/wp\/v2\/types\/post"}],"author":[{"embeddable":true,"href":"https:\/\/blog.cancaonova.com\/redacao\/wp-json\/wp\/v2\/users\/4543"}],"replies":[{"embeddable":true,"href":"https:\/\/blog.cancaonova.com\/redacao\/wp-json\/wp\/v2\/comments?post=8468"}],"version-history":[{"count":21,"href":"https:\/\/blog.cancaonova.com\/redacao\/wp-json\/wp\/v2\/posts\/8468\/revisions"}],"predecessor-version":[{"id":8480,"href":"https:\/\/blog.cancaonova.com\/redacao\/wp-json\/wp\/v2\/posts\/8468\/revisions\/8480"}],"wp:attachment":[{"href":"https:\/\/blog.cancaonova.com\/redacao\/wp-json\/wp\/v2\/media?parent=8468"}],"wp:term":[{"taxonomy":"category","embeddable":true,"href":"https:\/\/blog.cancaonova.com\/redacao\/wp-json\/wp\/v2\/categories?post=8468"},{"taxonomy":"post_tag","embeddable":true,"href":"https:\/\/blog.cancaonova.com\/redacao\/wp-json\/wp\/v2\/tags?post=8468"}],"curies":[{"name":"wp","href":"https:\/\/api.w.org\/{rel}","templated":true}]}}