{"id":8500,"date":"2011-11-25T12:36:15","date_gmt":"2011-11-25T15:36:15","guid":{"rendered":"http:\/\/blog.cancaonova.com\/redacao\/?p=8500"},"modified":"2011-11-25T12:37:42","modified_gmt":"2011-11-25T15:37:42","slug":"nota-de-falecimento","status":"publish","type":"post","link":"https:\/\/blog.cancaonova.com\/redacao\/nota-de-falecimento\/","title":{"rendered":"Nota de falecimento"},"content":{"rendered":"<p><a rel=\"attachment wp-att-8506\" href=\"http:\/\/blog.cancaonova.com\/redacao\/nota-de-falecimento\/nota-de-falecimento-2\/\"><img loading=\"lazy\" decoding=\"async\" class=\"alignleft size-full wp-image-8506\" title=\"Nota de falecimento\" src=\"http:\/\/blog.cancaonova.com\/redacao\/files\/2011\/11\/Nota-de-Falecimento1.jpg\" alt=\"Nota de falecimento\" width=\"79\" height=\"79\" \/><\/a>\u00c9 com pesar que informamos o falecimento, na noite de ontem, de Ant\u00f4nio Almiro da Silva, pai do mission\u00e1rio Wilson Martins da Silva.<\/p>\n<p>O senhor Ant\u00f4nio tinha 74 anos e estava internado h\u00e1 alguns dias. Ele faleceu na cidade de Bras\u00edlia (DF), em decorr\u00eancia de complica\u00e7\u00f5es ocasionadas pela diabetes e bronco pneumonia grave.<\/p>\n<p>Todo o Departamento de TI, setor onde Wilson trabalha, presta condol\u00eancias por sua perda e se une em ora\u00e7\u00e3o pela alma de seu pai.<\/p>\n<p>Rezemos pela sua alma!<\/p>\n","protected":false},"excerpt":{"rendered":"<p>\u00c9 com pesar que informamos o falecimento, na noite de ontem, de Ant\u00f4nio Almiro da Silva, pai do mission\u00e1rio Wilson Martins da Silva. O senhor Ant\u00f4nio tinha 74 anos e estava internado h\u00e1 alguns dias. Ele faleceu na cidade de&#8230;<\/p>\n","protected":false},"author":4543,"featured_media":0,"comment_status":"open","ping_status":"open","sticky":false,"template":"","format":"standard","meta":{"_mi_skip_tracking":false,"_monsterinsights_sitenote_active":false,"_monsterinsights_sitenote_note":"","_monsterinsights_sitenote_category":0,"footnotes":""},"categories":[1331],"tags":[95895,19652,9061,95894],"_links":{"self":[{"href":"https:\/\/blog.cancaonova.com\/redacao\/wp-json\/wp\/v2\/posts\/8500"}],"collection":[{"href":"https:\/\/blog.cancaonova.com\/redacao\/wp-json\/wp\/v2\/posts"}],"about":[{"href":"https:\/\/blog.cancaonova.com\/redacao\/wp-json\/wp\/v2\/types\/post"}],"author":[{"embeddable":true,"href":"https:\/\/blog.cancaonova.com\/redacao\/wp-json\/wp\/v2\/users\/4543"}],"replies":[{"embeddable":true,"href":"https:\/\/blog.cancaonova.com\/redacao\/wp-json\/wp\/v2\/comments?post=8500"}],"version-history":[{"count":11,"href":"https:\/\/blog.cancaonova.com\/redacao\/wp-json\/wp\/v2\/posts\/8500\/revisions"}],"predecessor-version":[{"id":8511,"href":"https:\/\/blog.cancaonova.com\/redacao\/wp-json\/wp\/v2\/posts\/8500\/revisions\/8511"}],"wp:attachment":[{"href":"https:\/\/blog.cancaonova.com\/redacao\/wp-json\/wp\/v2\/media?parent=8500"}],"wp:term":[{"taxonomy":"category","embeddable":true,"href":"https:\/\/blog.cancaonova.com\/redacao\/wp-json\/wp\/v2\/categories?post=8500"},{"taxonomy":"post_tag","embeddable":true,"href":"https:\/\/blog.cancaonova.com\/redacao\/wp-json\/wp\/v2\/tags?post=8500"}],"curies":[{"name":"wp","href":"https:\/\/api.w.org\/{rel}","templated":true}]}}