{"id":8526,"date":"2011-11-25T15:05:27","date_gmt":"2011-11-25T18:05:27","guid":{"rendered":"http:\/\/blog.cancaonova.com\/redacao\/?p=8526"},"modified":"2011-11-25T15:07:46","modified_gmt":"2011-11-25T18:07:46","slug":"monitoramento-semanal-top-10-1811-a-2511","status":"publish","type":"post","link":"https:\/\/blog.cancaonova.com\/redacao\/monitoramento-semanal-top-10-1811-a-2511\/","title":{"rendered":"Monitoramento Semanal Top 10 (18\/11 a 25\/11)"},"content":{"rendered":"<p><span style=\"color: #000000;\"><em><span style=\"text-decoration: underline;\"><strong>Twitter<\/strong><\/span><\/em><\/span><\/p>\n<p><span style=\"color: #000000;\">Confira os n\u00fameros relacionados ao Twitter. Abaixo veja os tweets, desta semana, que mais geraram RT:<\/span><\/p>\n<p><!-- p { margin-bottom: 0.21cm; }a:link {  } --><span style=\"color: #000000;\"><strong><span style=\"text-decoration: underline;\"><a href=\"https:\/\/twitter.com\/#%21\/cancaonova\">@cancaonova<\/a><\/span><\/strong> (20)<br \/>\nAmanh\u00e3 a Igreja Cat\u00f3lica celebra &#8220;Cristo Rei do Universo&#8221; <span style=\"text-decoration: underline;\"><a href=\"http:\/\/t.co\/dHHKna4Z\" target=\"_blank\">goo.gl\/1th1A<\/a><\/span> <a href=\"https:\/\/twitter.com\/#%21\/search?q=%23cancanova\"><span style=\"text-decoration: underline;\"><span style=\"text-decoration: line-through;\">#<\/span><\/span><span style=\"text-decoration: underline;\"><strong>cancanova<\/strong><\/span><\/a><\/span><\/p>\n<p><span style=\"color: #000000;\"><strong><span style=\"text-decoration: underline;\"><a href=\"https:\/\/twitter.com\/#%21\/cancaonova\">@cancaonova<\/a><\/span><\/strong> (16)<br \/>\nPhotoset: A felicidade do mundo \u00e9 passageira, a felicidade com Deus \u00e9 eterna. <span style=\"text-decoration: underline;\"><a href=\"http:\/\/t.co\/wnrxJeWc\" target=\"_blank\">tmblr.co\/ZoBaQxC4wMJ3<\/a><\/span><\/span><\/p>\n<p><span style=\"color: #000000;\"><strong><span style=\"text-decoration: underline;\"><a href=\"https:\/\/twitter.com\/#%21\/cancaonova\">@cancaonova<\/a><\/span><\/strong> (15)<br \/>\n&#8216;Comece nas pequenas coisas&#8217;. Seja santo no dia a dia <span style=\"text-decoration: underline;\"><a href=\"http:\/\/t.co\/5IcoWU4O\" target=\"_blank\">goo.gl\/TebkE<\/a><\/span><\/span><\/p>\n<p><span style=\"color: #000000;\"><span style=\"text-decoration: underline;\"><a href=\"https:\/\/twitter.com\/#%21\/cancaonova\"><strong>@cancaonova<\/strong><\/a><\/span> (14)<br \/>\nQual a situa\u00e7\u00e3o que hoje voc\u00ea precisa de paci\u00eancia? Saiba como ter essa virtude <span style=\"text-decoration: underline;\"><a href=\"http:\/\/t.co\/lnAZyQMf\" target=\"_blank\">goo.gl\/nENKW<\/a><\/span><\/span><\/p>\n<p><span style=\"color: #000000;\"><strong><span style=\"text-decoration: underline;\"><a href=\"https:\/\/twitter.com\/#%21\/cancaonova\">@cancaonova<\/a><\/span><\/strong> (12)<br \/>\n&#8216;O amor \u00e9 mais forte que a morte!&#8217; Rel\u00edquia de Maria Madalena visita a Can\u00e7\u00e3o Nova <span style=\"text-decoration: underline;\"><a href=\"http:\/\/t.co\/a3uvMN46\" target=\"_blank\">twitpic.com\/7gvv4t<\/a><\/span><\/span><\/p>\n<p><span style=\"color: #000000;\"><strong><span style=\"text-decoration: underline;\"><a href=\"https:\/\/twitter.com\/#%21\/cancaonova\">@cancaonova<\/a><\/span><\/strong> (12)<br \/>\nHoje de dia dos M\u00daSICOS curte ai <span style=\"text-decoration: underline;\"><a href=\"http:\/\/t.co\/46Qv2foH\" target=\"_blank\">goo.gl\/9iqfM<\/a><\/span><\/span><\/p>\n<p><span style=\"color: #000000;\"><span style=\"text-decoration: underline;\"><a href=\"https:\/\/twitter.com\/#%21\/cancaonova\"><strong>@cancaonova<\/strong><\/a><\/span><strong> <\/strong>(6)<br \/>\nPapa celebra \u00faltima Missa e reitera pedido de paz na \u00c1frica <span style=\"text-decoration: underline;\"><a href=\"http:\/\/t.co\/tF7PD83D\" target=\"_blank\">goo.gl\/i2zvO<\/a><\/span> <a href=\"https:\/\/twitter.com\/#%21\/search?q=%23viagempapal\"><span style=\"text-decoration: underline;\"><span style=\"text-decoration: line-through;\">#<\/span><\/span><span style=\"text-decoration: underline;\"><strong>viagempapal<\/strong><\/span><\/a><\/span><\/p>\n<p><span style=\"color: #000000;\"><span style=\"text-decoration: underline;\"><a href=\"https:\/\/twitter.com\/#%21\/cancaonova\"><strong>@cancaonova <\/strong><\/a><\/span>(6)<br \/>\nHoje \u00e9 Solenidade de Cristo Rei! Confira a liturgia de hoje: <span style=\"text-decoration: underline;\"><a href=\"http:\/\/t.co\/1mqT7WHx\" target=\"_blank\">cancaonova.com\/portal\/canais\/\u2026<\/a><\/span><\/span><\/p>\n<h1><!-- p { margin-bottom: 0.21cm; }a:link {  } --> <!-- p { margin-bottom: 0.21cm; }a:link {  } --><span style=\"color: #000000;\"><strong><span style=\"text-decoration: underline;\"><a href=\"https:\/\/twitter.com\/#%21\/cancaonova\"><span style=\"font-family: Times New Roman,serif;\"><span style=\"font-size: small;\">@cancaonova<\/span><\/span><\/a><\/span><\/strong><span style=\"font-family: Arial,Helvetica Neue,sans-serif;\"><span style=\"font-size: small;\"> <\/span><\/span><span style=\"font-family: Times New Roman,serif;\"><span style=\"font-size: small;\">(5)<br \/>\nA Can\u00e7\u00e3o Nova evangeliza h\u00e1 16 anos pela internet <\/span><\/span><a href=\"http:\/\/t.co\/5Yv1w908\" target=\"_blank\"><span style=\"font-family: Times New Roman,serif;\"><span style=\"font-size: small;\"><span style=\"text-decoration: underline;\">http:\/\/goo.gl\/0zAQy<\/span><\/span><\/span><\/a><\/span><\/h1>\n<p><span style=\"color: #000000;\"><em><span style=\"text-decoration: underline;\"><strong><br \/>\nFacebook<\/strong><\/span><\/em><\/span><\/p>\n<p><span style=\"color: #000000;\">Os n\u00fameros do Facebook tamb\u00e9m s\u00e3o monitorados pela nossa equipe e na  \u00faltima semana as postagens que mais receberam curti\u00e7\u00f5es foram as  seguintes:<\/span><\/p>\n<p><!-- p { margin-bottom: 0.21cm; }h6 { margin-bottom: 0.21cm; }h6.western { font-family: \"Liberation Serif\",\"Times New Roman\",serif; }h6.cjk { font-family: \"WenQuanYi Micro Hei\"; }h6.ctl { font-family: \"Lohit Hindi\"; }a:link {  } --><span style=\"color: #000000;\"><span style=\"font-family: Times New Roman,serif;\"><span style=\"font-size: small;\"><strong><a href=\"http:\/\/www.facebook.com\/cancaonova\">Can\u00e7\u00e3o Nova<\/a> (434)<\/strong><\/span><\/span><\/span><\/p>\n<p><span style=\"color: #000000;\"><span style=\"font-family: Times New Roman,serif;\"><span style=\"font-size: small;\">O que significa HOSANA????<br \/>\n\u00c9 o grito de exalta\u00e7\u00e3o ou adora\u00e7\u00e3o entoado em reconhecimento ao messianismo de Jesus em sua entrada em Jerusal\u00e9m, Hosana! Bendito \u00e9 aquele que vem em nome do Senhor! \u00c9 usado da mesma maneira na exalta\u00e7\u00e3o de Cristo.<br \/>\nVem pra c\u00e1 vc tamb\u00e9m exaltar o Senhor na sua vida&#8230;<\/span><\/span><\/span><\/p>\n<p><span style=\"color: #000000;\"><a href=\"http:\/\/hosanabrasil.cancaonova.com\/\" target=\"_blank\"><span style=\"font-family: Times New Roman,serif;\"><span style=\"font-size: small;\">http:\/\/hosanabrasil.cancaonova.com\/<\/span><\/span><\/a><span style=\"font-family: Times New Roman,serif;\"><span style=\"font-size: small;\"> <\/span><\/span><\/span><\/p>\n<p><span style=\"color: #000000;\"><span style=\"text-decoration: underline;\"><a href=\"http:\/\/www.facebook.com\/cancaonova\"><span style=\"font-family: Times New Roman,serif;\"><span style=\"font-size: small;\"><strong>Can\u00e7\u00e3o Nova<\/strong><\/span><\/span><\/a><\/span><span style=\"font-family: Times New Roman,serif;\"><span style=\"font-size: small;\"> adicionou 39 novas fotos ao \u00e1lbum <\/span><\/span><span style=\"text-decoration: underline;\"><a href=\"http:\/\/www.facebook.com\/media\/set\/?set=a.10150372046109632.357566.45027114631&amp;type=1\"><span style=\"font-family: Times New Roman,serif;\"><span style=\"font-size: small;\">Cruz da JMJ em Belo Horizonte<\/span><\/span><\/a><\/span><span style=\"font-family: Times New Roman,serif;\"><span style=\"font-size: small;\"> (423)<\/span><\/span><\/span><\/p>\n<h6><span style=\"color: #000000;\"><span style=\"text-decoration: underline;\"><a href=\"http:\/\/www.facebook.com\/cancaonova\"><span style=\"font-family: Times New Roman,serif;\"><span style=\"font-size: small;\"><strong>Can\u00e7\u00e3o Nova<\/strong><\/span><\/span><\/a><\/span><span style=\"font-family: Times New Roman,serif;\"><span style=\"font-size: small;\"><strong> (316)<\/strong><\/span><\/span><\/span><\/h6>\n<h6><span style=\"color: #000000;\"><span style=\"font-family: Times New Roman,serif;\"><span style=\"font-size: small;\">BOM DIA! Hoje \u00e9 dia da intercessora dos m\u00fasicos&#8230; Que ela oriente todos os ministros de m\u00fasica no caminho de Deus.<br \/>\n<\/span><\/span><span style=\"text-decoration: underline;\"><a href=\"http:\/\/www.cancaonova.com\/portal\/canais\/liturgia\/santo\/index.php?&amp;dia=22&amp;mes=11&amp;ano=2011\" target=\"_blank\"><span style=\"font-family: Times New Roman,serif;\"><span style=\"font-size: small;\">http:\/\/www.cancaonova.com\/portal\/canais\/liturgia\/santo\/index.php?&amp;dia=22&amp;mes=11&amp;ano=2011<\/span><\/span><\/a><\/span><\/span><\/h6>\n<p><span style=\"color: #000000;\"><span style=\"text-decoration: underline;\"><a href=\"http:\/\/www.cancaonova.com\/portal\/canais\/liturgia\/santo\/index.php?&amp;dia=22&amp;mes=11&amp;ano=2011\" target=\"_blank\"><span style=\"font-family: Times New Roman,serif;\"><span style=\"font-size: small;\">Santa Cec\u00edlia &#8211; cancaonova.com &#8211; Santo do Dia!<\/span><\/span><\/a><\/span><\/span><\/p>\n<h6><span style=\"color: #000000;\"><span style=\"text-decoration: underline;\"><a href=\"http:\/\/www.facebook.com\/cancaonova\"><span style=\"font-family: Times New Roman,serif;\"><span style=\"font-size: small;\"><strong>Can\u00e7\u00e3o Nova<\/strong><\/span><\/span><\/a><\/span><span style=\"text-decoration: underline;\"><span style=\"font-family: Times New Roman,serif;\"><span style=\"font-size: small;\"><strong> (222)<\/strong><\/span><\/span><\/span><\/span><\/h6>\n<h6><span style=\"color: #000000;\"><span style=\"font-family: Times New Roman,serif;\"><span style=\"font-size: small;\">Comemoramos 16 anos do Portal CN HOJE<br \/>\nPara voc\u00ea que faz parte da fam\u00edlia ai vai uma palestra do <\/span><\/span><a href=\"http:\/\/www.facebook.com\/monsenhorjonas\"><span style=\"font-family: Times New Roman,serif;\"><span style=\"font-size: small;\">Monsenhor Jonas Abib<\/span><\/span><\/a><span style=\"font-family: Times New Roman,serif;\"><span style=\"font-size: small;\"><br \/>\nDeus te aben\u00e7oe!<\/span><\/span><\/span><\/h6>\n<p><span style=\"color: #000000;\"><strong><a href=\"http:\/\/www.cancaonova.com\/portal\/canais\/pejonas\/informativos.php?id=2481\" target=\"_blank\"><span style=\"font-family: Times New Roman,serif;\"><span style=\"font-size: small;\">Baixe a prega\u00e7\u00e3o &#8216;Mas o Senhor vir\u00e1&#8217; &#8211; www.padrejonas.com<\/span><\/span><\/a><\/strong><\/span><\/p>\n<p><span style=\"color: #000000;\"><span style=\"text-decoration: underline;\"><a href=\"http:\/\/www.facebook.com\/cancaonova\"><span style=\"font-family: Times New Roman,serif;\"><span style=\"font-size: small;\"><strong>Can\u00e7\u00e3o Nova<\/strong><\/span><\/span><\/a><\/span><span style=\"font-family: Times New Roman,serif;\"><span style=\"font-size: small;\"><strong> (206)<\/strong><\/span><\/span><\/span><\/p>\n<p><span style=\"color: #000000;\"><span style=\"font-family: Times New Roman,serif;\"><span style=\"font-size: small;\">Voc\u00ea sabe o que \u00e9 ADVENTO???????<br \/>\nVoc\u00ea sabe como deve viver este tempo????<br \/>\nFica a dica&#8230;<\/span><\/span><\/span><\/p>\n<p><span style=\"color: #000000;\"><span style=\"text-decoration: underline;\"><a href=\"http:\/\/www.cancaonova.com\/portal\/canais\/formacao\/internas.php?id&amp;e=428\"><span style=\"font-family: Times New Roman,serif;\"><span style=\"font-size: small;\">http:\/\/www.cancaonova.com\/portal\/canais\/formacao\/internas.php?id&amp;e=428<\/span><\/span><\/a><\/span><\/span><\/p>\n<h6><span style=\"color: #000000;\"><a href=\"http:\/\/www.facebook.com\/cancaonova\"><span style=\"font-family: Times New Roman,serif;\"><span style=\"font-size: small;\"><strong>Can\u00e7\u00e3o Nova<\/strong><\/span><\/span><\/a><span style=\"font-family: Times New Roman,serif;\"><span style=\"font-size: small;\"><strong> (188)<\/strong><\/span><\/span><\/span><\/h6>\n<p><span style=\"color: #000000;\"><span style=\"font-family: Times New Roman,serif;\"><span style=\"font-size: small;\">A Can\u00e7\u00e3o Nova tem motivo para comemorar no dia de hoje. H\u00e1 exatamente 16 anos o Sistema Can\u00e7\u00e3o Nova de Comunica\u00e7\u00e3o dava os primeiros passos na internet. <\/span><\/span><\/span><\/p>\n<p><span style=\"color: #000000;\"><strong><a href=\"..\/a-cancao-nova-evangeliza-ha-16-anos-pela-internet\/\"><span style=\"font-family: Times New Roman,serif;\"><span style=\"font-size: small;\">http:\/\/blog.cancaonova.com\/redacao\/a-cancao-nova-evangeliza-ha-16-anos-pela-internet\/<\/span><\/span><\/a><\/strong><strong><span style=\"font-family: Times New Roman,serif;\"><span style=\"font-size: small;\"> <\/span><\/span><\/strong><\/span><\/p>\n<h6><span style=\"color: #000000;\"><span style=\"text-decoration: underline;\"><a href=\"http:\/\/www.facebook.com\/cancaonova\"><span style=\"font-family: Times New Roman,serif;\"><span style=\"font-size: small;\"><strong>Can\u00e7\u00e3o Nova<\/strong><\/span><\/span><\/a><\/span><span style=\"font-family: Times New Roman,serif;\"><span style=\"font-size: small;\"><strong> (147)<\/strong><\/span><\/span><\/span><\/h6>\n<h6><span style=\"color: #000000;\"><span style=\"font-family: Times New Roman,serif;\"><span style=\"font-size: small;\">Descubra os reais benef\u00edcios do Canto Gregoriano: <\/span><\/span><span style=\"text-decoration: underline;\"><a href=\"http:\/\/goo.gl\/lM6Yj\" target=\"_blank\"><span style=\"font-family: Times New Roman,serif;\"><span style=\"font-size: small;\">http:\/\/goo.gl\/lM6Yj<\/span><\/span><\/a><\/span><\/span><\/h6>\n<p><span style=\"color: #000000;\"><span style=\"text-decoration: underline;\"><a href=\"http:\/\/goo.gl\/lM6Yj\" target=\"_blank\"><span style=\"font-family: Times New Roman,serif;\"><span style=\"font-size: small;\">Os benef\u00edcios do canto gregoriano &#8211; cancaonova.com \/ Musica<\/span><\/span><\/a><\/span><\/span><\/p>\n<p><span style=\"color: #000000;\"><span style=\"text-decoration: underline;\"><a href=\"http:\/\/www.facebook.com\/cancaonova\"><span style=\"font-family: Times New Roman,serif;\"><span style=\"font-size: small;\"><strong>Can\u00e7\u00e3o Nova<\/strong><\/span><\/span><\/a><\/span><span style=\"font-family: Times New Roman,serif;\"><span style=\"font-size: small;\"><strong> (143)<\/strong><\/span><\/span><\/span><\/p>\n<p><span style=\"color: #000000;\"><span style=\"font-family: Times New Roman,serif;\"><span style=\"font-size: small;\">\u00daLTIMA SEMANA corre ta esperando o que????<br \/>\nVESTIBULAR 2012 <\/span><\/span><span style=\"text-decoration: underline;\"><a href=\"http:\/\/www.facebook.com\/faculdadecn\"><span style=\"font-family: Times New Roman,serif;\"><span style=\"font-size: small;\">Faculdade Can\u00e7\u00e3o Nova<\/span><\/span><\/a><\/span><span style=\"font-family: Times New Roman,serif;\"><span style=\"font-size: small;\"><br \/>\nVenha voc\u00ea tamb\u00e9m estudar conosco \ud83d\ude09<\/span><\/span><\/span><\/p>\n<p><span style=\"color: #000000;\"><span style=\"text-decoration: underline;\"><a href=\"http:\/\/www.esppconcursos.com.br\/projeto\/1119\/\" target=\"_blank\"><span style=\"font-family: Times New Roman,serif;\"><span style=\"font-size: small;\">http:\/\/www.esppconcursos.com.br\/projeto\/1119\/<\/span><\/span><\/a><\/span><\/span><\/p>\n<h6><span style=\"color: #000000;\"><span style=\"text-decoration: underline;\"><a href=\"http:\/\/www.facebook.com\/cancaonova\"><span style=\"font-family: Times New Roman,serif;\"><span style=\"font-size: small;\"><strong>Can\u00e7\u00e3o Nova<\/strong><\/span><\/span><\/a><\/span><span style=\"font-family: Times New Roman,serif;\"><span style=\"font-size: small;\"><strong> (136)<\/strong><\/span><\/span><\/span><\/h6>\n<h6><span style=\"color: #000000;\"><span style=\"font-family: Times New Roman,serif;\"><span style=\"font-size: small;\">Fique mais pr\u00f3ximo do Monsenhor Jonas voc\u00ea tamb\u00e9m&#8230;<br \/>\n<\/span><\/span><\/span><\/h6>\n<h6><span style=\"color: #000000;\"><span style=\"text-decoration: underline;\"><a href=\"http:\/\/www.cancaonova.com\/portal\/canais\/pejonas\/informativos.php?id=2474\"><span style=\"font-family: Times New Roman,serif;\"><span style=\"font-size: small;\">http:\/\/www.cancaonova.com\/portal\/canais\/pejonas\/informativos.php?id=2474<\/span><\/span><\/a><\/span><\/span><\/h6>\n<p><span style=\"color: #000000;\"><span style=\"text-decoration: underline;\"><a href=\"http:\/\/www.facebook.com\/cancaonova\"><span style=\"font-family: Times New Roman,serif;\"><span style=\"font-size: small;\"><strong>Can\u00e7\u00e3o Nova<\/strong><\/span><\/span><\/a><\/span><span style=\"font-family: Times New Roman,serif;\"><span style=\"font-size: small;\"><strong> (133)<\/strong><\/span><\/span><\/span><\/p>\n<p><span style=\"color: #000000;\"><span style=\"font-family: Times New Roman,serif;\"><span style=\"font-size: small;\">HOSANA BRASIL EST\u00c1 CHEGANDO&#8230;<br \/>\nE voc\u00ea, vai ficar fora dessa???? Confira quais ser\u00e3o os shows deste evento<\/span><\/span><\/span><\/p>\n<p><span style=\"color: #000000;\"><span style=\"text-decoration: underline;\"><a href=\"http:\/\/hosanabrasil.cancaonova.com\/materias\/destaque-menor\/shows-vao-animar-as-noites-do-hosana-brasil-2011\/\"><span style=\"font-family: Times New Roman,serif;\"><span style=\"font-size: small;\">http:\/\/hosanabrasil.cancaonova.com\/materias\/destaque-menor\/shows-vao-animar-as-noites-do-hosana-brasil-2011\/<\/span><\/span><\/a><\/span><\/span><\/p>\n<p><span style=\"color: #000000;\"><span style=\"text-decoration: underline;\"><a href=\"http:\/\/www.facebook.com\/cancaonova\"><span style=\"font-family: Times New Roman,serif;\"><span style=\"font-size: small;\"><strong>Can\u00e7\u00e3o Nova<\/strong><\/span><\/span><\/a><\/span><span style=\"text-decoration: underline;\"><span style=\"font-family: Times New Roman,serif;\"><span style=\"font-size: small;\"><strong> (112)<\/strong><\/span><\/span><\/span><\/span><\/p>\n<p><span style=\"color: #000000;\"><span style=\"font-family: Times New Roman,serif;\"><span style=\"font-size: small;\">Confira nossa sugest\u00e3o de repert\u00f3rio para o Tempo do Advento:<\/span><\/span><a href=\"http:\/\/goo.gl\/rhymG\" target=\"_blank\"><span style=\"font-family: Times New Roman,serif;\"><span style=\"font-size: small;\">http:\/\/goo.gl\/rhymG<\/span><\/span><\/a><span style=\"font-family: Times New Roman,serif;\"><span style=\"font-size: small;\"> <\/span><\/span><\/span><\/p>\n<h6><span style=\"color: #000000;\"><span style=\"text-decoration: underline;\"><a href=\"http:\/\/www.facebook.com\/cancaonova\"><span style=\"font-family: Times New Roman,serif;\"><span style=\"font-size: small;\"><strong>Can\u00e7\u00e3o Nova<\/strong><\/span><\/span><\/a><\/span><span style=\"font-family: Times New Roman,serif;\"><span style=\"font-size: small;\"><strong> (100)<\/strong><\/span><\/span><\/span><\/h6>\n<h6><span style=\"color: #000000;\"><span style=\"font-family: Times New Roman,serif;\"><span style=\"font-size: small;\">BH viveu momentos \u00fanicos esses dias com a Cruz da JMJ presente nesta cidade&#8230; Confira&#8230;<br \/>\n<\/span><\/span><\/span><\/h6>\n<h6><span style=\"color: #000000;\"><span style=\"text-decoration: underline;\"><a href=\"http:\/\/destrave.cancaonova.com\/o-cristo-presente-na-cruz\/\" target=\"_blank\"><span style=\"font-family: Times New Roman,serif;\"><span style=\"font-size: small;\">http:\/\/destrave.cancaonova.com\/o-cristo-presente-na-cruz\/<\/span><\/span><\/a><\/span><\/span><\/h6>\n<p><span style=\"color: #000000;\">Todas as sextas-feiras voc\u00ea pode acompanhar os n\u00fameros da Can\u00e7\u00e3o Nova  nas m\u00eddias sociais e ficar por dentro de tudo que acontece.<\/span><\/p>\n","protected":false},"excerpt":{"rendered":"<p>Twitter Confira os n\u00fameros relacionados ao Twitter. Abaixo veja os tweets, desta semana, que mais geraram RT: @cancaonova (20) Amanh\u00e3 a Igreja Cat\u00f3lica celebra &#8220;Cristo Rei do Universo&#8221; goo.gl\/1th1A #cancanova @cancaonova (16) Photoset: A felicidade do mundo \u00e9 passageira, a&#8230;<\/p>\n","protected":false},"author":4543,"featured_media":0,"comment_status":"open","ping_status":"open","sticky":false,"template":"","format":"standard","meta":{"_mi_skip_tracking":false,"_monsterinsights_sitenote_active":false,"_monsterinsights_sitenote_note":"","_monsterinsights_sitenote_category":0,"footnotes":""},"categories":[27],"tags":[5011,27723,16646,14201,29113,95897,3721],"_links":{"self":[{"href":"https:\/\/blog.cancaonova.com\/redacao\/wp-json\/wp\/v2\/posts\/8526"}],"collection":[{"href":"https:\/\/blog.cancaonova.com\/redacao\/wp-json\/wp\/v2\/posts"}],"about":[{"href":"https:\/\/blog.cancaonova.com\/redacao\/wp-json\/wp\/v2\/types\/post"}],"author":[{"embeddable":true,"href":"https:\/\/blog.cancaonova.com\/redacao\/wp-json\/wp\/v2\/users\/4543"}],"replies":[{"embeddable":true,"href":"https:\/\/blog.cancaonova.com\/redacao\/wp-json\/wp\/v2\/comments?post=8526"}],"version-history":[{"count":4,"href":"https:\/\/blog.cancaonova.com\/redacao\/wp-json\/wp\/v2\/posts\/8526\/revisions"}],"predecessor-version":[{"id":8533,"href":"https:\/\/blog.cancaonova.com\/redacao\/wp-json\/wp\/v2\/posts\/8526\/revisions\/8533"}],"wp:attachment":[{"href":"https:\/\/blog.cancaonova.com\/redacao\/wp-json\/wp\/v2\/media?parent=8526"}],"wp:term":[{"taxonomy":"category","embeddable":true,"href":"https:\/\/blog.cancaonova.com\/redacao\/wp-json\/wp\/v2\/categories?post=8526"},{"taxonomy":"post_tag","embeddable":true,"href":"https:\/\/blog.cancaonova.com\/redacao\/wp-json\/wp\/v2\/tags?post=8526"}],"curies":[{"name":"wp","href":"https:\/\/api.w.org\/{rel}","templated":true}]}}