{"id":8538,"date":"2011-12-01T10:23:53","date_gmt":"2011-12-01T13:23:53","guid":{"rendered":"http:\/\/blog.cancaonova.com\/redacao\/?p=8538"},"modified":"2011-12-01T10:23:54","modified_gmt":"2011-12-01T13:23:54","slug":"fundamentalismo-ateu","status":"publish","type":"post","link":"https:\/\/blog.cancaonova.com\/redacao\/fundamentalismo-ateu\/","title":{"rendered":"Fundamentalismo ateu"},"content":{"rendered":"<p>Al\u00e9m dos avan\u00e7os na ci\u00eancia feitos por sacerdotes, a Igreja ofereceu ao mundo moderno o seu maior instrumento de cultura, ou seja, a universidade.<\/p>\n<p><a rel=\"attachment wp-att-8541\" href=\"http:\/\/blog.cancaonova.com\/redacao\/fundamentalismo-ateu\/01_eventos-001-2\/\"><img loading=\"lazy\" decoding=\"async\" class=\"alignleft size-medium wp-image-8541\" title=\"IVES GANDRA DA SILVA MARTINS\" src=\"http:\/\/blog.cancaonova.com\/redacao\/files\/2011\/12\/01_eventos-0011-300x202.jpg\" alt=\"IVES GANDRA DA SILVA MARTINS\" width=\"300\" height=\"202\" srcset=\"https:\/\/blog.cancaonova.com\/redacao\/files\/2011\/12\/01_eventos-0011-300x202.jpg 300w, https:\/\/blog.cancaonova.com\/redacao\/files\/2011\/12\/01_eventos-0011.jpg 370w\" sizes=\"(max-width: 300px) 100vw, 300px\" \/><\/a>Volt\u00e1vamos, Francisco Rezek e eu, de uma posse acad\u00eamica em Belo Horizonte quando ele utilizou a express\u00e3o &#8220;fundamentalismo ateu&#8221; para se referir ao ataque orquestrado aos valores das grandes religi\u00f5es que vivemos na atualidade.<\/p>\n<p>Lembro-me de conversa telef\u00f4nica que tive com meu saudoso e querido amigo Octavio Frias, quando discut\u00edamos um editorial que estava para ser publicado sobre enc\u00edclica do papa Jo\u00e3o Paulo 2\u00ba, do qual discordava quanto a alguns temas.<\/p>\n<p>Argumentei que a enc\u00edclica era destinada aos cat\u00f3licos e que quem n\u00e3o o era n\u00e3o deveria se preocupar. Com intelig\u00eancia, perspic\u00e1cia e bom senso, Frias manteve o editorial, mas acrescentou a observa\u00e7\u00e3o de que o papa, embora cuidando de temas universais, dirigia-se fundamentalmente aos de f\u00e9 crist\u00e3.<\/p>\n<p>Quando fui sustentar, pela CNBB, perante o STF, a inconstitucionalidade da destrui\u00e7\u00e3o de embri\u00f5es para fins de pesquisa cient\u00edfica -pois s\u00e3o seres humanos, j\u00e1 que a vida come\u00e7a na concep\u00e7\u00e3o-, antes da sustenta\u00e7\u00e3o fui hostilizado, a pretexto de que a Igreja Cat\u00f3lica seria contr\u00e1ria \u00e0 ci\u00eancia e que iria falar de religi\u00e3o, n\u00e3o de ci\u00eancia e direito.<\/p>\n<p>Fui obrigado a come\u00e7ar a sustenta\u00e7\u00e3o informando que a Academia de Ci\u00eancias do Vaticano tinha, na ocasi\u00e3o, 29 Pr\u00eamios Nobel, enquanto o Brasil at\u00e9 hoje n\u00e3o tem nenhum, raz\u00e3o pela qual s\u00f3 falaria de ci\u00eancia e direito. Mostrei todo o apoio emprestado pela Academia \u00e0s experi\u00eancias com c\u00e9lulas-tronco adultas, que estavam sendo bem-sucedidas, enquanto havia um fracasso absoluto nas experi\u00eancias com c\u00e9lulas-tronco embrion\u00e1rias.<\/p>\n<p>De l\u00e1 para c\u00e1, o sucesso com as experi\u00eancias utilizando c\u00e9lulas tronco adultas continuam cada vez mais espetaculares. J\u00e1 as pesquisas com c\u00e9lulas embrion\u00e1rias permanecem em est\u00e1gio &#8220;embrion\u00e1rio&#8221;.<\/p>\n<p>Trago essas reminisc\u00eancias, de velho advogado provinciano, para demonstrar minha permanente surpresa com todos aqueles que, sem acreditar em Deus, sentem necessidade de atacar permanentemente os que acreditam nos valores pr\u00f3prios das grandes religi\u00f5es, que, como diz Toynbee em seu &#8220;Estudo da Hist\u00f3ria&#8221;, terminaram por conformar as grandes civiliza\u00e7\u00f5es.<\/p>\n<p>Por outro lado, Thomas E. Woods Jr., em seu livro &#8220;Como a Igreja Cat\u00f3lica Construiu a Civiliza\u00e7\u00e3o Ocidental&#8221;, demonstra que, al\u00e9m dos fant\u00e1sticos avan\u00e7os na ci\u00eancia feitos por sacerdotes cientistas, a Igreja ofereceu ao mundo moderno o seu maior instrumento de cultura e educa\u00e7\u00e3o, ou seja, a universidade.<\/p>\n<p>Aos que direcionam essa guerra ateia contra aqueles que vivenciam a f\u00e9 crist\u00e3 e cumprem seu papel, nas mais variadas atividades, buscando a constru\u00e7\u00e3o de um mundo melhor, creio que a express\u00e3o do ex-juiz da Corte de Haia \u00e9 adequada.<\/p>\n<p>S\u00f3 n\u00e3o se assemelham aos &#8220;fundamentalistas&#8221; do Oriente M\u00e9dio porque n\u00e3o h\u00e1 terroristas entre eles.<\/p>\n<p>Num Estado, o respeito \u00e0s cren\u00e7as e aos valores de todos os segmentos da sociedade \u00e9 a prova de maturidade democr\u00e1tica, como, ali\u00e1s, o constituinte colocou no artigo 3\u00ba, inciso IV, da nossa Constitui\u00e7\u00e3o Federal, ao proibir qualquer esp\u00e9cie de discrimina\u00e7\u00e3o.<\/p>\n<p><em><strong>IVES GANDRA DA SILVA MARTINS<\/strong>, 76, advogado, professor em\u00e9rito da Universidade Mackenzie, da Escola de Comando e Estado-Maior do Ex\u00e9rcito e da Escola Superior de Guerra, \u00e9 presidente do Conselho Superior de Direito da Fecomercio.<\/em><\/p>\n","protected":false},"excerpt":{"rendered":"<p>Al\u00e9m dos avan\u00e7os na ci\u00eancia feitos por sacerdotes, a Igreja ofereceu ao mundo moderno o seu maior instrumento de cultura, ou seja, a universidade. <a href=\"https:\/\/blog.cancaonova.com\/redacao\/fundamentalismo-ateu\/\">Continue lendo <span class=\"meta-nav\">&rarr;<\/span><\/a><\/p>\n","protected":false},"author":4543,"featured_media":8542,"comment_status":"open","ping_status":"open","sticky":false,"template":"","format":"standard","meta":{"_mi_skip_tracking":false,"_monsterinsights_sitenote_active":false,"_monsterinsights_sitenote_note":"","_monsterinsights_sitenote_category":0,"footnotes":""},"categories":[1331],"tags":[55844,16175,42246,178141,113],"_links":{"self":[{"href":"https:\/\/blog.cancaonova.com\/redacao\/wp-json\/wp\/v2\/posts\/8538"}],"collection":[{"href":"https:\/\/blog.cancaonova.com\/redacao\/wp-json\/wp\/v2\/posts"}],"about":[{"href":"https:\/\/blog.cancaonova.com\/redacao\/wp-json\/wp\/v2\/types\/post"}],"author":[{"embeddable":true,"href":"https:\/\/blog.cancaonova.com\/redacao\/wp-json\/wp\/v2\/users\/4543"}],"replies":[{"embeddable":true,"href":"https:\/\/blog.cancaonova.com\/redacao\/wp-json\/wp\/v2\/comments?post=8538"}],"version-history":[{"count":4,"href":"https:\/\/blog.cancaonova.com\/redacao\/wp-json\/wp\/v2\/posts\/8538\/revisions"}],"predecessor-version":[{"id":8545,"href":"https:\/\/blog.cancaonova.com\/redacao\/wp-json\/wp\/v2\/posts\/8538\/revisions\/8545"}],"wp:featuredmedia":[{"embeddable":true,"href":"https:\/\/blog.cancaonova.com\/redacao\/wp-json\/wp\/v2\/media\/8542"}],"wp:attachment":[{"href":"https:\/\/blog.cancaonova.com\/redacao\/wp-json\/wp\/v2\/media?parent=8538"}],"wp:term":[{"taxonomy":"category","embeddable":true,"href":"https:\/\/blog.cancaonova.com\/redacao\/wp-json\/wp\/v2\/categories?post=8538"},{"taxonomy":"post_tag","embeddable":true,"href":"https:\/\/blog.cancaonova.com\/redacao\/wp-json\/wp\/v2\/tags?post=8538"}],"curies":[{"name":"wp","href":"https:\/\/api.w.org\/{rel}","templated":true}]}}