{"id":8579,"date":"2011-12-19T13:37:57","date_gmt":"2011-12-19T16:37:57","guid":{"rendered":"http:\/\/blog.cancaonova.com\/redacao\/?p=8579"},"modified":"2011-12-19T15:32:37","modified_gmt":"2011-12-19T18:32:37","slug":"blog-da-cancao-nova-participa-do-top-blog","status":"publish","type":"post","link":"https:\/\/blog.cancaonova.com\/redacao\/blog-da-cancao-nova-participa-do-top-blog\/","title":{"rendered":"Blog da Can\u00e7\u00e3o Nova participa do 'Top Blog'"},"content":{"rendered":"<p>Todos os anos o Portal de Blogs \u201cTop Blog\u201d promove o \u201cTop Blog Pr\u00eamio\u201d, que consiste em premiar os melhores blogs brasileiros, mediante vota\u00e7\u00e3o popular e acad\u00eamica, nas mais variadas categorias.<\/p>\n<p><a rel=\"attachment wp-att-8587\" href=\"http:\/\/blog.cancaonova.com\/redacao\/blog-da-cancao-nova-participa-do-top-blog\/19_eventos-005\/\"><img loading=\"lazy\" decoding=\"async\" class=\"alignleft size-medium wp-image-8587\" title=\"Premia\u00e7\u00e3o Top Blog 2011\" src=\"http:\/\/blog.cancaonova.com\/redacao\/files\/2011\/12\/19_eventos-005-300x202.jpg\" alt=\"Premia\u00e7\u00e3o Top Blog 2011\" width=\"300\" height=\"202\" srcset=\"https:\/\/blog.cancaonova.com\/redacao\/files\/2011\/12\/19_eventos-005-300x202.jpg 300w, https:\/\/blog.cancaonova.com\/redacao\/files\/2011\/12\/19_eventos-005.jpg 370w\" sizes=\"(max-width: 300px) 100vw, 300px\" \/><\/a><\/p>\n<p>E na premia\u00e7\u00e3o deste ano, que aconteceu no dia 17 de dezembro, em S\u00e3o Paulo (SP), os blogs da Can\u00e7\u00e3o Nova marcaram novamente presen\u00e7a no evento. Destaque para o blog do mission\u00e1rio Cleto, apresentador do programa &#8220;Juntos Somos Mais&#8221;, da TV Can\u00e7\u00e3o Nova.<\/p>\n<p>Cleto e Carla participaram na categoria \u201creligi\u00e3o\u201d, com o blog \u201c<a href=\"http:\/\/blog.cancaonova.com\/temjeito\"><strong>Tem Jeito<\/strong><\/a>\u201d, que faz parte do <a href=\"http:\/\/blog.cancaonova.com\"><strong>Portal de Blogs da Can\u00e7\u00e3o Nova<\/strong><\/a>.<\/p>\n<p>O \u201cTem Jeito\u201d, mantido pelo casal Cleto Coelho e Carla Astuti, tem por objetivo levar esperan\u00e7a aos cora\u00e7\u00f5es dos seus leitores, apresentando a seguinte proposta: \u201cAcreditar sempre, desesperar-se jamais e descobrir os valores que a vida tem\u201d.<\/p>\n<p>\u201cEsse n\u00e3o \u00e9 um trabalho solit\u00e1rio, al\u00e9m da minha esposa que me ajuda na produ\u00e7\u00e3o de conte\u00fado, tenho dois grandes amigos que, voluntariamente, em suas horas vagas, investem seu tempo na produ\u00e7\u00e3o do blog. Mariana Bastos auxilia na edi\u00e7\u00e3o e revis\u00e3o dos textos, enquanto o Eduardo Oliveira d\u00e1 suporte da divulga\u00e7\u00e3o e administra\u00e7\u00e3o do blog. Posso dizer que sem eles o resultado n\u00e3o seria o mesmo\u201d, revela o consagrado.<\/p>\n<p>O site foi premiado como TOP2 no pr\u00eamio \u201cTop Blog\u201d edi\u00e7\u00e3o 2011, pela vota\u00e7\u00e3o acad\u00eamica, formada por um j\u00fari de especialistas que elegem os melhores blogs em cada categoria.<\/p>\n<p>\u201cQuero agradecer a voc\u00ea que votou e com o seu voto possibilitou ao blog &#8216;Tem Jeito&#8217; chegar ao 2\u00ba lugar. Obrigado! Continuo contando com voc\u00ea, rumo ao Top Blog 2012, pois estar presente em uma realidade como esta possibilita que levemos esperan\u00e7a para um n\u00famero maior de pessoas\u201d, afirma o mission\u00e1rio.<\/p>\n","protected":false},"excerpt":{"rendered":"<p>E na premia\u00e7\u00e3o deste ano os blogs da Can\u00e7\u00e3o Nova marcaram presen\u00e7a no evento. Destaque para o blog do mission\u00e1rio Cleto, apresentador do programa Juntos Somos Mais, da TV Can\u00e7\u00e3o Nova. <a href=\"https:\/\/blog.cancaonova.com\/redacao\/blog-da-cancao-nova-participa-do-top-blog\/\">Continue lendo <span class=\"meta-nav\">&rarr;<\/span><\/a><\/p>\n","protected":false},"author":4543,"featured_media":0,"comment_status":"open","ping_status":"open","sticky":false,"template":"","format":"standard","meta":{"_mi_skip_tracking":false,"_monsterinsights_sitenote_active":false,"_monsterinsights_sitenote_note":"","_monsterinsights_sitenote_category":0,"footnotes":""},"categories":[19,27],"tags":[671,5011,28755,17561,20053],"_links":{"self":[{"href":"https:\/\/blog.cancaonova.com\/redacao\/wp-json\/wp\/v2\/posts\/8579"}],"collection":[{"href":"https:\/\/blog.cancaonova.com\/redacao\/wp-json\/wp\/v2\/posts"}],"about":[{"href":"https:\/\/blog.cancaonova.com\/redacao\/wp-json\/wp\/v2\/types\/post"}],"author":[{"embeddable":true,"href":"https:\/\/blog.cancaonova.com\/redacao\/wp-json\/wp\/v2\/users\/4543"}],"replies":[{"embeddable":true,"href":"https:\/\/blog.cancaonova.com\/redacao\/wp-json\/wp\/v2\/comments?post=8579"}],"version-history":[{"count":17,"href":"https:\/\/blog.cancaonova.com\/redacao\/wp-json\/wp\/v2\/posts\/8579\/revisions"}],"predecessor-version":[{"id":8598,"href":"https:\/\/blog.cancaonova.com\/redacao\/wp-json\/wp\/v2\/posts\/8579\/revisions\/8598"}],"wp:attachment":[{"href":"https:\/\/blog.cancaonova.com\/redacao\/wp-json\/wp\/v2\/media?parent=8579"}],"wp:term":[{"taxonomy":"category","embeddable":true,"href":"https:\/\/blog.cancaonova.com\/redacao\/wp-json\/wp\/v2\/categories?post=8579"},{"taxonomy":"post_tag","embeddable":true,"href":"https:\/\/blog.cancaonova.com\/redacao\/wp-json\/wp\/v2\/tags?post=8579"}],"curies":[{"name":"wp","href":"https:\/\/api.w.org\/{rel}","templated":true}]}}