{"id":8894,"date":"2012-01-19T13:02:33","date_gmt":"2012-01-19T16:02:33","guid":{"rendered":"http:\/\/blog.cancaonova.com\/redacao\/?p=8894"},"modified":"2012-01-19T13:07:43","modified_gmt":"2012-01-19T16:07:43","slug":"pagina-da-cancao-nova-no-facebook-atinge-100-mil-usuarios","status":"publish","type":"post","link":"https:\/\/blog.cancaonova.com\/redacao\/pagina-da-cancao-nova-no-facebook-atinge-100-mil-usuarios\/","title":{"rendered":"P\u00e1gina da Can\u00e7\u00e3o Nova no Facebook atinge 100 mil usu\u00e1rios"},"content":{"rendered":"<p>Na \u00faltima quarta-feira, 18, a p\u00e1gina da Can\u00e7\u00e3o Nova no Facebook chegou \u00e0 marca de 100 mil f\u00e3s, e ao atingirmos esse n\u00famero quem ganha \u00e9 voc\u00ea, internauta.<\/p>\n<p><a rel=\"attachment wp-att-8899\" href=\"http:\/\/blog.cancaonova.com\/redacao\/pagina-da-cancao-nova-no-facebook-atinge-100-mil-usuarios\/370gustavo\/\"><img loading=\"lazy\" decoding=\"async\" class=\"alignleft size-medium wp-image-8899\" src=\"http:\/\/blog.cancaonova.com\/redacao\/files\/2012\/01\/370gustavo-300x202.jpg\" alt=\"Facebook Can\u00e7\u00e3o Nova\" width=\"300\" height=\"202\" srcset=\"https:\/\/blog.cancaonova.com\/redacao\/files\/2012\/01\/370gustavo-300x202.jpg 300w, https:\/\/blog.cancaonova.com\/redacao\/files\/2012\/01\/370gustavo.jpg 370w\" sizes=\"(max-width: 300px) 100vw, 300px\" \/><\/a><\/p>\n<p>Para comemorar esse feito, n\u00f3s vamos premiar a internauta de n\u00famero\u00a0 100 mil, que &#8220;curtiu&#8221; nossa p\u00e1gina no Facebook: <strong><a href=\"https:\/\/www.facebook.com\/profile.php?id=100002409815820\" target=\"_blank\">Ravena Carmo<\/a><\/strong>. Ela vai ganhar um kit de produtos de evangeliza\u00e7\u00e3o do DAVI (Departamento de Audiovisuais).<\/p>\n<p><strong>O kit da premia\u00e7\u00e3o cont\u00e9m:<\/strong><\/p>\n<p>CD &#8220;Dunga Eletroac\u00fastico&#8221;<br \/>\nAudioBook &#8220;Vencendo Afli\u00e7\u00f5es \u2013 Alcan\u00e7ando Milagres&#8221; (M\u00e1rcio Mendes)<br \/>\nAudioBook &#8220;Clamando por Milagres&#8221;  (padre Roger Lu\u00eds)<br \/>\nLivro &#8220;Curados para Amar&#8221; (monsenhor Jonas Abib)<br \/>\nLivro &#8220;Pedr\u00e3o &#8211; Quem achou um amigo descobriu um tesouro&#8221; (Alberto Carneiro)<br \/>\nLivro &#8220;Livro do Blog Salette Ferreira &#8211; Mensagens e Testemunhos&#8221;.<\/p>\n<p>Queremos agradecer \u00e0 Ravena e a todos os demais internautas que, diariamente, contribuem para que a Can\u00e7\u00e3o Nova continue sua evangeliza\u00e7\u00e3o nas novas m\u00eddias. Voc\u00ea \u00e9 fundamental para levar todo o conte\u00fado h\u00e1 muitas pessoas que precisam ouvir palavras de conforto, \u00e2nimo e esperan\u00e7a.<\/p>\n<p>Se voc\u00ea ainda n\u00e3o conhece o trabalho que essa obra de evangeliza\u00e7\u00e3o faz nas novas m\u00eddias, n\u00e3o deixe de nos seguir no <strong><a href=\"http:\/\/www.twitter.com\/cancaonova\" target=\"_blank\">Twitter<\/a><\/strong> e &#8220;curtir&#8221; nossa p\u00e1gina no <strong><a href=\"http:\/\/www.facebook.com\/cancaonova\">Facebook<\/a><\/strong>.<\/p>\n","protected":false},"excerpt":{"rendered":"<p>Na \u00faltima quarta-feira, 18, a p\u00e1gina da Can\u00e7\u00e3o Nova no Facebook chegou \u00e0 marca de 100 mil f\u00e3s, e ao atingirmos esse n\u00famero quem ganha \u00e9 voc\u00ea, internauta. Para comemorar esse feito, n\u00f3s vamos premiar a internauta de n\u00famero\u00a0 100&#8230;<\/p>\n","protected":false},"author":4543,"featured_media":0,"comment_status":"open","ping_status":"open","sticky":false,"template":"","format":"standard","meta":{"_mi_skip_tracking":false,"_monsterinsights_sitenote_active":false,"_monsterinsights_sitenote_note":"","_monsterinsights_sitenote_category":0,"footnotes":""},"categories":[12781],"tags":[16091,14201,21908,18984,4861],"_links":{"self":[{"href":"https:\/\/blog.cancaonova.com\/redacao\/wp-json\/wp\/v2\/posts\/8894"}],"collection":[{"href":"https:\/\/blog.cancaonova.com\/redacao\/wp-json\/wp\/v2\/posts"}],"about":[{"href":"https:\/\/blog.cancaonova.com\/redacao\/wp-json\/wp\/v2\/types\/post"}],"author":[{"embeddable":true,"href":"https:\/\/blog.cancaonova.com\/redacao\/wp-json\/wp\/v2\/users\/4543"}],"replies":[{"embeddable":true,"href":"https:\/\/blog.cancaonova.com\/redacao\/wp-json\/wp\/v2\/comments?post=8894"}],"version-history":[{"count":30,"href":"https:\/\/blog.cancaonova.com\/redacao\/wp-json\/wp\/v2\/posts\/8894\/revisions"}],"predecessor-version":[{"id":8925,"href":"https:\/\/blog.cancaonova.com\/redacao\/wp-json\/wp\/v2\/posts\/8894\/revisions\/8925"}],"wp:attachment":[{"href":"https:\/\/blog.cancaonova.com\/redacao\/wp-json\/wp\/v2\/media?parent=8894"}],"wp:term":[{"taxonomy":"category","embeddable":true,"href":"https:\/\/blog.cancaonova.com\/redacao\/wp-json\/wp\/v2\/categories?post=8894"},{"taxonomy":"post_tag","embeddable":true,"href":"https:\/\/blog.cancaonova.com\/redacao\/wp-json\/wp\/v2\/tags?post=8894"}],"curies":[{"name":"wp","href":"https:\/\/api.w.org\/{rel}","templated":true}]}}