{"id":9067,"date":"2012-11-06T11:50:01","date_gmt":"2012-11-06T14:50:01","guid":{"rendered":"http:\/\/blog.cancaonova.com\/redacao\/?p=9067"},"modified":"2012-11-06T10:59:06","modified_gmt":"2012-11-06T13:59:06","slug":"youcat-a-nova-sensacao-entre-os-jovens-catolicos-de-todo-o-mundo-2","status":"publish","type":"post","link":"https:\/\/blog.cancaonova.com\/redacao\/youcat-a-nova-sensacao-entre-os-jovens-catolicos-de-todo-o-mundo-2\/","title":{"rendered":"Youcat, a nova sensa\u00e7\u00e3o entre os jovens cat\u00f3licos de todo o mundo"},"content":{"rendered":"<p><!-- \t\t@page { margin: 2cm } \t\tP { margin-bottom: 0.21cm } -->Lan\u00e7ado na Jornada Mundial da Juventude e entregue junto com as mochilas dos participantes, o YouCat tem sido a nova sensa\u00e7\u00e3o dos jovens cat\u00f3licos de todo o mundo.<\/p>\n<p><a rel=\"attachment wp-att-9040\" href=\"http:\/\/blog.cancaonova.com\/redacao\/?attachment_id=9040\"><img loading=\"lazy\" decoding=\"async\" class=\"alignleft size-medium wp-image-9040\" src=\"http:\/\/blog.cancaonova.com\/redacao\/files\/2012\/01\/youcat_capa-189x300.jpg\" alt=\"Youcat\" width=\"189\" height=\"300\" srcset=\"https:\/\/blog.cancaonova.com\/redacao\/files\/2012\/01\/youcat_capa-189x300.jpg 189w, https:\/\/blog.cancaonova.com\/redacao\/files\/2012\/01\/youcat_capa-645x1024.jpg 645w, https:\/\/blog.cancaonova.com\/redacao\/files\/2012\/01\/youcat_capa.jpg 1009w\" sizes=\"(max-width: 189px) 100vw, 189px\" \/><\/a>Segundo Dom Rino Fisichella, do Conselho Pontif\u00edcio para a Promo\u00e7\u00e3o da Nova Evangeliza\u00e7\u00e3o, <em>\u201co Papa Bento XVI  se interessou desde o come\u00e7o desta iniciativa. Ele percebeu que era importante e se interessou, seguiu, encorajou-a at\u00e9 o fim e escreveu o pref\u00e1cio que d\u00e1 din\u00e2mica ao &#8220;YouCat&#8221; para toda a Igreja, para todo o mundo,\u201d<\/em> diz o bispo.<\/p>\n<p>Percorrendo todo o mundo, distribu\u00eddo em mais de seis idiomas e com mais de 700 mil exemplares j\u00e1 vendidos, o Youcat (abreviatura de <em>Youth Catechism \u2013 Catecismo Jovem<\/em>) consiste no Catecismo da Igreja Cat\u00f3lica. Numa linguagem simples, o livro prova que tamb\u00e9m os jovens est\u00e3o cada vez mais interessados pelo magist\u00e9rio da Igreja Cat\u00f3lica. O padre  Federico Lombardi o descreve como <em>\u201cum &#8216;milagre&#8217;, cujo objetivo \u00e9 continuar falando de Jesus aos jovens de hoje.\u201d<!--more--><br \/>\n<\/em><\/p>\n<p>A obra \u00e9 composta por 527 perguntas e respostas diretas que abordam assuntos da viv\u00eancia cotidiana da f\u00e9 cat\u00f3lica, respondendo as principais d\u00favidas dos jovens. Para agradar ainda mais o p\u00fablico a qual ela \u00e9 destinada, o YouCat possui imagens coloridas e um <em>design<\/em> moderno.<\/p>\n<p>Pensando ainda em sanar as d\u00favidas dos f\u00e3s deste exemplar, padre Bruno Guimar\u00e3es, da Arquidiocese de Niter\u00f3i, no Rio de Janeiro, disponibiliza explica\u00e7\u00f5es  n\u00e3o somente sobre o livro, mas tamb\u00e9m sobre seu volume completo lan\u00e7ado em 1997.<\/p>\n<p>\u201cA ideia dessas aulas veio, \u00e9 claro, por inspira\u00e7\u00e3o do pr\u00f3prio Papa Bento XVI que, na introdu\u00e7\u00e3o do YouCat, faz esse apelo aos jovens, para que conhe\u00e7am com profundidade a f\u00e9 cat\u00f3lica e estudem o Catecismo sozinhos, em grupos, nas par\u00f3quias e nas redes sociais. A partir da\u00ed, um grupo de meninas da nossa arquidiocese come\u00e7ou a tentar concretizar essa ideia. E como estive com elas na JMJ em Madrid, elas me propuseram que eu ficasse \u00e0 frente dessas forma\u00e7\u00f5es.\u201d<\/p>\n<p>O padre Bruno Guimar\u00e3es diz tamb\u00e9m que costuma preparar as suas aulas com anteced\u00eancia e, nas forma\u00e7\u00f5es que ocorre na ferramenta de v\u00eddeos livestream, os jovens participam de maneira ass\u00eddua com perguntas e coment\u00e1rios.<\/p>\n<p><strong><a href=\"http:\/\/www.livestream.com\/youcatniteroi\" target=\"_blank\">Confira as v\u00eddeos aulas sobre o Catecismo Jovem<\/a><\/strong><\/p>\n<p>Sobre os frutos, o sacerdote diz: \u201c\u00c9 claro que j\u00e1 vemos alguns primeiros frutos espirituais, no entusiasmo e fidelidade dos jovens. Mas os frutos maiores s\u00f3 veremos com o tempo\u201d. O objetivo das v\u00eddeo-aulas seria terminar o YouCat antes da JMJ no Rio, em 2013, \u201cmas pelo ritmo em que estamos, provavelmente n\u00e3o vamos conseguir. N\u00e3o importa, melhor caminharmos sem pressa, tratando de cada tema com a aten\u00e7\u00e3o que merece,\u201d completa o padre.<\/p>\n<p><em>\u201c<\/em><em>Com o grupo de estudos do YouCat pela internet tenho aprendido muito. As aulas s\u00e3o sempre animadas e esclarecedoras\u201d,<\/em> diz Selene Ferreira, que n\u00e3o perde as aulas do padre Guimar\u00e3es. A internauta ainda se refere \u00e0 facilidade que hoje se tem em rela\u00e7\u00e3o as d\u00favidas que est\u00e3o na cabe\u00e7a dos crist\u00e3os: <em>\u201cOs encontros virtuais nos permitem estudar de onde quer que estejamos, basta ter um computador com acesso \u00e0 internet\u201d,<\/em> continua.<\/p>\n<p>O resultado das aulas-virtuais tem ido al\u00e9m da internet. &#8220;<em>Atrav\u00e9s do estudo tamb\u00e9m adquirimos um contato maior com Deus, passamos a uma f\u00e9 mais consciente, que sabe em que (e por que) acredita. Al\u00e9m disso, o grupo de estudos on-line gerou uma linda fam\u00edlia, como uma turma de escola mesmo. A gente se fala fora do hor\u00e1rio da aula, nos preocupamos uns com os outros e tamb\u00e9m nos encontramos fora da internet quando podemos. \u00c0<\/em><em>s vezes, a internet do amigo \u00e9 melhor e os irm\u00e3os se unem em frente ao computador para participar. Acredito que a experi\u00eancia tem sido muito rica para todos. Se n\u00e3o fosse por esse grupo, provavelmente muitos jovens guardariam o YouCat em algum canto da casa e mal o leriam&#8221;,<\/em> explica Selene.<\/p>\n<p><strong>Veja tamb\u00e9m:<\/strong><\/p>\n<p><strong><a href=\"http:\/\/www.youtube.com\/watch?v=jfnp1nhLqws\" target=\"_blank\">.:\u00a0V\u00eddeo\u00a0Oficial\u00a0de\u00a0La\u00e7amento\u00a0do\u00a0Youcat <\/a><\/strong><br \/>\n<strong><a href=\"http:\/\/www.facebook.com\/pages\/Youcat\/202909583059492\" target=\"_blank\"> .:\u00a0Youcat\u00a0no\u00a0Facebook<\/a><\/strong><br \/>\n<strong><a href=\"http:\/\/rio2013.com\/#\" target=\"_blank\"> .:\u00a0JMJ\u00a0Rio\u00a02013 <\/a><\/strong><br \/>\n<strong><a href=\"http:\/\/m.cancaonova.com\/mobile\/?p=694\" target=\"_blank\"> .:\u00a0Siga\u00a0a\u00a0Cruz<\/a><\/strong><\/p>\n","protected":false},"excerpt":{"rendered":"<p>O Youcat, livro que cont\u00e9m o Catecismo da Igreja Cat\u00f3lica, uma linguagem jovem, chega ao Brasil, ap\u00f3s seu lan\u00e7amento na Jornada Mundial da Juventude, em Madrid. <a href=\"https:\/\/blog.cancaonova.com\/redacao\/youcat-a-nova-sensacao-entre-os-jovens-catolicos-de-todo-o-mundo-2\/\">Continue lendo <span class=\"meta-nav\">&rarr;<\/span><\/a><\/p>\n","protected":false},"author":4585,"featured_media":0,"comment_status":"open","ping_status":"open","sticky":false,"template":"","format":"standard","meta":{"_mi_skip_tracking":false,"_monsterinsights_sitenote_active":false,"_monsterinsights_sitenote_note":"","_monsterinsights_sitenote_category":0,"footnotes":""},"categories":[32],"tags":[991,178141,14861,51,48358],"_links":{"self":[{"href":"https:\/\/blog.cancaonova.com\/redacao\/wp-json\/wp\/v2\/posts\/9067"}],"collection":[{"href":"https:\/\/blog.cancaonova.com\/redacao\/wp-json\/wp\/v2\/posts"}],"about":[{"href":"https:\/\/blog.cancaonova.com\/redacao\/wp-json\/wp\/v2\/types\/post"}],"author":[{"embeddable":true,"href":"https:\/\/blog.cancaonova.com\/redacao\/wp-json\/wp\/v2\/users\/4585"}],"replies":[{"embeddable":true,"href":"https:\/\/blog.cancaonova.com\/redacao\/wp-json\/wp\/v2\/comments?post=9067"}],"version-history":[{"count":17,"href":"https:\/\/blog.cancaonova.com\/redacao\/wp-json\/wp\/v2\/posts\/9067\/revisions"}],"predecessor-version":[{"id":9086,"href":"https:\/\/blog.cancaonova.com\/redacao\/wp-json\/wp\/v2\/posts\/9067\/revisions\/9086"}],"wp:attachment":[{"href":"https:\/\/blog.cancaonova.com\/redacao\/wp-json\/wp\/v2\/media?parent=9067"}],"wp:term":[{"taxonomy":"category","embeddable":true,"href":"https:\/\/blog.cancaonova.com\/redacao\/wp-json\/wp\/v2\/categories?post=9067"},{"taxonomy":"post_tag","embeddable":true,"href":"https:\/\/blog.cancaonova.com\/redacao\/wp-json\/wp\/v2\/tags?post=9067"}],"curies":[{"name":"wp","href":"https:\/\/api.w.org\/{rel}","templated":true}]}}