{"id":9624,"date":"2012-03-28T10:02:15","date_gmt":"2012-03-28T13:02:15","guid":{"rendered":"http:\/\/blog.cancaonova.com\/redacao\/?p=9624"},"modified":"2012-07-24T15:27:35","modified_gmt":"2012-07-24T18:27:35","slug":"concurso-internacional-de-musica-sacra","status":"publish","type":"post","link":"https:\/\/blog.cancaonova.com\/redacao\/concurso-internacional-de-musica-sacra\/","title":{"rendered":"Concurso Internacional de M\u00fasica Sacra"},"content":{"rendered":"<p><a rel=\"attachment wp-att-9631\" href=\"http:\/\/blog.cancaonova.com\/redacao\/concurso-internacional-de-musica-sacra\/musica-2\/\"><img loading=\"lazy\" decoding=\"async\" class=\"size-full wp-image-9631 alignleft\" src=\"http:\/\/blog.cancaonova.com\/redacao\/files\/2012\/03\/musica.jpg\" alt=\"musica\" width=\"212\" height=\"300\" \/><\/a>Foi lan\u00e7ado o \u201cConcorso Internazionale di Musica Sacra\u201d (Concurso Internacional de M\u00fasica Sacra) pelo Pontif\u00edcio Conselho para a Cultura. O evento, que acontece anualmente, tem como tema deste ano o &#8220;credo apost\u00f3lico&#8221;. A expectativa \u00e9 de que as m\u00fasicas ajudem a todos os crist\u00e3os a viver melhor o \u201cAno da F\u00e9\u201d que a Igreja comemora em 2012.<\/p>\n<p><strong>Mas o que \u00e9 M\u00fasica Sacra?<\/strong><\/p>\n<p>Santo Agostinho j\u00e1 dizia que quem canta reza duas vezes, no latim &#8220;Qui cantat, bis orat&#8221;. A m\u00fasica sacra \u00e9 aquela que promove, por sua letra, Deus em primeiro lugar; a partir da\u00ed, ela nos impele a uma concreta mudan\u00e7a de vida e uma profunda busca pela espiritualidade.<\/p>\n<p><strong>Como participar?<\/strong><\/p>\n<p>Os interessados em participar do concurso devem enviar o formul\u00e1rio de inscri\u00e7\u00e3o e o cat\u00e1logo dispon\u00edvel no site oficial do concurso (<a href=\"http:\/\/www.concorsomusicasacra.com\/lang1\/il_modulo_discrizione.html\" target=\"_blank\">www.concorsomusicasacra.com<\/a>), preenchido na \u00edntegra e assinado.<!--more--><\/p>\n<p style=\"text-align: left;\"><a href=\"http:\/\/www.concorsomusicasacra.com\/lang1\/come_iscriversi.html\" target=\"_blank\">:: Clique aqui para saber das regras do concurso<\/a><\/p>\n<p>\u201cO concurso tem o objetivo de promover o encontro entre a m\u00fasica contempor\u00e2nea &#8211; com sua nova gram\u00e1tica &#8211;\u00a0 e o sagrado, pois este tem regras, textos e temas pr\u00f3prios,\u201d explicou o Presidente do Pontif\u00edcio Conselho, Cardeal Gianfranco Ravasi.<\/p>\n<p><strong>Curiosidades: <\/strong><\/p>\n<ul>\n<li>Na edi\u00e7\u00e3o 2010, inscreveram-se 1100 artistas dos cinco continentes. 130 chegaram \u00e0 final.<\/li>\n<li>O valor total dos pr\u00eamios \u00e9 de 10 mil euros em forma de bolsas de estudo de 500 a 4300 euros.<\/li>\n<li>Os melhores concorrentes ser\u00e3o incorporados no conjunto \u201cCeleste Armonia\u201d.<\/li>\n<li>O j\u00fari do concurso \u00e9 composto por personalidades de v\u00e1rios pa\u00edses europeus ligadas \u00e0 Igreja Cat\u00f3lica e \u00e0s artes.<\/li>\n<\/ul>\n<p>Fontes:<\/p>\n<p><a href=\"http:\/\/www.concorsomusicasacra.com\" target=\"_blank\">Concorso Internazionale de Musica Sacra<\/a><\/p>\n<p><a href=\"http:\/\/noticias.cancaonova.com\/noticia.php?id=285538\">Can\u00e7\u00e3o Nova Not\u00edcias<\/a><\/p>\n","protected":false},"excerpt":{"rendered":"<p>Foi lan\u00e7ado o \u201cConcorso Internazionale di Musica Sacra\u201d (Concurso Internacional de M\u00fasica Sacra) pelo Pontif\u00edcio Conselho para a Cultura. O evento, que acontece anualmente, tem como tema deste ano o &#8220;credo apost\u00f3lico&#8221;. A expectativa \u00e9 de que as m\u00fasicas ajudem&#8230;<\/p>\n","protected":false},"author":4543,"featured_media":0,"comment_status":"open","ping_status":"open","sticky":false,"template":"","format":"standard","meta":{"_mi_skip_tracking":false,"_monsterinsights_sitenote_active":false,"_monsterinsights_sitenote_note":"","_monsterinsights_sitenote_category":0,"footnotes":""},"categories":[1331],"tags":[16462,18754,32128],"_links":{"self":[{"href":"https:\/\/blog.cancaonova.com\/redacao\/wp-json\/wp\/v2\/posts\/9624"}],"collection":[{"href":"https:\/\/blog.cancaonova.com\/redacao\/wp-json\/wp\/v2\/posts"}],"about":[{"href":"https:\/\/blog.cancaonova.com\/redacao\/wp-json\/wp\/v2\/types\/post"}],"author":[{"embeddable":true,"href":"https:\/\/blog.cancaonova.com\/redacao\/wp-json\/wp\/v2\/users\/4543"}],"replies":[{"embeddable":true,"href":"https:\/\/blog.cancaonova.com\/redacao\/wp-json\/wp\/v2\/comments?post=9624"}],"version-history":[{"count":14,"href":"https:\/\/blog.cancaonova.com\/redacao\/wp-json\/wp\/v2\/posts\/9624\/revisions"}],"predecessor-version":[{"id":12472,"href":"https:\/\/blog.cancaonova.com\/redacao\/wp-json\/wp\/v2\/posts\/9624\/revisions\/12472"}],"wp:attachment":[{"href":"https:\/\/blog.cancaonova.com\/redacao\/wp-json\/wp\/v2\/media?parent=9624"}],"wp:term":[{"taxonomy":"category","embeddable":true,"href":"https:\/\/blog.cancaonova.com\/redacao\/wp-json\/wp\/v2\/categories?post=9624"},{"taxonomy":"post_tag","embeddable":true,"href":"https:\/\/blog.cancaonova.com\/redacao\/wp-json\/wp\/v2\/tags?post=9624"}],"curies":[{"name":"wp","href":"https:\/\/api.w.org\/{rel}","templated":true}]}}