{"id":9783,"date":"2012-04-03T11:51:39","date_gmt":"2012-04-03T14:51:39","guid":{"rendered":"http:\/\/blog.cancaonova.com\/redacao\/?p=9783"},"modified":"2012-04-03T11:53:00","modified_gmt":"2012-04-03T14:53:00","slug":"riial-integra-a-comunicacao-da-igreja-com-a-ajuda-da-tecnologia","status":"publish","type":"post","link":"https:\/\/blog.cancaonova.com\/redacao\/riial-integra-a-comunicacao-da-igreja-com-a-ajuda-da-tecnologia\/","title":{"rendered":"RIIAL integra a comunica\u00e7\u00e3o da Igreja com a ajuda da tecnologia"},"content":{"rendered":"<p style=\"text-align: justify;\">A <a href=\"http:\/\/www.riial.org\/nueva\/portugues\" target=\"_blank\"><strong>RIIAL<\/strong><\/a> (Rede de Inform\u00e1tica da Igreja na Am\u00e9rica Latina) \u00e9 um projeto que tem por objetivo gerar informatiza\u00e7\u00e3o e cultura no que diz respeito ao uso das novas tecnologias na miss\u00e3o da Igreja Cat\u00f3lica na Am\u00e9rica Latina. A ideia surgiu em 1987, envolvendo o Pontif\u00edcio Conselho para as Comunica\u00e7\u00f5es Sociais e o Conselho Episcopal Latino-Americano (CELAM).<\/p>\n<p style=\"text-align: justify;\"><a rel=\"attachment wp-att-9798\" href=\"http:\/\/blog.cancaonova.com\/redacao\/riial-integra-a-comunicacao-da-igreja-com-a-ajuda-da-tecnologia\/gustavo370\/\"><img loading=\"lazy\" decoding=\"async\" class=\"size-full wp-image-9798 alignleft\" title=\"RIIAL\" src=\"http:\/\/blog.cancaonova.com\/redacao\/files\/2012\/04\/gustavo370.jpg\" alt=\"RIIAL\" width=\"370\" height=\"250\" srcset=\"https:\/\/blog.cancaonova.com\/redacao\/files\/2012\/04\/gustavo370.jpg 370w, https:\/\/blog.cancaonova.com\/redacao\/files\/2012\/04\/gustavo370-300x202.jpg 300w\" sizes=\"(max-width: 370px) 100vw, 370px\" \/><\/a><\/p>\n<p style=\"text-align: justify;\">Entre os principais intuitos do projeto est\u00e1 a integra\u00e7\u00e3o das novas tecnologias com os setores de comunica\u00e7\u00e3o e miss\u00e3o da Igreja, como a forma\u00e7\u00e3o de agentes pastorais para que estes trabalhem de acordo com a realidade digital do local, propiciando o surgimento de redes de comunica\u00e7\u00e3o entre as iniciativas eclesiais, al\u00e9m de impulsionar a inclus\u00e3o digital.<\/p>\n<p style=\"text-align: justify;\">O lema da RIIAL \u00e9: \u201cChegar at\u00e9 os \u00faltimos, os mais desprovidos e necessitados\u201d, reduzindo, assim, a brecha digital que existe entre a popula\u00e7\u00e3o mundial. Por esse motivo, os servi\u00e7os oferecidos por ela n\u00e3o se encontram somente on-line, mas tamb\u00e9m podem ser adquiridos em CD.<\/p>\n<p style=\"text-align: justify;\">Um dos principais esfor\u00e7os do projeto \u00e9 levar, de forma personalizada, as novas tecnologias para as in\u00fameras regi\u00f5es, criando, assim, um espa\u00e7o para colabora\u00e7\u00e3o e integra\u00e7\u00e3o &#8211; seja local, regional ou nacional -, entre as mais diversas realidades da Igreja.<\/p>\n<p style=\"text-align: justify;\">Al\u00e9m disso, os membros da RIIAL, preocupando-se com o fator humano e social, adotaram m\u00e9todos que n\u00e3o colocam a tecnologia como centro de tudo, pois fazem com que as pessoas e suas comunidades sejam as maiores beneficiadas.<\/p>\n<p style=\"text-align: justify;\"><strong>RIIBRA<\/strong><\/p>\n<p style=\"text-align: justify;\">No Brasil, a RIIBRA (Rede de Inform\u00e1tica da Igreja no Brasil) atua em parceria com o RIIAL e tem como proposta capacitar sacerdotes e demais comunicadores da Igreja na utiliza\u00e7\u00e3o das novas tecnologias em prol da evangeliza\u00e7\u00e3o.<\/p>\n<p style=\"text-align: justify;\">\u201cVamos nos unir aos agentes da Pastoral da Comunica\u00e7\u00e3o (PASCOM) de cada diocese. Teremos forma\u00e7\u00e3o concreta sobre as novas tecnologias para promover a conhecimento sobre a rede interna de colabora\u00e7\u00e3o e ajud\u00e1-los a perceber a import\u00e2ncia dela; por exemplo, a comunica\u00e7\u00e3o entre as par\u00f3quias permitir\u00e1 que elas se aproximem e se ajudem com mais facilidade\u201d, explicou <strong><a href=\"http:\/\/blog.cancaonova.com\/padreclovis\" target=\"_blank\">padre Cl\u00f3vis Andrade<\/a><\/strong>, mission\u00e1rio da Can\u00e7\u00e3o Nova e respons\u00e1vel pelo projeto RIIBRA.<\/p>\n","protected":false},"excerpt":{"rendered":"<p>A RIIAL (Rede de Inform\u00e1tica da Igreja na Am\u00e9rica Latina) \u00e9 um projeto que tem por objetivo gerar informatiza\u00e7\u00e3o e cultura no que diz respeito ao uso das novas tecnologias na miss\u00e3o da Igreja Cat\u00f3lica na Am\u00e9rica Latina. A ideia&#8230;<\/p>\n","protected":false},"author":4543,"featured_media":0,"comment_status":"open","ping_status":"open","sticky":false,"template":"","format":"standard","meta":{"_mi_skip_tracking":false,"_monsterinsights_sitenote_active":false,"_monsterinsights_sitenote_note":"","_monsterinsights_sitenote_category":0,"footnotes":""},"categories":[27],"tags":[29218,1021,178141,88,431,100597,115295],"_links":{"self":[{"href":"https:\/\/blog.cancaonova.com\/redacao\/wp-json\/wp\/v2\/posts\/9783"}],"collection":[{"href":"https:\/\/blog.cancaonova.com\/redacao\/wp-json\/wp\/v2\/posts"}],"about":[{"href":"https:\/\/blog.cancaonova.com\/redacao\/wp-json\/wp\/v2\/types\/post"}],"author":[{"embeddable":true,"href":"https:\/\/blog.cancaonova.com\/redacao\/wp-json\/wp\/v2\/users\/4543"}],"replies":[{"embeddable":true,"href":"https:\/\/blog.cancaonova.com\/redacao\/wp-json\/wp\/v2\/comments?post=9783"}],"version-history":[{"count":13,"href":"https:\/\/blog.cancaonova.com\/redacao\/wp-json\/wp\/v2\/posts\/9783\/revisions"}],"predecessor-version":[{"id":9805,"href":"https:\/\/blog.cancaonova.com\/redacao\/wp-json\/wp\/v2\/posts\/9783\/revisions\/9805"}],"wp:attachment":[{"href":"https:\/\/blog.cancaonova.com\/redacao\/wp-json\/wp\/v2\/media?parent=9783"}],"wp:term":[{"taxonomy":"category","embeddable":true,"href":"https:\/\/blog.cancaonova.com\/redacao\/wp-json\/wp\/v2\/categories?post=9783"},{"taxonomy":"post_tag","embeddable":true,"href":"https:\/\/blog.cancaonova.com\/redacao\/wp-json\/wp\/v2\/tags?post=9783"}],"curies":[{"name":"wp","href":"https:\/\/api.w.org\/{rel}","templated":true}]}}