{"id":10053,"date":"2018-01-04T16:38:42","date_gmt":"2018-01-04T18:38:42","guid":{"rendered":"http:\/\/blog.cancaonova.com\/riodejaneiro\/?p=10053"},"modified":"2018-01-04T16:42:18","modified_gmt":"2018-01-04T18:42:18","slug":"por-onde-anda-a-loja-cancao-nova-rio","status":"publish","type":"post","link":"https:\/\/blog.cancaonova.com\/riodejaneiro\/por-onde-anda-a-loja-cancao-nova-rio\/","title":{"rendered":"Por onde anda a Loja Can\u00e7\u00e3o Nova Rio?"},"content":{"rendered":"<p><span style=\"font-family: Arial, sans-serif\"><span style=\"font-size: medium\"><img loading=\"lazy\" decoding=\"async\" class=\"wp-image-10054 aligncenter\" src=\"http:\/\/blog.cancaonova.com\/riodejaneiro\/files\/2018\/01\/loja-fachada.png\" alt=\"\" width=\"463\" height=\"374\"\/>A pergunta mais frequente nos \u00faltimos meses foi: onde eu encontro a loja Can\u00e7\u00e3o Nova no Rio de Janeiro? Pois bem, viemos trazer uma boa not\u00edcia para todos voc\u00eas, nossa loja ser\u00e1 reaberta. Estamos preparando tudo para que neste ano de <b>2018<\/b> voc\u00ea possa aproveitar todas as novidades do nosso departamento de audiovisual. Nossas promo\u00e7\u00f5es e descontos voc\u00ea tamb\u00e9m vai poder conferir em breve. Nossa nova loja ser\u00e1 no bairro do<a href=\"https:\/\/goo.gl\/cEL5AZ\"><b> M\u00e9ier <\/b><\/a>e em pouco tempo iremos divulgar nosso novo endere\u00e7o. O local est\u00e1 em reforma e passando por adapta\u00e7\u00f5es. Mas j\u00e1 contamos com suas ora\u00e7\u00f5es para este novo tempo da Miss\u00e3o CN Rio. Aguarde na expectativa, reze e j\u00e1 espalhe essa novidade para seus amigos. <\/span><\/span><\/p>\n<p><span style=\"font-family: Arial, sans-serif\"><span style=\"font-size: medium\"> Dentro de pouco tempo a gente vai contar todos os detalhes e divulgar a data de reinaugura\u00e7\u00e3o. Ent\u00e3o enquanto isso voc\u00ea pode conferir as nossas promo\u00e7\u00f5es em nossa loja virtual: <a href=\"http:\/\/loja.cancaonova.com\">loja.cancaonova.com <\/a><\/span><\/span><\/p>\n<p><span style=\"font-family: Arial, sans-serif\"><span style=\"font-size: medium\">Mais informa\u00e7\u00f5es: (21) 3171-1060<\/span><\/span><\/p>\n<p><span style=\"font-family: Arial, sans-serif\"><span style=\"font-size: medium\">Ou por mensagem no Whatsapp: (21) 99701- 2133<\/span><\/span><\/p>\n<p><iframe loading=\"lazy\" title=\"Lojas Can\u00c3\u00a7\u00c3\u00a3o Nova\" width=\"600\" height=\"338\" src=\"https:\/\/www.youtube.com\/embed\/DvPyv4NyPcQ?feature=oembed&amp;rel=0\" frameborder=\"0\" allow=\"accelerometer; autoplay; clipboard-write; encrypted-media; gyroscope; picture-in-picture; web-share\" referrerpolicy=\"strict-origin-when-cross-origin\" allowfullscreen><\/iframe><\/p>\n","protected":false},"excerpt":{"rendered":"<p>A pergunta mais frequente nos \u00faltimos meses foi: onde eu encontro a loja Can\u00e7\u00e3o Nova no Rio de Janeiro? Pois bem, viemos trazer uma boa not\u00edcia para todos voc\u00eas, nossa loja ser\u00e1 reaberta. Estamos preparando tudo para que neste ano&#8230;<\/p>\n","protected":false},"author":511,"featured_media":0,"comment_status":"open","ping_status":"open","sticky":false,"template":"","format":"standard","meta":{"_mi_skip_tracking":false,"_monsterinsights_sitenote_active":false,"_monsterinsights_sitenote_note":"","_monsterinsights_sitenote_category":0,"footnotes":""},"categories":[283145],"tags":[],"_links":{"self":[{"href":"https:\/\/blog.cancaonova.com\/riodejaneiro\/wp-json\/wp\/v2\/posts\/10053"}],"collection":[{"href":"https:\/\/blog.cancaonova.com\/riodejaneiro\/wp-json\/wp\/v2\/posts"}],"about":[{"href":"https:\/\/blog.cancaonova.com\/riodejaneiro\/wp-json\/wp\/v2\/types\/post"}],"author":[{"embeddable":true,"href":"https:\/\/blog.cancaonova.com\/riodejaneiro\/wp-json\/wp\/v2\/users\/511"}],"replies":[{"embeddable":true,"href":"https:\/\/blog.cancaonova.com\/riodejaneiro\/wp-json\/wp\/v2\/comments?post=10053"}],"version-history":[{"count":6,"href":"https:\/\/blog.cancaonova.com\/riodejaneiro\/wp-json\/wp\/v2\/posts\/10053\/revisions"}],"predecessor-version":[{"id":10060,"href":"https:\/\/blog.cancaonova.com\/riodejaneiro\/wp-json\/wp\/v2\/posts\/10053\/revisions\/10060"}],"wp:attachment":[{"href":"https:\/\/blog.cancaonova.com\/riodejaneiro\/wp-json\/wp\/v2\/media?parent=10053"}],"wp:term":[{"taxonomy":"category","embeddable":true,"href":"https:\/\/blog.cancaonova.com\/riodejaneiro\/wp-json\/wp\/v2\/categories?post=10053"},{"taxonomy":"post_tag","embeddable":true,"href":"https:\/\/blog.cancaonova.com\/riodejaneiro\/wp-json\/wp\/v2\/tags?post=10053"}],"curies":[{"name":"wp","href":"https:\/\/api.w.org\/{rel}","templated":true}]}}