{"id":10186,"date":"2019-05-30T10:38:06","date_gmt":"2019-05-30T13:38:06","guid":{"rendered":"http:\/\/blog.cancaonova.com\/riodejaneiro\/?p=10186"},"modified":"2019-05-30T10:56:43","modified_gmt":"2019-05-30T13:56:43","slug":"pentecostes-solidario-acoes-sociais-para-pessoas-em-situacao-de-rua-da-lapa","status":"publish","type":"post","link":"https:\/\/blog.cancaonova.com\/riodejaneiro\/pentecostes-solidario-acoes-sociais-para-pessoas-em-situacao-de-rua-da-lapa\/","title":{"rendered":"Pentecostes solid\u00e1rio: a\u00e7\u00f5es sociais para pessoas em situa\u00e7\u00e3o de rua da Lapa"},"content":{"rendered":"<p><img loading=\"lazy\" decoding=\"async\" class=\"alignright size-medium wp-image-10190\" src=\"http:\/\/blog.cancaonova.com\/riodejaneiro\/files\/2019\/05\/arcos-da-lapa-300x225.jpeg\" alt=\"\" width=\"300\" height=\"225\" srcset=\"https:\/\/blog.cancaonova.com\/riodejaneiro\/files\/2019\/05\/arcos-da-lapa-300x225.jpeg 300w, https:\/\/blog.cancaonova.com\/riodejaneiro\/files\/2019\/05\/arcos-da-lapa-768x576.jpeg 768w\" sizes=\"(max-width: 300px) 100vw, 300px\" \/>O p\u00e3o da Palavra, da Eucaristia e tamb\u00e9m o material. A edi\u00e7\u00e3o 2019 do evento<a href=\"https:\/\/blog.cancaonova.com\/riodejaneiro\/cancao-nova-rio-promove-evento-de-pentecostes-nos-arcos-da-lapa\/\" target=\"_blank\" rel=\"noopener\"> O Esp\u00edrito Sopra Onde Quer<\/a> deseja realizar uma evangeliza\u00e7\u00e3o integral e tamb\u00e9m olhar para os mais necessitados.<\/p>\n<p>Na regi\u00e3o da Lapa, no centro do Rio de Janeiro, vivem muitas pessoas em situa\u00e7\u00e3o de rua e, assim, no dia 7 de junho, de 10h as 13h, o Projeto A\u00e7\u00e3o de Amor do Cristo Redentor levar\u00e1 a\u00e7\u00f5es de cidadania, alimenta\u00e7\u00e3o, higiene pessoal, corte de cabelo e barba e ainda o programa Banho de Amor, com um trailer para quem desejar tomar banho.&nbsp;&nbsp;<\/p>\n<p>Confira os parceiros que estar\u00e3o presentes juntamente com a&nbsp;A\u00e7\u00e3o de Amor do Cristo Redentor e a Can\u00e7\u00e3o Nova Rio:<\/p>\n<ul>\n<li>Catedral Metropolitana de S\u00e3o Sebasti\u00e3o do Rio de Janeiro, com a iniciativa Caf\u00e9 que Sustenta;&nbsp;<\/li>\n<li>Fraternidade Toca de Assis, que realizar\u00e1 corte de cabelo e barba;<\/li>\n<li>Instituto Protetores da Pele:&nbsp;dermatologistas realizar\u00e3o consultas e dar\u00e3o orienta\u00e7\u00f5es quanto \u00e0 preven\u00e7\u00e3o de doen\u00e7as da pele;<\/li>\n<li>Buffet e Gastronomia Al\u00e9m do Bolo, com o fornecimento de almo\u00e7o para as fam\u00edlias em situa\u00e7\u00e3o de rua;<\/li>\n<li>Detran far\u00e1 a emiss\u00e3o de primeira e segunda vias de documento de identidade;<\/li>\n<li>Funda\u00e7\u00e3o Le\u00e3o XIII proporcionar\u00e1 a isen\u00e7\u00e3o de taxas para a retirada de documentos.<\/li>\n<\/ul>\n<div>&nbsp;<\/div>\n<div><a href=\"https:\/\/blog.cancaonova.com\/riodejaneiro\/o-espirito-sopra-onde-quer-2019-confira-mais-detalhes-sobre-o-evento\/\" target=\"_blank\" rel=\"noopener\">.:&nbsp;O Esp\u00edrito Sopra Onde Quer 2019: confira mais detalhes sobre o evento<\/a><\/div>\n<div>&nbsp;<\/div>\n<p>&nbsp;<\/p>\n<p>&nbsp;<\/p>\n","protected":false},"excerpt":{"rendered":"<p>O p\u00e3o da Palavra, da Eucaristia e tamb\u00e9m o material. A edi\u00e7\u00e3o 2019 do evento O Esp\u00edrito Sopra Onde Quer deseja realizar uma evangeliza\u00e7\u00e3o integral e tamb\u00e9m olhar para os mais necessitados. Na regi\u00e3o da Lapa, no centro do Rio&#8230;<\/p>\n","protected":false},"author":511,"featured_media":10190,"comment_status":"open","ping_status":"open","sticky":false,"template":"","format":"standard","meta":{"_mi_skip_tracking":false,"_monsterinsights_sitenote_active":false,"_monsterinsights_sitenote_note":"","_monsterinsights_sitenote_category":0,"footnotes":""},"categories":[19],"tags":[159409,159415,18062,122469,13031],"_links":{"self":[{"href":"https:\/\/blog.cancaonova.com\/riodejaneiro\/wp-json\/wp\/v2\/posts\/10186"}],"collection":[{"href":"https:\/\/blog.cancaonova.com\/riodejaneiro\/wp-json\/wp\/v2\/posts"}],"about":[{"href":"https:\/\/blog.cancaonova.com\/riodejaneiro\/wp-json\/wp\/v2\/types\/post"}],"author":[{"embeddable":true,"href":"https:\/\/blog.cancaonova.com\/riodejaneiro\/wp-json\/wp\/v2\/users\/511"}],"replies":[{"embeddable":true,"href":"https:\/\/blog.cancaonova.com\/riodejaneiro\/wp-json\/wp\/v2\/comments?post=10186"}],"version-history":[{"count":3,"href":"https:\/\/blog.cancaonova.com\/riodejaneiro\/wp-json\/wp\/v2\/posts\/10186\/revisions"}],"predecessor-version":[{"id":10196,"href":"https:\/\/blog.cancaonova.com\/riodejaneiro\/wp-json\/wp\/v2\/posts\/10186\/revisions\/10196"}],"wp:featuredmedia":[{"embeddable":true,"href":"https:\/\/blog.cancaonova.com\/riodejaneiro\/wp-json\/wp\/v2\/media\/10190"}],"wp:attachment":[{"href":"https:\/\/blog.cancaonova.com\/riodejaneiro\/wp-json\/wp\/v2\/media?parent=10186"}],"wp:term":[{"taxonomy":"category","embeddable":true,"href":"https:\/\/blog.cancaonova.com\/riodejaneiro\/wp-json\/wp\/v2\/categories?post=10186"},{"taxonomy":"post_tag","embeddable":true,"href":"https:\/\/blog.cancaonova.com\/riodejaneiro\/wp-json\/wp\/v2\/tags?post=10186"}],"curies":[{"name":"wp","href":"https:\/\/api.w.org\/{rel}","templated":true}]}}