{"id":10221,"date":"2019-11-21T19:28:57","date_gmt":"2019-11-21T22:28:57","guid":{"rendered":"http:\/\/blog.cancaonova.com\/riodejaneiro\/?p=10221"},"modified":"2019-11-22T10:47:03","modified_gmt":"2019-11-22T13:47:03","slug":"cancao-nova-rio-inaugura-loja-no-meier","status":"publish","type":"post","link":"https:\/\/blog.cancaonova.com\/riodejaneiro\/cancao-nova-rio-inaugura-loja-no-meier\/","title":{"rendered":"Canc\u00e3o Nova Rio inaugura loja no M\u00e9ier"},"content":{"rendered":"<p style=\"text-align: center\">Depois da Casa de Evangeliza\u00e7\u00e3o, chegou a vez da Loja Can\u00e7\u00e3o Nova no Rio de Janeiro. A inaugura\u00e7\u00e3o aconteceu no dia 11 de outubro, foi um dia todo especial para celebrar esta nova fase da Comunidade Can\u00e7\u00e3o Nova no Rio de Janeiro.<\/p>\n<p><img loading=\"lazy\" decoding=\"async\" class=\"size-medium wp-image-10224 aligncenter\" src=\"http:\/\/blog.cancaonova.com\/riodejaneiro\/files\/2019\/11\/loja-02-300x300.jpeg\" alt=\"\" width=\"300\" height=\"300\" srcset=\"https:\/\/blog.cancaonova.com\/riodejaneiro\/files\/2019\/11\/loja-02-300x300.jpeg 300w, https:\/\/blog.cancaonova.com\/riodejaneiro\/files\/2019\/11\/loja-02-150x150.jpeg 150w, https:\/\/blog.cancaonova.com\/riodejaneiro\/files\/2019\/11\/loja-02-768x768.jpeg 768w, https:\/\/blog.cancaonova.com\/riodejaneiro\/files\/2019\/11\/loja-02.jpeg 1280w\" sizes=\"(max-width: 300px) 100vw, 300px\" \/><\/p>\n<p style=\"text-align: center\">&nbsp;<\/p>\n<p style=\"font-weight: 400;text-align: center\">Em 2018, sempre com a ben\u00e7\u00e3o do arcebispo, Dom Orani Jo\u00e3o Tempesta, a Can\u00e7\u00e3o Nova se esmerou para crescer com a finalidade de ser sinal da presen\u00e7a de Deus. Por isso, reabriu a Casa de Evangeliza\u00e7\u00e3o, no M\u00e9ier, lugar que j\u00e1 conta com grupo de ora\u00e7\u00e3o, de jovens, missas, atendimentos, ora\u00e7\u00e3o di\u00e1ria do ter\u00e7o da miseric\u00f3rdia e outras atividades. Al\u00e9m disso, realizamos miss\u00f5es nas par\u00f3quias e em outros lugares em que os membros da comunidade s\u00e3o chamados.<\/p>\n<p style=\"font-weight: 400;text-align: center\">Depois de um tempo de espera, para legalizar quest\u00f5es burocr\u00e1ticas realizamos a inaugura\u00e7\u00e3o da Loja Can\u00e7\u00e3o Nova. Contamos com presen\u00e7as especias que animaram todo o dia com louvor e ora\u00e7\u00f5es, a ben\u00e7\u00e3o foi presidida pelo nosso pastor e arcebispo Dom Orani Jo\u00e3o Tempesta.<\/p>\n<p><img loading=\"lazy\" decoding=\"async\" class=\"size-medium wp-image-10223 aligncenter\" src=\"http:\/\/blog.cancaonova.com\/riodejaneiro\/files\/2019\/11\/loja-01-300x225.jpg\" alt=\"\" width=\"300\" height=\"225\" srcset=\"https:\/\/blog.cancaonova.com\/riodejaneiro\/files\/2019\/11\/loja-01-300x225.jpg 300w, https:\/\/blog.cancaonova.com\/riodejaneiro\/files\/2019\/11\/loja-01-768x576.jpg 768w, https:\/\/blog.cancaonova.com\/riodejaneiro\/files\/2019\/11\/loja-01.jpg 1280w\" sizes=\"(max-width: 300px) 100vw, 300px\" \/><\/p>\n<p style=\"text-align: center\">&nbsp;<\/p>\n<p style=\"text-align: center\">Voc\u00ea \u00e9 convidado a conhecer a nossa Casa de Evangeliza\u00e7\u00e3o e visitar a nossa loja que traz para voc\u00ea produtos de evangeliza\u00e7\u00e3o.<\/p>\n<p><img loading=\"lazy\" decoding=\"async\" class=\"size-medium wp-image-10222 aligncenter\" src=\"http:\/\/blog.cancaonova.com\/riodejaneiro\/files\/2019\/11\/loja-300x225.jpeg\" alt=\"\" width=\"300\" height=\"225\" srcset=\"https:\/\/blog.cancaonova.com\/riodejaneiro\/files\/2019\/11\/loja-300x225.jpeg 300w, https:\/\/blog.cancaonova.com\/riodejaneiro\/files\/2019\/11\/loja-768x576.jpeg 768w, https:\/\/blog.cancaonova.com\/riodejaneiro\/files\/2019\/11\/loja.jpeg 1024w\" sizes=\"(max-width: 300px) 100vw, 300px\" \/><\/p>\n<p style=\"font-weight: 400;text-align: center\">Local: Rua: Bar\u00e3o S\u00e3o Borja, 61 \u2013 M\u00e9ier<\/p>\n<p style=\"font-weight: 400;text-align: center\">Informa\u00e7\u00f5es: 3344-2176&nbsp; \/ 97146-8572<\/p>\n","protected":false},"excerpt":{"rendered":"<p>Depois da Casa de Evangeliza\u00e7\u00e3o, chegou a vez da Loja Can\u00e7\u00e3o Nova no Rio de Janeiro. A inaugura\u00e7\u00e3o aconteceu no dia 11 de outubro, foi um dia todo especial para celebrar esta nova fase da Comunidade Can\u00e7\u00e3o Nova no Rio&#8230;<\/p>\n","protected":false},"author":511,"featured_media":0,"comment_status":"open","ping_status":"open","sticky":false,"template":"","format":"standard","meta":{"_mi_skip_tracking":false,"_monsterinsights_sitenote_active":false,"_monsterinsights_sitenote_note":"","_monsterinsights_sitenote_category":0,"footnotes":""},"categories":[283145],"tags":[],"_links":{"self":[{"href":"https:\/\/blog.cancaonova.com\/riodejaneiro\/wp-json\/wp\/v2\/posts\/10221"}],"collection":[{"href":"https:\/\/blog.cancaonova.com\/riodejaneiro\/wp-json\/wp\/v2\/posts"}],"about":[{"href":"https:\/\/blog.cancaonova.com\/riodejaneiro\/wp-json\/wp\/v2\/types\/post"}],"author":[{"embeddable":true,"href":"https:\/\/blog.cancaonova.com\/riodejaneiro\/wp-json\/wp\/v2\/users\/511"}],"replies":[{"embeddable":true,"href":"https:\/\/blog.cancaonova.com\/riodejaneiro\/wp-json\/wp\/v2\/comments?post=10221"}],"version-history":[{"count":5,"href":"https:\/\/blog.cancaonova.com\/riodejaneiro\/wp-json\/wp\/v2\/posts\/10221\/revisions"}],"predecessor-version":[{"id":10229,"href":"https:\/\/blog.cancaonova.com\/riodejaneiro\/wp-json\/wp\/v2\/posts\/10221\/revisions\/10229"}],"wp:attachment":[{"href":"https:\/\/blog.cancaonova.com\/riodejaneiro\/wp-json\/wp\/v2\/media?parent=10221"}],"wp:term":[{"taxonomy":"category","embeddable":true,"href":"https:\/\/blog.cancaonova.com\/riodejaneiro\/wp-json\/wp\/v2\/categories?post=10221"},{"taxonomy":"post_tag","embeddable":true,"href":"https:\/\/blog.cancaonova.com\/riodejaneiro\/wp-json\/wp\/v2\/tags?post=10221"}],"curies":[{"name":"wp","href":"https:\/\/api.w.org\/{rel}","templated":true}]}}