{"id":10333,"date":"2020-07-27T09:51:33","date_gmt":"2020-07-27T12:51:33","guid":{"rendered":"http:\/\/blog.cancaonova.com\/riodejaneiro\/?p=10333"},"modified":"2021-02-09T11:59:17","modified_gmt":"2021-02-09T14:59:17","slug":"loja-cancao-nova-e-casa-de-evangelizacao-tudo-no-mesmo-lugar","status":"publish","type":"post","link":"https:\/\/blog.cancaonova.com\/riodejaneiro\/loja-cancao-nova-e-casa-de-evangelizacao-tudo-no-mesmo-lugar\/","title":{"rendered":"Loja Can\u00e7\u00e3o Nova e Casa de Evangeliza\u00e7\u00e3o, tudo no mesmo lugar!"},"content":{"rendered":"<p><img loading=\"lazy\" decoding=\"async\" class=\"aligncenter wp-image-10331\" src=\"http:\/\/blog.cancaonova.com\/riodejaneiro\/files\/2020\/07\/loja_banner-300x63.jpg\" alt=\"\" width=\"786\" height=\"165\" srcset=\"https:\/\/blog.cancaonova.com\/riodejaneiro\/files\/2020\/07\/loja_banner-300x63.jpg 300w, https:\/\/blog.cancaonova.com\/riodejaneiro\/files\/2020\/07\/loja_banner-768x161.jpg 768w, https:\/\/blog.cancaonova.com\/riodejaneiro\/files\/2020\/07\/loja_banner-1440x300.jpg 1440w\" sizes=\"(max-width: 786px) 100vw, 786px\" \/><\/p>\n<p>\u201c<span style=\"font-family: Calibri, serif\"><span style=\"font-size: small\"><span lang=\"pt-BR\"><b>Maria, \u00e9 ELA quem tudo faz na Can\u00e7\u00e3o Nova\u201d.<\/b><\/span><\/span><\/span><\/p>\n<p align=\"justify\"><span style=\"font-family: Calibri, serif\"><span style=\"font-size: small\"><span lang=\"pt-BR\">Em 2018, iniciamos as atividades da Casa de Evangeliza\u00e7\u00e3o da Can\u00e7\u00e3o Nova, em novo endere\u00e7o, agora no bairro do M\u00e9ier, e junto chegou tamb\u00e9m a Loja Can\u00e7\u00e3o Nova que antes ficava no Centro da Cidade do Rio de Janeiro. A inaugura\u00e7\u00e3o da Loja foi no dia 11 de outubro de 2019, e foi um dia todo especial para celebrar uma nova fase da comunidade Can\u00e7\u00e3o Nova nessa cidade. Venha nos visitar! Te esperamos!<\/span><\/span><\/span><\/p>\n<p><span style=\"font-family: Calibri, serif\"><span style=\"font-size: small\"><span lang=\"pt-BR\"><b>Hor\u00e1rio de Funcionamento <\/b><\/span><\/span><\/span><span style=\"font-family: Calibri, serif\"><span style=\"font-size: small\"><span lang=\"pt-BR\">: <\/span><\/span><\/span><\/p>\n<p><span style=\"font-family: Calibri, serif\"><span style=\"font-size: small\"><span lang=\"pt-BR\">Loja : Segunda \u00e0 Sexta | 11h \u00e0s 17h<\/span><\/span><\/span><\/p>\n<p><span style=\"font-family: Calibri, serif\"><span style=\"font-size: small\"><span lang=\"pt-BR\">Casa de Evangeliza\u00e7\u00e3o : Ter\u00e7a \u00e0 S\u00e1bado &#8211; Missa \u00e0s 18h <\/span><\/span><\/span><\/p>\n<p><span style=\"font-family: Calibri, serif\"><span style=\"font-size: small\"><span lang=\"pt-BR\">End: Rua: Bar\u00e3o S\u00e3o Borja, 61 \u2013 M\u00e9ier (Pr\u00f3x. Par\u00f3quia Sagrado Cora\u00e7\u00e3o de Jesus)<\/span><\/span><\/span><\/p>\n<p><span style=\"font-family: Calibri, serif\"><span style=\"font-size: small\"><span lang=\"pt-BR\">Informa\u00e7\u00f5es: (21) 3344-2176 \/ (21) 97146-8572<\/span><\/span><\/span><\/p>\n","protected":false},"excerpt":{"rendered":"<p>\u201cMaria, \u00e9 ELA quem tudo faz na Can\u00e7\u00e3o Nova\u201d. Em 2018, iniciamos as atividades da Casa de Evangeliza\u00e7\u00e3o da Can\u00e7\u00e3o Nova, em novo endere\u00e7o, agora no bairro do M\u00e9ier, e junto chegou tamb\u00e9m a Loja Can\u00e7\u00e3o Nova que antes ficava&#8230;<\/p>\n","protected":false},"author":511,"featured_media":10331,"comment_status":"open","ping_status":"open","sticky":false,"template":"","format":"standard","meta":{"_mi_skip_tracking":false,"_monsterinsights_sitenote_active":false,"_monsterinsights_sitenote_note":"","_monsterinsights_sitenote_category":0,"footnotes":""},"categories":[10341,283145],"tags":[10341,13431],"_links":{"self":[{"href":"https:\/\/blog.cancaonova.com\/riodejaneiro\/wp-json\/wp\/v2\/posts\/10333"}],"collection":[{"href":"https:\/\/blog.cancaonova.com\/riodejaneiro\/wp-json\/wp\/v2\/posts"}],"about":[{"href":"https:\/\/blog.cancaonova.com\/riodejaneiro\/wp-json\/wp\/v2\/types\/post"}],"author":[{"embeddable":true,"href":"https:\/\/blog.cancaonova.com\/riodejaneiro\/wp-json\/wp\/v2\/users\/511"}],"replies":[{"embeddable":true,"href":"https:\/\/blog.cancaonova.com\/riodejaneiro\/wp-json\/wp\/v2\/comments?post=10333"}],"version-history":[{"count":4,"href":"https:\/\/blog.cancaonova.com\/riodejaneiro\/wp-json\/wp\/v2\/posts\/10333\/revisions"}],"predecessor-version":[{"id":10416,"href":"https:\/\/blog.cancaonova.com\/riodejaneiro\/wp-json\/wp\/v2\/posts\/10333\/revisions\/10416"}],"wp:featuredmedia":[{"embeddable":true,"href":"https:\/\/blog.cancaonova.com\/riodejaneiro\/wp-json\/wp\/v2\/media\/10331"}],"wp:attachment":[{"href":"https:\/\/blog.cancaonova.com\/riodejaneiro\/wp-json\/wp\/v2\/media?parent=10333"}],"wp:term":[{"taxonomy":"category","embeddable":true,"href":"https:\/\/blog.cancaonova.com\/riodejaneiro\/wp-json\/wp\/v2\/categories?post=10333"},{"taxonomy":"post_tag","embeddable":true,"href":"https:\/\/blog.cancaonova.com\/riodejaneiro\/wp-json\/wp\/v2\/tags?post=10333"}],"curies":[{"name":"wp","href":"https:\/\/api.w.org\/{rel}","templated":true}]}}