{"id":10387,"date":"2021-02-04T19:09:20","date_gmt":"2021-02-04T22:09:20","guid":{"rendered":"http:\/\/blog.cancaonova.com\/riodejaneiro\/?p=10387"},"modified":"2021-02-04T19:09:20","modified_gmt":"2021-02-04T22:09:20","slug":"cancao-nova-rio-de-janeiro-retoma-suas-atividades","status":"publish","type":"post","link":"https:\/\/blog.cancaonova.com\/riodejaneiro\/cancao-nova-rio-de-janeiro-retoma-suas-atividades\/","title":{"rendered":"Can\u00e7\u00e3o Nova Rio de Janeiro retoma suas atividades"},"content":{"rendered":"<p><img loading=\"lazy\" decoding=\"async\" src=\"http:\/\/blog.cancaonova.com\/riodejaneiro\/files\/2021\/02\/WhatsApp-Image-2021-02-04-at-14.46.19-300x200.jpeg\" alt=\"\" width=\"300\" height=\"200\" class=\"aligncenter size-medium wp-image-10388\" srcset=\"https:\/\/blog.cancaonova.com\/riodejaneiro\/files\/2021\/02\/WhatsApp-Image-2021-02-04-at-14.46.19-300x200.jpeg 300w, https:\/\/blog.cancaonova.com\/riodejaneiro\/files\/2021\/02\/WhatsApp-Image-2021-02-04-at-14.46.19-768x512.jpeg 768w, https:\/\/blog.cancaonova.com\/riodejaneiro\/files\/2021\/02\/WhatsApp-Image-2021-02-04-at-14.46.19.jpeg 1024w\" sizes=\"(max-width: 300px) 100vw, 300px\" \/><br \/>\nA Can\u00e7\u00e3o Nova do Rio de Janeiro retoma as suas atividades evangelizadoras nesse ano de 2021. Sabemos de todos os desafios enfrentados e dos que ainda precisamos enfrentar, do medo e da inseguran\u00e7a por causa da pandemia, mas temos f\u00e9 que com a ajuda de Deus e com a sabedoria humana, e com o empenho de tantos cientistas em desenvolver as vacinas, venceremos em breve esse inimigo, invis\u00edvel aos olhos humanos, mas gerador de tantos males, destruidor de sonhos e de fam\u00edlias, que foi capaz de levar consigo muitas vidas. <\/p>\n<p>Sabemos que n\u00e3o podemos nos render a ele e que a morte n\u00e3o tem a \u00faltima palavra, porque estamos ancorados na esperan\u00e7a (Hb 6,19) e em Jesus, que \u00e9 a Ressurrei\u00e7\u00e3o e a Vida (Jo 11,25). Na f\u00e9 que nos faz enxergar o invis\u00edvel (Hb 11,1) vamos seguir em frente com a miss\u00e3o que o pr\u00f3prio Deus confiou a Can\u00e7\u00e3o Nova. Aprendemos do nosso fundador Monsenhor Jonas Abib e por isso vivemos todos os dias \u201cA Nossa Miss\u00e3o \u00e9 Evangelizar\u201d. <\/p>\n<p>Somos animados pelo pr\u00f3prio Jesus, que confia em n\u00f3s  &#8211; \u201cIde pelo mundo inteiro e anunciai o Evangelho a toda criatura\u201d (Mc 16,15), &#8211; e que nos garante sua presen\u00e7a \u201cEstarei convosco todos os dias, at\u00e9 o fim dos tempos\u201d (Mt 28,20).<br \/>\nA Evangeliza\u00e7\u00e3o n\u00e3o pode parar, n\u00e3o podemos desanimar diante de tantas restri\u00e7\u00f5es. Somos prudentes e estaremos seguindo todos os protocolos de seguran\u00e7a impostos pelo governo, assim como as normas pedidas a n\u00f3s pela Arquidiocese do Rio de Janeiro. Firmados em tudo isso, vamos levar o Evangelho e animar a vida de tantos que n\u00e3o conseguem encontrar motivos para continuar, que desmotivados pelos tempos que vivemos n\u00e3o encontram mais for\u00e7as para prosseguir. Queremos ser o O\u00e1sis de Deus nesse mundo, um lugar santo, um territ\u00f3rio eucar\u00edstico, um pedacinho do C\u00e9u aqui na terra, lugar de encontro com Deus. Queremos ser o que Deus sonhou para n\u00f3s. N\u00e3o deixaremos que as tribula\u00e7\u00f5es do tempo presente (Rm 8,18) nos desanimem nessa caminhada rumo ao C\u00e9u, mas seremos fortes guerreiros que n\u00e3o se abalam, porque sabemos quem vai a nossa frente: o Senhor Jesus, o poderoso na batalha! (Sl 24,8).<\/p>\n<p>Vamos continuar prestando servi\u00e7o ao povo carioca, pois para isso nascemos, e para isso vivemos: Anunciar o Evangelho a todos que dele necessitam, como nos ensina S\u00e3o Paulo VI no primeiro par\u00e1grafo da enc\u00edclica Evangelii Nuntiandi:<br \/>\n \u201cO empenho em anunciar o Evangelho aos homens do nosso tempo, animados pela esperan\u00e7a, mas ao mesmo tempo torturados muitas vezes pelo medo e pela ang\u00fastia, \u00e9 sem d\u00favida alguma um servi\u00e7o prestado \u00e0 comunidade dos crist\u00e3os, bem como a toda a humanidade\u201d.<br \/>\nPor isso, estamos abrindo nossa casa de evangeliza\u00e7\u00e3o com<\/p>\n<p><strong>&#8211;  Santa Missa<\/strong><br \/>\nTer\u00e7a-feira a s\u00e1bado &#8211; 18h.<\/p>\n<p><strong>&#8211; Quinta-feira de adora\u00e7\u00e3o<\/strong><br \/>\nAdora\u00e7\u00e3o ao Sant\u00edssimo Sacramento &#8211; 9h \u00e0s 15h.<br \/>\nTer\u00e7o da Miseric\u00f3rdia com Ben\u00e7\u00e3o do Sant\u00edssimo &#8211; 15h<br \/>\nSanta Missa &#8211; 18h.<\/p>\n<p><strong>&#8211; S\u00e1bado<\/strong><br \/>\nSanta Missa com campanha de ora\u00e7\u00e3o &#8211; 18h<br \/>\n<strong><br \/>\n&#8211; Loja Can\u00e7\u00e3o Nova<\/strong><br \/>\nSegunda a Sexta-feira das 11h \u00e0s 17h.<\/p>\n<p>Nosso endere\u00e7o: Rua Bar\u00e3o de S\u00e3o Borja 61, M\u00e9ier, Rio de Janeiro\/RJ.<br \/>\nTelefone: (21) 3344 2176<br \/>\nWhatsApp (21) 97146 8572<\/p>\n","protected":false},"excerpt":{"rendered":"<p>A Can\u00e7\u00e3o Nova do Rio de Janeiro retoma as suas atividades evangelizadoras nesse ano de 2021. Sabemos de todos os desafios enfrentados e dos que ainda precisamos enfrentar, do medo e da inseguran\u00e7a por causa da pandemia, mas temos f\u00e9&#8230;<\/p>\n","protected":false},"author":511,"featured_media":10388,"comment_status":"open","ping_status":"open","sticky":false,"template":"","format":"standard","meta":{"_mi_skip_tracking":false,"_monsterinsights_sitenote_active":false,"_monsterinsights_sitenote_note":"","_monsterinsights_sitenote_category":0,"footnotes":""},"categories":[10341],"tags":[],"_links":{"self":[{"href":"https:\/\/blog.cancaonova.com\/riodejaneiro\/wp-json\/wp\/v2\/posts\/10387"}],"collection":[{"href":"https:\/\/blog.cancaonova.com\/riodejaneiro\/wp-json\/wp\/v2\/posts"}],"about":[{"href":"https:\/\/blog.cancaonova.com\/riodejaneiro\/wp-json\/wp\/v2\/types\/post"}],"author":[{"embeddable":true,"href":"https:\/\/blog.cancaonova.com\/riodejaneiro\/wp-json\/wp\/v2\/users\/511"}],"replies":[{"embeddable":true,"href":"https:\/\/blog.cancaonova.com\/riodejaneiro\/wp-json\/wp\/v2\/comments?post=10387"}],"version-history":[{"count":1,"href":"https:\/\/blog.cancaonova.com\/riodejaneiro\/wp-json\/wp\/v2\/posts\/10387\/revisions"}],"predecessor-version":[{"id":10389,"href":"https:\/\/blog.cancaonova.com\/riodejaneiro\/wp-json\/wp\/v2\/posts\/10387\/revisions\/10389"}],"wp:featuredmedia":[{"embeddable":true,"href":"https:\/\/blog.cancaonova.com\/riodejaneiro\/wp-json\/wp\/v2\/media\/10388"}],"wp:attachment":[{"href":"https:\/\/blog.cancaonova.com\/riodejaneiro\/wp-json\/wp\/v2\/media?parent=10387"}],"wp:term":[{"taxonomy":"category","embeddable":true,"href":"https:\/\/blog.cancaonova.com\/riodejaneiro\/wp-json\/wp\/v2\/categories?post=10387"},{"taxonomy":"post_tag","embeddable":true,"href":"https:\/\/blog.cancaonova.com\/riodejaneiro\/wp-json\/wp\/v2\/tags?post=10387"}],"curies":[{"name":"wp","href":"https:\/\/api.w.org\/{rel}","templated":true}]}}