{"id":10526,"date":"2021-06-01T10:38:55","date_gmt":"2021-06-01T13:38:55","guid":{"rendered":"http:\/\/blog.cancaonova.com\/riodejaneiro\/?p=10526"},"modified":"2021-06-01T10:38:55","modified_gmt":"2021-06-01T13:38:55","slug":"mes-de-junho-chamados-aprofundarmos-nossa-devocao-ao-sagrado-coracao-de-jesus-rezando-oracao-escudo-sagrado-coracao-de-jesus","status":"publish","type":"post","link":"https:\/\/blog.cancaonova.com\/riodejaneiro\/mes-de-junho-chamados-aprofundarmos-nossa-devocao-ao-sagrado-coracao-de-jesus-rezando-oracao-escudo-sagrado-coracao-de-jesus\/","title":{"rendered":"M\u00eas de junho: Chamados a aprofundarmos nossa devo\u00e7\u00e3o ao Sagrado Cora\u00e7\u00e3o de Jesus rezando a ora\u00e7\u00e3o do \u201cEscudo do Sagrado Cora\u00e7\u00e3o de Jesus\u201d."},"content":{"rendered":"<h3><\/h3>\n<h3><img loading=\"lazy\" decoding=\"async\" class=\"aligncenter wp-image-10524\" src=\"http:\/\/blog.cancaonova.com\/riodejaneiro\/files\/2021\/06\/Sagrado-cora\u00e7\u00e3o-de-Jesus-300x75.jpg\" alt=\"\" width=\"656\" height=\"164\" srcset=\"https:\/\/blog.cancaonova.com\/riodejaneiro\/files\/2021\/06\/Sagrado-cora\u00e7\u00e3o-de-Jesus-300x75.jpg 300w, https:\/\/blog.cancaonova.com\/riodejaneiro\/files\/2021\/06\/Sagrado-cora\u00e7\u00e3o-de-Jesus-768x192.jpg 768w, https:\/\/blog.cancaonova.com\/riodejaneiro\/files\/2021\/06\/Sagrado-cora\u00e7\u00e3o-de-Jesus.jpg 2000w\" sizes=\"(max-width: 656px) 100vw, 656px\" \/><\/h3>\n<h3><span style=\"font-weight: 400\">Estamos no m\u00eas de Junho, e assim somos chamados a aprofundarmos nossa devo\u00e7\u00e3o ao Sagrado Cora\u00e7\u00e3o Jesus rezando a ora\u00e7\u00e3o do \u201cEscudo do Sagrado Cora\u00e7\u00e3o de Jesus\u201d.<\/span><\/h3>\n<p><b>Origem da Devo\u00e7\u00e3o ao Sagrado Cora\u00e7\u00e3o de Jesus<\/b><\/p>\n<p><span style=\"font-weight: 400\">A devo\u00e7\u00e3o ao Sagrado Cora\u00e7\u00e3o tem sua origem na pr\u00f3pria Sagrada Escritura. O cora\u00e7\u00e3o \u00e9 um dos modos para falar do infinito amor de Deus por voc\u00ea. Este amor chega a seu ponto alto com a vinda de Jesus.<\/span><\/p>\n<p><span style=\"font-weight: 400\">A devo\u00e7\u00e3o ao Sagrado Cora\u00e7\u00e3o aparece em dois acontecimentos fortes do evangelho: o gesto de S\u00e3o Jo\u00e3o, disc\u00edpulo amado, encostando a sua cabe\u00e7a em Jesus durante a \u00faltima ceia (cf. Jo 13,23); e na cruz, onde o soldado abriu o lado de Jesus com uma lan\u00e7a (cf. Jo 19,34). Em um temos o consolo pela dor da v\u00e9spera de sua morte, e no outro, o sofrimento causado pelos pecados da humanidade.\u00a0<\/span><\/p>\n<p><span style=\"font-weight: 400\">Estes dois exemplos do evangelho nos ajudam a entender o apelo de Jesus, feito em 1675, a Santa Margarida Maria Alacoque:<\/span><\/p>\n<p><span style=\"font-weight: 400\">\u201cEis este cora\u00e7\u00e3o que tanto tem amado os homens. N\u00e3o recebo da maior parte sen\u00e3o ingratid\u00f5es, desprezos, ultrajes, sacril\u00e9gios, indiferen\u00e7as\u2026Eis que te pe\u00e7o que a primeira sexta-feira depois da oitava do Sant\u00edssimo Sacramento (Corpo de Deus) seja dedicada a uma festa especial para honrar o Meu cora\u00e7\u00e3o, comungando neste dia e dando-lhe a devida repara\u00e7\u00e3o por meio de um ato de desagravo, para reparar as indignidades que recebeu durante o tempo em que esteve exposto sobre os altares.<\/span><\/p>\n<p><span style=\"font-weight: 400\">E prometo-te que o Meu Cora\u00e7\u00e3o se dilatar\u00e1 para derramar com abund\u00e2ncia as influ\u00eancias de Seu divino Amor sobre os que tributem esta divina honra e que procurem que ela lhe seja prestada.\u201d<\/span><\/p>\n<p><span style=\"font-weight: 400\">Diante de tantos desejos do Cora\u00e7\u00e3o de Jesus revelado a Santa Margarida Maria Alacoque, foi revelado um desejo em especial: de que fossem confeccionados escudos com a imagem de seu Sagrado Cora\u00e7\u00e3o, a fim de que todos aqueles que lhe oferecessem uma homenagem, os colocassem em suas casas e os levassem consigo.<\/span><\/p>\n<p><span style=\"font-weight: 400\">A autoriza\u00e7\u00e3o para tal pr\u00e1tica, no in\u00edcio, foi concedida somente aos conventos da Visita\u00e7\u00e3o. Depois, foi mais difundida pela Vener\u00e1vel Ana Magdalena R\u00e9muzat.<\/span><\/p>\n<p><span style=\"font-weight: 400\">A essa religiosa, tamb\u00e9m da mesma Ordem da Visita\u00e7\u00e3o, falecida em alto conceito de <\/span><a href=\"https:\/\/formacao.cancaonova.com\/testemunhos\/o-que-e-a-santidade\/\"><span style=\"font-weight: 400\">santidade<\/span><\/a><span style=\"font-weight: 400\">, Nosso Senhor fez saber, antecipadamente, o dano que causaria uma grave epidemia na cidade francesa de Marselha, em 1720, bem como o maravilhoso aux\u00edlio que os marselheses receberiam com a devo\u00e7\u00e3o a seu Sagrado Cora\u00e7\u00e3o.<\/span><\/p>\n<p><span style=\"font-weight: 400\">A referida santa, com a ajuda de suas irm\u00e3s de h\u00e1bito, fez milhares desses Escudos do Sagrado Cora\u00e7\u00e3o e os repartiu por toda a cidade onde grassava a peste. A hist\u00f3ria registra que, pouco depois, a epidemia cessou como por milagre. N\u00e3o contagiou muitos daqueles que portavam o Escudo, e as pessoas contagiadas tiveram um extraordin\u00e1rio aux\u00edlio com essa devo\u00e7\u00e3o.<\/span><\/p>\n<p><span style=\"font-weight: 400\">Em outras localidades ocorreram fatos an\u00e1logos. A partir de ent\u00e3o, o costume se estendeu por outras cidades e pa\u00edses.<\/span><\/p>\n<p><span style=\"font-weight: 400\">Anos mais tarde, ao tomar conhecimento dessa devo\u00e7\u00e3o, o Papa Pio IX concedeu uma b\u00ean\u00e7\u00e3o especial a todos os escudos elaborados segundo o modelo dessa devo\u00e7\u00e3o.<\/span><\/p>\n<p><span style=\"font-weight: 400\">Convidamos voc\u00ea e sua fam\u00edlia a se unir a n\u00f3s e rezar todos os dias a ora\u00e7\u00e3o do Escudo do Sagrado Cora\u00e7\u00e3o de Jesus.<\/span><\/p>\n<h2><b>Ora\u00e7\u00e3o do Escudo do Sagrado Cora\u00e7\u00e3o de Jesus<\/b><\/h2>\n<p><span style=\"font-weight: 400\">Alto! Detenha-se, dem\u00f4nio; detenha-se toda maldade, todo perigo, todo desastre. Detenham-se todos os assaltos, todas as balas de bandidos, todas as tenta\u00e7\u00f5es. Detenha-se todo inimigo, toda enfermidade, e detenham-se nossas paix\u00f5es desordenadas, pois o Sagrado Cora\u00e7\u00e3o de Jesus est\u00e1 comigo!<\/span><\/p>\n<p><span style=\"font-weight: 400\">Alto! O cora\u00e7\u00e3o de Jesus est\u00e1 comigo. Venha a n\u00f3s o Vosso Reino.<\/span><\/p>\n<p>&nbsp;<\/p>\n<p><span style=\"font-weight: 400\">Fontes: <\/span><a href=\"https:\/\/formacao.cancaonova.com\/espiritualidade\"><span style=\"font-weight: 400\">https:\/\/formacao.cancaonova.com\/espiritualidade<\/span><\/a><\/p>\n","protected":false},"excerpt":{"rendered":"<p>Estamos no m\u00eas de Junho, e assim somos chamados a aprofundarmos nossa devo\u00e7\u00e3o ao Sagrado Cora\u00e7\u00e3o Jesus rezando a ora\u00e7\u00e3o do \u201cEscudo do Sagrado Cora\u00e7\u00e3o de Jesus\u201d. Origem da Devo\u00e7\u00e3o ao Sagrado Cora\u00e7\u00e3o de Jesus A devo\u00e7\u00e3o ao Sagrado Cora\u00e7\u00e3o&#8230;<\/p>\n","protected":false},"author":511,"featured_media":10525,"comment_status":"open","ping_status":"open","sticky":false,"template":"","format":"standard","meta":{"_mi_skip_tracking":false,"_monsterinsights_sitenote_active":false,"_monsterinsights_sitenote_note":"","_monsterinsights_sitenote_category":0,"footnotes":""},"categories":[10341,23,32],"tags":[159427],"_links":{"self":[{"href":"https:\/\/blog.cancaonova.com\/riodejaneiro\/wp-json\/wp\/v2\/posts\/10526"}],"collection":[{"href":"https:\/\/blog.cancaonova.com\/riodejaneiro\/wp-json\/wp\/v2\/posts"}],"about":[{"href":"https:\/\/blog.cancaonova.com\/riodejaneiro\/wp-json\/wp\/v2\/types\/post"}],"author":[{"embeddable":true,"href":"https:\/\/blog.cancaonova.com\/riodejaneiro\/wp-json\/wp\/v2\/users\/511"}],"replies":[{"embeddable":true,"href":"https:\/\/blog.cancaonova.com\/riodejaneiro\/wp-json\/wp\/v2\/comments?post=10526"}],"version-history":[{"count":2,"href":"https:\/\/blog.cancaonova.com\/riodejaneiro\/wp-json\/wp\/v2\/posts\/10526\/revisions"}],"predecessor-version":[{"id":10528,"href":"https:\/\/blog.cancaonova.com\/riodejaneiro\/wp-json\/wp\/v2\/posts\/10526\/revisions\/10528"}],"wp:featuredmedia":[{"embeddable":true,"href":"https:\/\/blog.cancaonova.com\/riodejaneiro\/wp-json\/wp\/v2\/media\/10525"}],"wp:attachment":[{"href":"https:\/\/blog.cancaonova.com\/riodejaneiro\/wp-json\/wp\/v2\/media?parent=10526"}],"wp:term":[{"taxonomy":"category","embeddable":true,"href":"https:\/\/blog.cancaonova.com\/riodejaneiro\/wp-json\/wp\/v2\/categories?post=10526"},{"taxonomy":"post_tag","embeddable":true,"href":"https:\/\/blog.cancaonova.com\/riodejaneiro\/wp-json\/wp\/v2\/tags?post=10526"}],"curies":[{"name":"wp","href":"https:\/\/api.w.org\/{rel}","templated":true}]}}