{"id":10530,"date":"2021-06-17T16:28:27","date_gmt":"2021-06-17T19:28:27","guid":{"rendered":"http:\/\/blog.cancaonova.com\/riodejaneiro\/?p=10530"},"modified":"2021-06-17T16:56:32","modified_gmt":"2021-06-17T19:56:32","slug":"cancao-nova-rio-de-janeiro-vive-expectativa-da-ordenacao-sacerdotal-seu-responsavel-de-missao","status":"publish","type":"post","link":"https:\/\/blog.cancaonova.com\/riodejaneiro\/cancao-nova-rio-de-janeiro-vive-expectativa-da-ordenacao-sacerdotal-seu-responsavel-de-missao\/","title":{"rendered":"Can\u00e7\u00e3o Nova Rio de Janeiro vive expectativa da ordena\u00e7\u00e3o sacerdotal do seu respons\u00e1vel de miss\u00e3o"},"content":{"rendered":"<hgroup class=\"content-header\">\n<h2><img loading=\"lazy\" decoding=\"async\" class=\"aligncenter size-medium wp-image-10531\" src=\"http:\/\/blog.cancaonova.com\/riodejaneiro\/files\/2021\/06\/Santu\u00e1riodoPaidasMiseric\u00f3rdias-300x169.jpg\" alt=\"\" width=\"300\" height=\"169\" srcset=\"https:\/\/blog.cancaonova.com\/riodejaneiro\/files\/2021\/06\/Santu\u00e1riodoPaidasMiseric\u00f3rdias-300x169.jpg 300w, https:\/\/blog.cancaonova.com\/riodejaneiro\/files\/2021\/06\/Santu\u00e1riodoPaidasMiseric\u00f3rdias-384x216.jpg 384w, https:\/\/blog.cancaonova.com\/riodejaneiro\/files\/2021\/06\/Santu\u00e1riodoPaidasMiseric\u00f3rdias-512x288.jpg 512w, https:\/\/blog.cancaonova.com\/riodejaneiro\/files\/2021\/06\/Santu\u00e1riodoPaidasMiseric\u00f3rdias.jpg 767w\" sizes=\"(max-width: 300px) 100vw, 300px\" \/><\/h2>\n<h1 class=\" entry-title \"><span style=\"font-size: 16px\">Santu\u00e1rio do Pai das Miseric\u00f3rdias receber\u00e1 a Santa Missa de ordena\u00e7\u00e3o do respons\u00e1vel de miss\u00e3o da Can\u00e7\u00e3o Nova Rio de Janeiro.<\/span><\/h1>\n<\/hgroup>\n<div class=\"entry-meta\">\n<div>\u00a0No pr\u00f3ximo\u00a0<strong>dia 19 (s\u00e1bado), \u00e0s 10h,<\/strong>\u00a0a Can\u00e7\u00e3o Nova vai comemorar a concretiza\u00e7\u00e3o de duas voca\u00e7\u00f5es. Dois membros da Comunidade ser\u00e3o ordenados sacerdotes da Igreja pelas m\u00e3os de Dom Wladimir Lopes Dias, bispo de Lorena, SP. Di\u00e1cono Leonardo e Di\u00e1cono Ricardo Rodolfo, que atualmente \u00e9 o respons\u00e1vel de miss\u00e3o da Can\u00e7\u00e3o Nova Rio de Janeiro. Ambos vivem com feliz expectativa a prepara\u00e7\u00e3o para a ordena\u00e7\u00e3o presbiteral.<\/div>\n<h2>\u00a0<img loading=\"lazy\" decoding=\"async\" class=\"size-medium wp-image-10537\" style=\"font-size: 16px\" src=\"http:\/\/blog.cancaonova.com\/riodejaneiro\/files\/2021\/06\/PHOTO-2021-04-06-19-13-06-225x300.jpg\" alt=\"\" width=\"225\" height=\"300\" srcset=\"https:\/\/blog.cancaonova.com\/riodejaneiro\/files\/2021\/06\/PHOTO-2021-04-06-19-13-06-225x300.jpg 225w, https:\/\/blog.cancaonova.com\/riodejaneiro\/files\/2021\/06\/PHOTO-2021-04-06-19-13-06-768x1026.jpg 768w, https:\/\/blog.cancaonova.com\/riodejaneiro\/files\/2021\/06\/PHOTO-2021-04-06-19-13-06-150x200.jpg 150w, https:\/\/blog.cancaonova.com\/riodejaneiro\/files\/2021\/06\/PHOTO-2021-04-06-19-13-06.jpg 958w\" sizes=\"(max-width: 225px) 100vw, 225px\" \/><\/h2>\n<p>Foto: <em>Di\u00e1cono Ricardo Rodolfo\/sede da comunidade Can\u00e7\u00e3o Nova no Rio de Janeiro\/RJ<\/em><\/p>\n<p><strong>Di\u00e1cono Ricardo Rodolfo<\/strong><\/p>\n<p>Natural de S\u00e3o Jos\u00e9 dos Campos, SP, Di\u00e1cono Ricardo Rodolfo tem 39 anos, entrou para a Comunidade Can\u00e7\u00e3o Nova em\u00a02009. Depois da etapa inicial de forma\u00e7\u00e3o em Cachoeira Paulista e Lavrinhas, SP, estudou Filosofia na Faculdade Can\u00e7\u00e3o Nova, na sede em Cachoeira Paulista, SP. Morou em Campos dos Goytacazes-RJ no per\u00edodo em que o seminarista \u00e9 enviado para o \u201cano de miss\u00e3o\u201d. Ao retornar \u00e0 casa m\u00e3e, estudou Teologia, na Faculdade dos dehonianos, em Taubat\u00e9. No ano passado, foi ordenado Di\u00e1cono no dia de Nossa Senhora de Guadalupe, 12 de dezembro. Hoje, atua como respons\u00e1vel de miss\u00e3o da Can\u00e7\u00e3o Nova Rio de Janeiro.<\/p>\n<\/div>\n<p><em>\u201cMinha expectativa \u00e9 de profunda gratid\u00e3o a Deus, pois foi um tempo de muita escuta e amadurecimento, al\u00e9m de um longo caminho, pois recebi o chamado ao sacerd\u00f3cio em 27 setembro de 2000. Embora indigno de receber tamanho dom o Senhor acreditou e confiou em mim. Quero contribuir para a evangeliza\u00e7\u00e3o atrav\u00e9s do minist\u00e9rio sacerdotal para alcan\u00e7ar o maior n\u00famero de almas para o Reino de Deus. Na ordena\u00e7\u00e3o diaconal eu escolhi como lema \u201cTendes os mesmos sentimentos de Cristo\u201d para me configurar ao Cristo que tem um olhar de miseric\u00f3rdia para o ser humano. Na ordena\u00e7\u00e3o sacerdotal escolho como lema\u00a0<strong>\u201cA pessoa \u00e9 o mais importante\u201d<\/strong>, inspirado nos \u201cNossos Documentos\u201d, escritos por Monsenhor Jonas Abib, nosso fundador. Quero ter um olhar atento aos dramas humanos e assim poder levar uma mensagem de esperan\u00e7a aos que mais necessitam, assim como Jesus.\u00a0Este momento t\u00e3o importante e muito esperado, confio aos cuidados maternais de Nossa Senhora.\u201d<\/em><\/p>\n<p><strong>Di\u00e1cono Leonardo Ribeiro<\/strong><\/p>\n<p>Natural do Rio de Janeiro, RJ, Di\u00e1cono Leonardo Ribeiro do Nascimento tem 40 anos, entrou para a Comunidade Can\u00e7\u00e3o Nova em 2011. Depois da etapa inicial de forma\u00e7\u00e3o em Lavrinhas e Queluz, SP, estudou Filosofia na Faculdade Can\u00e7\u00e3o Nova, na sede em Cachoeira Paulista, SP. Morou em Fortaleza, CE, no per\u00edodo em que o seminarista \u00e9 enviado para o \u201cano de miss\u00e3o\u201d. Ao retornar \u00e0 casa m\u00e3e, estudou Teologia, na Faculdade dos dehonianos, em Taubat\u00e9. No ano passado, foi ordenado Di\u00e1cono no dia de Nossa Senhora de Guadalupe, 12 de dezembro. Hoje, atua na forma\u00e7\u00e3o dos pr\u00e9-disc\u00edpulos da Can\u00e7\u00e3o Nova, na casa de forma\u00e7\u00e3o inicial em Lavrinhas.<\/p>\n<p><em>\u201cSou grato a Deus por tudo que Ele concedeu. Espero com serenidade esse dia, n\u00e3o me considero digno, mas confio na promessa de Deus na minha vida. Sou muito feliz hoje, alcan\u00e7ando meu estado de vida. Quero ser e viver para a Igreja e para o povo de Deus este lema:\u00a0<strong>O Pai me ama porque dou a minha vida (Jo 10, 17).<\/strong>\u00a0Eu morava em Lavrinhas, em 2011, quando me deparei com um documento do Monsenhor Jonas que trazia como t\u00edtulo essa cita\u00e7\u00e3o do Evangelho de Jo\u00e3o. Esse documento impactou o meu cora\u00e7\u00e3o e Deus me falou fortemente que, se um dia eu chegasse ao sacerd\u00f3cio, assumiria esse lema. E foi a Virgem Maria que me trouxe para a Can\u00e7\u00e3o Nova, que caminhou comigo no meu tempo de estudos, que me trouxe para Lavrinhas, para me preparar para esse grande dia. A presen\u00e7a dela \u00e9 marcante na minha hist\u00f3ria.\u201d<\/em><\/p>\n<p>A ordena\u00e7\u00e3o acontecer\u00e1 no Santu\u00e1rio do Pai das Miseric\u00f3rdias em Cachoeira Paulista, SP. Com transmiss\u00e3o pelo sistema Can\u00e7\u00e3o Nova de comunica\u00e7\u00e3o pode-se acompanhar esses dois jovens com ora\u00e7\u00e3o, pedindo a Jesus, Bom Pastor, que os fa\u00e7a santo sacerdotes para a Igreja e para o seu povo.<\/p>\n<p>A Can\u00e7\u00e3o Nova Rio de Janeiro, em seus consagrados do n\u00facleo, segundo elo, colaboradores, amigos e benfeitores se alegra por t\u00e3o grande gra\u00e7a. \u00c9 um privil\u00e9gio contar com a presen\u00e7a do Di\u00e1cono Ricardo Rodolfo, futuro sacerdote da Igreja em favor do povo de Deus e em especial do povo carioca.<\/p>\n<p>Somos gratos a Deus por tamanho dom. Rezamos para que Deus o inspire, o dirija e guie os caminhos do futuro sacerdote para que cheio do Esp\u00edrito Santo possa iluminar a todos com seu minist\u00e9rio sacerdotal.<\/p>\n<p>&nbsp;<\/p>\n","protected":false},"excerpt":{"rendered":"<p>Santu\u00e1rio do Pai das Miseric\u00f3rdias receber\u00e1 a Santa Missa de ordena\u00e7\u00e3o do respons\u00e1vel de miss\u00e3o da Can\u00e7\u00e3o Nova Rio de Janeiro. \u00a0No pr\u00f3ximo\u00a0dia 19 (s\u00e1bado), \u00e0s 10h,\u00a0a Can\u00e7\u00e3o Nova vai comemorar a concretiza\u00e7\u00e3o de duas voca\u00e7\u00f5es. Dois membros da Comunidade&#8230;<\/p>\n","protected":false},"author":511,"featured_media":10537,"comment_status":"open","ping_status":"open","sticky":false,"template":"","format":"standard","meta":{"_mi_skip_tracking":false,"_monsterinsights_sitenote_active":false,"_monsterinsights_sitenote_note":"","_monsterinsights_sitenote_category":0,"footnotes":""},"categories":[10341,19,32,1011,4],"tags":[],"_links":{"self":[{"href":"https:\/\/blog.cancaonova.com\/riodejaneiro\/wp-json\/wp\/v2\/posts\/10530"}],"collection":[{"href":"https:\/\/blog.cancaonova.com\/riodejaneiro\/wp-json\/wp\/v2\/posts"}],"about":[{"href":"https:\/\/blog.cancaonova.com\/riodejaneiro\/wp-json\/wp\/v2\/types\/post"}],"author":[{"embeddable":true,"href":"https:\/\/blog.cancaonova.com\/riodejaneiro\/wp-json\/wp\/v2\/users\/511"}],"replies":[{"embeddable":true,"href":"https:\/\/blog.cancaonova.com\/riodejaneiro\/wp-json\/wp\/v2\/comments?post=10530"}],"version-history":[{"count":5,"href":"https:\/\/blog.cancaonova.com\/riodejaneiro\/wp-json\/wp\/v2\/posts\/10530\/revisions"}],"predecessor-version":[{"id":10538,"href":"https:\/\/blog.cancaonova.com\/riodejaneiro\/wp-json\/wp\/v2\/posts\/10530\/revisions\/10538"}],"wp:featuredmedia":[{"embeddable":true,"href":"https:\/\/blog.cancaonova.com\/riodejaneiro\/wp-json\/wp\/v2\/media\/10537"}],"wp:attachment":[{"href":"https:\/\/blog.cancaonova.com\/riodejaneiro\/wp-json\/wp\/v2\/media?parent=10530"}],"wp:term":[{"taxonomy":"category","embeddable":true,"href":"https:\/\/blog.cancaonova.com\/riodejaneiro\/wp-json\/wp\/v2\/categories?post=10530"},{"taxonomy":"post_tag","embeddable":true,"href":"https:\/\/blog.cancaonova.com\/riodejaneiro\/wp-json\/wp\/v2\/tags?post=10530"}],"curies":[{"name":"wp","href":"https:\/\/api.w.org\/{rel}","templated":true}]}}