{"id":10595,"date":"2021-11-27T17:51:27","date_gmt":"2021-11-27T20:51:27","guid":{"rendered":"http:\/\/blog.cancaonova.com\/riodejaneiro\/?p=10595"},"modified":"2021-11-27T17:51:27","modified_gmt":"2021-11-27T20:51:27","slug":"27-de-novembro-dia-de-nossa-senhora-das-gracas","status":"publish","type":"post","link":"https:\/\/blog.cancaonova.com\/riodejaneiro\/27-de-novembro-dia-de-nossa-senhora-das-gracas\/","title":{"rendered":"27 de novembro - Dia de Nossa Senhora das Gra\u00e7as"},"content":{"rendered":"<p align=\"center\"><img loading=\"lazy\" decoding=\"async\" class=\"aligncenter size-medium wp-image-10596\" src=\"http:\/\/blog.cancaonova.com\/riodejaneiro\/files\/2021\/11\/Nossa-Senhora-das-Gra\u00e7as2-211x300.jpg\" alt=\"\" width=\"211\" height=\"300\" srcset=\"https:\/\/blog.cancaonova.com\/riodejaneiro\/files\/2021\/11\/Nossa-Senhora-das-Gra\u00e7as2-211x300.jpg 211w, https:\/\/blog.cancaonova.com\/riodejaneiro\/files\/2021\/11\/Nossa-Senhora-das-Gra\u00e7as2.jpg 651w\" sizes=\"(max-width: 211px) 100vw, 211px\" \/><\/p>\n<p align=\"center\">\n<p align=\"center\"><span style=\"font-family: Times New Roman, serif\"><span style=\"font-size: medium\"><i><u><b>27 de novembro &#8211; Dia de Nossa Senhora das Gra\u00e7as<\/b><\/u><\/i><\/span><\/span><\/p>\n<p align=\"justify\"><span style=\"font-family: Times New Roman, serif\"><span style=\"font-size: medium\">Nossa Senhora das Gra\u00e7as apareceu em 1830, na Fran\u00e7a, a S. Catarina Labour\u00e9, em Paris, na casa geral da Congrega\u00e7\u00e3o das Filhas da Caridade, de S\u00e3o Vicente de Paulo.<\/span><\/span><\/p>\n<p align=\"justify\"><span style=\"font-family: Times New Roman, serif\"><span style=\"font-size: medium\">Na vis\u00e3o de S. Catarina, Nossa Senhora aparece resplandecente, tendo sob os p\u00e9s uma serpente, que representa o dem\u00f4nio, e um globo terrestre, que representa a mundanidade, vencida por Sua pureza sem igual. Das m\u00e3os de Nossa Senhora saem ainda raios luminosos, que representam as in\u00fameras gra\u00e7as que Ela deseja derramar sobre os seus filhos. <\/span><\/span><\/p>\n<p align=\"justify\"><span style=\"font-family: Times New Roman, serif\"><span style=\"font-size: medium\">Nossa Senhora veio alertar na Rue du Bac, em 1830, que as ideias deixadas pela Revolu\u00e7\u00e3o Francesa ocorrida naquele tempo e seus frutos eram uma realidade sat\u00e2nica, que precisava ser esmagada por Ela, a Imaculada Concei\u00e7\u00e3o e por seus filhos. <\/span><\/span><\/p>\n<p align=\"justify\"><span style=\"font-family: Times New Roman, serif\"><span style=\"font-size: medium\">Nessa apari\u00e7\u00e3o, a Virgem Sant\u00edssima pediu que fosse feita uma Medalha, mais tarde chamada de Medalha Milagrosa, e que se divulgasse essa devo\u00e7\u00e3o. Tamb\u00e9m prometeu que todos que a utilizassem alcan\u00e7ariam muitas gra\u00e7as e milagres de Deus, por meio de sua intercess\u00e3o. <\/span><\/span><\/p>\n<p align=\"justify\"><span style=\"font-family: Times New Roman, serif\"><span style=\"font-size: medium\">Nessa Medalha consta, de um lado, a imagem de Nossa Senhora das Gra\u00e7as pisando sobre a cabe\u00e7a da serpente, e, de outro, o Sagrado Cora\u00e7\u00e3o de Jesus e o Imaculado Cora\u00e7\u00e3o de Maria, junto a outros s\u00edmbolos. Na medalha est\u00e1 a imagem do Sagrado Cora\u00e7\u00e3o de Jesus, pois em 1673, iniciaram-se as revela\u00e7\u00f5es do Sagrado Cora\u00e7\u00e3o de Jesus a Santa Margarida Maria Alacoque, nas quais Nosso Senhor mostra seu cora\u00e7\u00e3o sofrendo com os pecados dos seus consagrados (padres, bispos, religiosos e religiosas) e pede que a Fran\u00e7a seja consagrada ao seu Sagrado Cora\u00e7\u00e3o. Seu pedido n\u00e3o foi atendido e em 1789, inicia-se a Revolu\u00e7\u00e3o Francesa. <\/span><\/span><\/p>\n<p align=\"justify\"><span style=\"font-family: Times New Roman, serif\"><span style=\"font-size: medium\">Mas Deus, em sua infinita generosidade, n\u00e3o se deixa vencer e envia Nossa Senhora das Gra\u00e7as como uma resposta do C\u00e9u para vencer tudo aquilo que a Revolu\u00e7\u00e3o Francesa havia implantado na Fran\u00e7a e expandiu-se para o mundo.<\/span><\/span><\/p>\n<p align=\"justify\"><span style=\"font-family: Times New Roman, serif\"><span style=\"font-size: medium\">Nesta Sua apari\u00e7\u00e3o, Ela ensina que seus filhos deveriam invoc\u00e1-la atrav\u00e9s da jaculat\u00f3ria \u201cMaria concebida sem pecado, rogai por n\u00f3s que recorremos a V\u00f3s\u201d, clamando, seus aux\u00edlio, cuidado, prote\u00e7\u00e3o e intercess\u00e3o.<\/span><\/span><\/p>\n<p align=\"justify\"><span style=\"font-family: Times New Roman, serif\"><span style=\"font-size: medium\">Maria se apresenta com an\u00e9is em suas m\u00e3os, de alguns deles saem luzes e de outros n\u00e3o; esses \u00faltimos, segundo ela, s\u00e3o as gra\u00e7as que as pessoas deveriam ter pedido, mas n\u00e3o o fizeram. <\/span><\/span><\/p>\n<p align=\"justify\"><span style=\"font-family: Times New Roman, serif\"><span style=\"font-size: medium\">Nossa Senhora, por sua intercess\u00e3o, quer derramar muitas gra\u00e7as sobre os seus filhos. Na vida de cada um de n\u00f3s, como Ela fez nas Bodas de Cana\u00e3, quando percebeu as necessidades dos noivos, Ela, muitas vezes, se adianta \u00e0s nossas necessidades e alcan\u00e7a de Cristo as gra\u00e7as que precisamos. Mas \u00e9 desejo do cora\u00e7\u00e3o de Deus que n\u00f3s pe\u00e7amos a Ele o que precisamos e que fa\u00e7amos isso, por interm\u00e9dio de Maria, que pe\u00e7amos os aux\u00edlios que nos s\u00e3o necess\u00e1rios. Nem sempre sabemos o que realmente nos \u00e9 necess\u00e1rio, mas precisamos ter a confian\u00e7a de que Maria sabe se o que pedimos \u00e9 necess\u00e1rio ou n\u00e3o e est\u00e1 sempre pronta a pedir o que realmente nos \u00e9 necess\u00e1rio ao seu Filho. Supliquemos a intercess\u00e3o de Maria, medianeira de todas as gra\u00e7as, pois, Ela quer conceder-nos muitas gra\u00e7as, principalmente as que precisamos para a nossa salva\u00e7\u00e3o e santifica\u00e7\u00e3o, pois Ela foi constitu\u00edda por Deus como a Mediadora de todas as gra\u00e7as, ref\u00fagio sempre seguro em todas as nossas necessidades.<\/span><\/span><\/p>\n<p align=\"justify\"><span style=\"font-family: Times New Roman, serif\"><span style=\"font-size: medium\"><i><u><b>Pedido e promessa de Nossa Senhora das Gra\u00e7as a Santa Catarina Labour\u00e9:<\/b><\/u><\/i><\/span><\/span><\/p>\n<p align=\"justify\">\u201c<span style=\"font-family: Times New Roman, serif\"><span style=\"font-size: medium\">Fazei cunhar uma medalha conforme este modelo. Todos os que a usarem, trazendo-a ao pesco\u00e7o, receber\u00e3o grandes gra\u00e7as. Estas ser\u00e3o abundantes para aqueles que a usarem com confian\u00e7a.\u201d <\/span><\/span><\/p>\n<p align=\"justify\"><span style=\"font-family: Times New Roman, serif\"><span style=\"font-size: medium\"><i><u><b>Testemunho do uso da Medalha Milagrosa:<\/b><\/u><\/i><\/span><\/span><\/p>\n<p align=\"justify\"><span style=\"font-family: Times New Roman, serif\"><span style=\"font-size: medium\">&#8220;Em 1832, uma violenta epidemia de c\u00f3lera assolou a cidade de Paris. Foram, ent\u00e3o, cunhados os primeiros exemplares da medalha, logo distribu\u00eddos aos doentes. \u00c0 vista das gra\u00e7as extraordin\u00e1rias e numerosas obtidas por meio dessa medalha, o povo passou a cham\u00e1-la de Medalha Milagrosa. Em pouco tempo, essa devo\u00e7\u00e3o difundiu-se pelo mundo inteiro, e foi enriquecida com a composi\u00e7\u00e3o de uma Novena.&#8221;<\/span><\/span><\/p>\n<p align=\"justify\"><span style=\"font-family: Times New Roman, serif\"><span style=\"font-size: medium\"><i><u><b>Testemunho de Mons Jonas Abib &#8211; Fundador da Comunidade Can\u00e7\u00e3o Nova com a devo\u00e7\u00e3o a Nossa Senhora das Gra\u00e7as e a Medalha Milagrosa<\/b><\/u><\/i><\/span><\/span><\/p>\n<p align=\"justify\">\u201c<span style=\"font-family: Times New Roman, serif\"><span style=\"font-size: medium\">Nos in\u00edcios da Comunidade, Padre Jonas tinha o desejo de adquirir o terreno onde hoje \u00e9 a sede da Can\u00e7\u00e3o Nova em Cachoeira Paulista (SP), algo imposs\u00edvel na \u00e9poca.<\/span><\/span><\/p>\n<p align=\"justify\"><span style=\"font-family: Times New Roman, serif\"><span style=\"font-size: medium\">Ent\u00e3o, ele foi at\u00e9 o terreno e jogou a Medalha de Nossa Senhora das Gra\u00e7as, confiando nos des\u00edgnios de Deus. Algum tempo depois, o propriet\u00e1rio do terreno ofertou-o a Can\u00e7\u00e3o Nova, parcelando o pagamento, porque sentiu que devia vend\u00ea-lo para a Comunidade e a mais ningu\u00e9m.<\/span><\/span><\/p>\n<p align=\"justify\"><span style=\"font-family: Times New Roman, serif\"><span style=\"font-size: medium\">Mesmo sem ter total condi\u00e7\u00e3o, Mons. Jonas deu o passo na f\u00e9 e adquiriu o lote. E o dinheiro chegava conforme os pagamentos venciam.\u201d<\/span><\/span><\/p>\n<p align=\"justify\"><span style=\"font-family: Times New Roman, serif\"><span style=\"font-size: medium\"><i><u><b>Significado dos S\u00edmbolos da Medalha Milagrosa<\/b><\/u><\/i><\/span><\/span><\/p>\n<p align=\"justify\"><span style=\"font-family: Times New Roman, serif\"><span style=\"font-size: medium\">&#8220;Na frente da Medalha Milagrosa, aparece a Virgem Maria esmagando a cabe\u00e7a da serpente que est\u00e1 sobre o mundo: Ela, a Imaculada, tem todo poder em virtude de sua gra\u00e7a para triunfar sobre Satan\u00e1s.<\/span><\/span><\/p>\n<p align=\"justify\"><span style=\"font-family: Times New Roman, serif\"><span style=\"font-size: medium\">As doze estrelas da cabe\u00e7a de Maria e a cor de seu manto mostram a mulher vestida de sol, do Livro do Apocalipse.<\/span><\/span><\/p>\n<p align=\"justify\"><span style=\"font-family: Times New Roman, serif\"><span style=\"font-size: medium\">Suas m\u00e3os estendidas, transmitindo raios de gra\u00e7a s\u00e3o sinal de sua miss\u00e3o de M\u00e3e e Medianeira das gra\u00e7as que derrama sobre o mundo e a quem lhes pe\u00e7a.<\/span><\/span><\/p>\n<p align=\"justify\"><span style=\"font-family: Times New Roman, serif\"><span style=\"font-size: medium\">A famosa inscri\u00e7\u00e3o \u2018\u00d3 Maria concebida sem pecado, rogai por n\u00f3s que recorremos a V\u00f3s!\u2019, afirma a Imaculada Concei\u00e7\u00e3o da Virgem, manifestada a Santa Catarina nesta apari\u00e7\u00e3o em 27 de novembro de 1830, muito antes do dogma ser proclamado em 08 de dezembro de 1854, pelo Papa Pio IX; e quatro anos ap\u00f3s Nossa Senhora aparece em Lourdes e diz a Santa Bernadete: \u2018Eu Sou a Imaculada Concei\u00e7\u00e3o\u2019. Enfim, a inscri\u00e7\u00e3o, do mesmo modo, indica tamb\u00e9m a miss\u00e3o de intercess\u00e3o da M\u00e3e de Deus, a quem podemos procurar com confian\u00e7a.<\/span><\/span><\/p>\n<p align=\"justify\"><span style=\"font-family: Times New Roman, serif\"><span style=\"font-size: medium\">O globo, que representa a terra, est\u00e1 sob os p\u00e9s da Virgem Maria, porque Ela \u00e9 a rainha do c\u00e9u e da Terra, indicando a Sua realeza.<\/span><\/span><\/p>\n<p align=\"justify\"><span style=\"font-family: Times New Roman, serif\"><span style=\"font-size: medium\">Na parte de tr\u00e1s da Medalha est\u00e1 a letra \u2018M\u2019, s\u00edmbolo de Maria e da sua maternidade espiritual. A cruz \u00e9 o mist\u00e9rio da reden\u00e7\u00e3o e sustenta a letra &#8220;Yota&#8221; do alfabeto grego ou a \u2018I\u2019, que \u00e9 um monograma do nome \u2018Jesus\u2019. Tudo isso simboliza a M\u00e3e de Cristo crucificado.<\/span><\/span><\/p>\n<p align=\"justify\"><span style=\"font-family: Times New Roman, serif\"><span style=\"font-size: medium\">As doze estrelas s\u00e3o um s\u00edmbolo da Igreja que Cristo fundou nos Ap\u00f3stolos. Enquanto os Sagrados Cora\u00e7\u00f5es de Jesus e Maria se referem \u00e0 devo\u00e7\u00e3o que os crist\u00e3os devem ter a ambos os cora\u00e7\u00f5es.&#8221;<\/span><\/span><\/p>\n<p align=\"justify\"><span style=\"font-family: Times New Roman, serif\"><span style=\"font-size: medium\"><i><u><b>Ora\u00e7\u00e3o<\/b><\/u><\/i><\/span><\/span><\/p>\n<p align=\"justify\">\u201c<span style=\"font-family: Times New Roman, serif\"><span style=\"font-size: medium\">\u00d3 Imaculada Virgem M\u00e3e de Deus e nossa M\u00e3e, ao contemplar-vos de bra\u00e7os abertos derramando gra\u00e7as sobre os que vo-las pedem, cheios de confian\u00e7a na vossa poderosa intercess\u00e3o, in\u00fameras vezes manifestada pela Medalha Milagrosa, embora reconhecendo a nossa indignidade por causa de nossas in\u00fameras culpas, acercamo-nos de vossos p\u00e9s para vos expor, durante esta ora\u00e7\u00e3o, as nossas mais prementes necessidades. Concedei, pois, \u00f3 Virgem da Medalha Milagrosa, este favor que confiantes vos solicitamos, para maior gl\u00f3ria de Deus, engrandecimento do vosso nome, e o bem de nossas almas. E para melhor servirmos ao vosso divino Filho, inspirai-nos profundo \u00f3dio ao pecado e dai-nos coragem de nos afirmar sempre como verdadeiros crist\u00e3os. Am\u00e9m\u201d. <\/span><\/span><\/p>\n<p align=\"justify\"><span style=\"font-family: Times New Roman, serif\"><span style=\"font-size: medium\">Rezar tr\u00eas Ave-Marias e, no final, a seguinte jaculat\u00f3ria: \u201c\u00d3 Maria concebida sem pecado, rogai por n\u00f3s que recorremos a V\u00f3s!\u201d<\/span><\/span><\/p>\n<p align=\"justify\"><span style=\"font-family: Times New Roman, serif\"><span style=\"font-size: medium\"><i>Nossa Senhora das Gra\u00e7as, rogai por n\u00f3s!<\/i><\/span><\/span><\/p>\n<p align=\"justify\"><span style=\"font-family: Times New Roman, serif\"><span style=\"font-size: medium\"><b>Fontes:<\/b><\/span><\/span><\/p>\n<ul>\n<li>\n<p align=\"justify\"><span style=\"color: #000000\"><span style=\"font-family: Times New Roman, serif\"><span style=\"font-size: medium\">Professor Felipe Aquino \u2013 Cl\u00e9ofas<\/span><\/span><\/span><\/p>\n<\/li>\n<li>\n<p align=\"justify\"><span style=\"color: #000000\"><span style=\"font-family: Times New Roman, serif\"><span style=\"font-size: medium\">Can\u00e7\u00e3o Nova<\/span><\/span><\/span><\/p>\n<\/li>\n<li>\n<p align=\"justify\"><span style=\"color: #000000\"><span style=\"font-family: Times New Roman, serif\"><span style=\"font-size: medium\">Padre Paulo Ricardo<\/span><\/span><\/span><\/p>\n<\/li>\n<li>\n<p align=\"justify\"><span style=\"color: #000000\"><span style=\"font-family: Times New Roman, serif\"><span style=\"font-size: medium\">ACI Digital<\/span><\/span><\/span><\/p>\n<\/li>\n<\/ul>\n","protected":false},"excerpt":{"rendered":"<p>27 de novembro &#8211; Dia de Nossa Senhora das Gra\u00e7as Nossa Senhora das Gra\u00e7as apareceu em 1830, na Fran\u00e7a, a S. Catarina Labour\u00e9, em Paris, na casa geral da Congrega\u00e7\u00e3o das Filhas da Caridade, de S\u00e3o Vicente de Paulo. Na&#8230;<\/p>\n","protected":false},"author":511,"featured_media":10596,"comment_status":"open","ping_status":"open","sticky":false,"template":"","format":"standard","meta":{"_mi_skip_tracking":false,"_monsterinsights_sitenote_active":false,"_monsterinsights_sitenote_note":"","_monsterinsights_sitenote_category":0,"footnotes":""},"categories":[23,32],"tags":[],"_links":{"self":[{"href":"https:\/\/blog.cancaonova.com\/riodejaneiro\/wp-json\/wp\/v2\/posts\/10595"}],"collection":[{"href":"https:\/\/blog.cancaonova.com\/riodejaneiro\/wp-json\/wp\/v2\/posts"}],"about":[{"href":"https:\/\/blog.cancaonova.com\/riodejaneiro\/wp-json\/wp\/v2\/types\/post"}],"author":[{"embeddable":true,"href":"https:\/\/blog.cancaonova.com\/riodejaneiro\/wp-json\/wp\/v2\/users\/511"}],"replies":[{"embeddable":true,"href":"https:\/\/blog.cancaonova.com\/riodejaneiro\/wp-json\/wp\/v2\/comments?post=10595"}],"version-history":[{"count":1,"href":"https:\/\/blog.cancaonova.com\/riodejaneiro\/wp-json\/wp\/v2\/posts\/10595\/revisions"}],"predecessor-version":[{"id":10597,"href":"https:\/\/blog.cancaonova.com\/riodejaneiro\/wp-json\/wp\/v2\/posts\/10595\/revisions\/10597"}],"wp:featuredmedia":[{"embeddable":true,"href":"https:\/\/blog.cancaonova.com\/riodejaneiro\/wp-json\/wp\/v2\/media\/10596"}],"wp:attachment":[{"href":"https:\/\/blog.cancaonova.com\/riodejaneiro\/wp-json\/wp\/v2\/media?parent=10595"}],"wp:term":[{"taxonomy":"category","embeddable":true,"href":"https:\/\/blog.cancaonova.com\/riodejaneiro\/wp-json\/wp\/v2\/categories?post=10595"},{"taxonomy":"post_tag","embeddable":true,"href":"https:\/\/blog.cancaonova.com\/riodejaneiro\/wp-json\/wp\/v2\/tags?post=10595"}],"curies":[{"name":"wp","href":"https:\/\/api.w.org\/{rel}","templated":true}]}}