{"id":10634,"date":"2022-04-14T11:30:11","date_gmt":"2022-04-14T14:30:11","guid":{"rendered":"http:\/\/blog.cancaonova.com\/riodejaneiro\/?p=10634"},"modified":"2022-04-14T11:30:11","modified_gmt":"2022-04-14T14:30:11","slug":"quinta-feira-santa-santa-ceia-e-o-lava-pes","status":"publish","type":"post","link":"https:\/\/blog.cancaonova.com\/riodejaneiro\/quinta-feira-santa-santa-ceia-e-o-lava-pes\/","title":{"rendered":"Quinta-Feira Santa: A Santa Ceia e o Lava-P\u00e9s"},"content":{"rendered":"<p align=\"center\"><img loading=\"lazy\" decoding=\"async\" class=\"aligncenter size-medium wp-image-10635\" src=\"http:\/\/blog.cancaonova.com\/riodejaneiro\/files\/2022\/04\/semana_santa_ceia-300x218.jpg\" alt=\"\" width=\"300\" height=\"218\" srcset=\"https:\/\/blog.cancaonova.com\/riodejaneiro\/files\/2022\/04\/semana_santa_ceia-300x218.jpg 300w, https:\/\/blog.cancaonova.com\/riodejaneiro\/files\/2022\/04\/semana_santa_ceia.jpg 400w\" sizes=\"(max-width: 300px) 100vw, 300px\" \/><\/p>\n<p align=\"center\">\n<p align=\"center\"><span style=\"font-size: large\"><i><u><b>Quinta-Feira Santa: A Santa Ceia e o Lava-P\u00e9s<\/b><\/u><\/i><\/span><\/p>\n<p align=\"justify\">\n<p align=\"justify\"><span style=\"font-size: medium\">Hoje, Quinta-feira Santa, inicia-se a celebra\u00e7\u00e3o do Sagrado Tr\u00edduo da Paix\u00e3o, Tr\u00edduo Pascal.<\/span><\/p>\n<p align=\"justify\"><span style=\"font-size: medium\">Na cerim\u00f4nia do lava-p\u00e9s e da Santa Ceia, Jesus instituiu dois Sacramentos: o Sacerd\u00f3cio e a Eucaristia.<\/span><\/p>\n<p align=\"justify\"><span style=\"font-size: medium\">Jesus desejou ardentemente comer a \u00faltima ceia com seus disc\u00edpulos, a ceia realizada pelos Judeus. <\/span><\/p>\n<p align=\"justify\"><span style=\"font-size: medium\">Essa foi a \u00faltima ceia com seus disc\u00edpulos, sua despedida, pois sabia que seria sacrificado para a salva\u00e7\u00e3o da humanidade. Na P\u00e1scoa dos Judeus, um cordeiro era imolado e seu sangue era passado nas portas das casas, das quais, o anjo da morte passava por cima e os que ali habitavam eram salvos. Nessa \u00faltima ceia, \u00e9 Jesus que se oferece como cordeiro, para ser imolado, para derramar seu sangue e salvar todo aquele que Nele crer. <\/span><\/p>\n<p align=\"justify\"><span style=\"font-size: medium\">Tr\u00eas dos disc\u00edpulos nos chamam a aten\u00e7\u00e3o nessa Santa Ceia:<\/span><\/p>\n<p align=\"justify\"><span style=\"font-size: medium\">Jo\u00e3o, o disc\u00edpulo amado, que reclina a cabe\u00e7a sobre o peito de Cristo e descobre pelas batidas do Cora\u00e7\u00e3o Dele, o quanto era amado, sente-se amado. <\/span><\/p>\n<p align=\"justify\"><span style=\"font-size: medium\">Pedro, que confiava em suas pr\u00f3prias for\u00e7as, achava que poderia morrer por Jesus, como se fosse capaz de fazer algo sem o Seu aux\u00edlio e mais tarde cai na sua pr\u00f3pria fraqueza, negando Jesus.<\/span><\/p>\n<p align=\"justify\"><span style=\"font-size: medium\">Judas, o traidor, que vendo Jesus demonstrando que j\u00e1 sabia que era ele que iria tra\u00ed-Lo, e mesmo assim lavando seus p\u00e9s, e dizendo que se daria a todos, inclusive a ele, n\u00e3o reconhece o amor de Cristo e n\u00e3o se dobra a Ele, decidindo cumprir o que j\u00e1 havia planejado fazer e entrega Jesus.<\/span><\/p>\n<p align=\"justify\"><span style=\"font-size: medium\">Sejamos como Jo\u00e3o que reconhece nas batidas do Cora\u00e7\u00e3o de Jesus que Ele quer nos amar, que o cora\u00e7\u00e3o Dele arde de amor por n\u00f3s e \u00e9 capaz de tudo por n\u00f3s, que deseja ardentemente nos salvar e ficar sempre conosco. Reconhe\u00e7amos e assumamos o amor de Cristo por n\u00f3s e decidamos ficar sempre com Ele.<\/span><\/p>\n<p align=\"justify\"><span style=\"font-size: medium\">Jesus por meio da Eucaristia, quer estar sempre conosco, pois nela, Ele estar\u00e1 sempre presente com Seu Corpo e com Seu Sangue para, deste modo, ficar sempre conosco e n\u00f3s com Ele.<\/span><\/p>\n<p align=\"justify\"><span style=\"font-size: medium\">Jesus que \u00e9 o Senhor, que \u00e9 o Mestre, durante a ceia com seus disc\u00edpulos se p\u00f5e a lavar os p\u00e9s deles.<\/span><\/p>\n<p align=\"justify\"><span style=\"font-size: medium\">Jesus se coloca numa posi\u00e7\u00e3o de servo e n\u00e3o como aquele que deve ser servido. <\/span><\/p>\n<p align=\"justify\"><span style=\"font-size: medium\">Jesus demonstra com tal atitude, amor, humildade e servi\u00e7o, mas tamb\u00e9m convida a todos ao arrependimento.<\/span><\/p>\n<p align=\"justify\"><span style=\"font-size: medium\">Jesus diz que fazia aquilo porque nem todos estavam limpos, ou seja, n\u00e3o estavam limpos dos pecados, das fraquezas, portanto \u00e9 um convite ao arrependimento. <\/span><\/p>\n<p align=\"justify\"><span style=\"font-size: medium\">Jesus convida a se deixar purificar por Ele, por isso diz: &#8220;Se eu n\u00e3o te lavar, n\u00e3o ter\u00e1s parte comigo&#8221;.<\/span><\/p>\n<p align=\"justify\"><span style=\"font-size: medium\">Jesus \u00e9 Aquele que veio nos servir. Jesus serviu-nos dando a Sua vida por n\u00f3s, para nos purificar, nos salvar dos nossos pecados. Foi isso que Ele quis dizer-nos ao lavar os p\u00e9s dos disc\u00edpulos.<\/span><\/p>\n<p align=\"justify\"><span style=\"font-size: medium\">Podemos constatar que o servi\u00e7o de Cristo est\u00e1 representado no lava-p\u00e9s, mas vai muito al\u00e9m disso, o servi\u00e7o de Jesus est\u00e1 em ter dado a sua vida, toda a sua vida, em tudo o que fez durante o tempo que viveu, culminando na Sua entrega por n\u00f3s numa Cruz, para nos salvar do pecado, nos dar a vida eterna.<\/span><\/p>\n<p align=\"justify\"><span style=\"font-size: medium\">Continuemos seguindo os passos de Jesus, recordando tudo o que Ele fez e vivendo bem esses dias grandiosos da Semana Santa, de modo que aceitemos, que assumamos o Seu amor, nos deixemos purificar por Ele e permane\u00e7amos Nele e na salva\u00e7\u00e3o que Ele j\u00e1 alcan\u00e7ou para n\u00f3s.<\/span><\/p>\n","protected":false},"excerpt":{"rendered":"<p>Quinta-Feira Santa: A Santa Ceia e o Lava-P\u00e9s Hoje, Quinta-feira Santa, inicia-se a celebra\u00e7\u00e3o do Sagrado Tr\u00edduo da Paix\u00e3o, Tr\u00edduo Pascal. Na cerim\u00f4nia do lava-p\u00e9s e da Santa Ceia, Jesus instituiu dois Sacramentos: o Sacerd\u00f3cio e a Eucaristia. Jesus desejou&#8230;<\/p>\n","protected":false},"author":511,"featured_media":10635,"comment_status":"open","ping_status":"open","sticky":false,"template":"","format":"standard","meta":{"_mi_skip_tracking":false,"_monsterinsights_sitenote_active":false,"_monsterinsights_sitenote_note":"","_monsterinsights_sitenote_category":0,"footnotes":""},"categories":[23,32],"tags":[],"_links":{"self":[{"href":"https:\/\/blog.cancaonova.com\/riodejaneiro\/wp-json\/wp\/v2\/posts\/10634"}],"collection":[{"href":"https:\/\/blog.cancaonova.com\/riodejaneiro\/wp-json\/wp\/v2\/posts"}],"about":[{"href":"https:\/\/blog.cancaonova.com\/riodejaneiro\/wp-json\/wp\/v2\/types\/post"}],"author":[{"embeddable":true,"href":"https:\/\/blog.cancaonova.com\/riodejaneiro\/wp-json\/wp\/v2\/users\/511"}],"replies":[{"embeddable":true,"href":"https:\/\/blog.cancaonova.com\/riodejaneiro\/wp-json\/wp\/v2\/comments?post=10634"}],"version-history":[{"count":1,"href":"https:\/\/blog.cancaonova.com\/riodejaneiro\/wp-json\/wp\/v2\/posts\/10634\/revisions"}],"predecessor-version":[{"id":10636,"href":"https:\/\/blog.cancaonova.com\/riodejaneiro\/wp-json\/wp\/v2\/posts\/10634\/revisions\/10636"}],"wp:featuredmedia":[{"embeddable":true,"href":"https:\/\/blog.cancaonova.com\/riodejaneiro\/wp-json\/wp\/v2\/media\/10635"}],"wp:attachment":[{"href":"https:\/\/blog.cancaonova.com\/riodejaneiro\/wp-json\/wp\/v2\/media?parent=10634"}],"wp:term":[{"taxonomy":"category","embeddable":true,"href":"https:\/\/blog.cancaonova.com\/riodejaneiro\/wp-json\/wp\/v2\/categories?post=10634"},{"taxonomy":"post_tag","embeddable":true,"href":"https:\/\/blog.cancaonova.com\/riodejaneiro\/wp-json\/wp\/v2\/tags?post=10634"}],"curies":[{"name":"wp","href":"https:\/\/api.w.org\/{rel}","templated":true}]}}