{"id":10637,"date":"2022-04-15T01:13:21","date_gmt":"2022-04-15T04:13:21","guid":{"rendered":"http:\/\/blog.cancaonova.com\/riodejaneiro\/?p=10637"},"modified":"2022-04-14T17:15:52","modified_gmt":"2022-04-14T20:15:52","slug":"10637-2","status":"publish","type":"post","link":"https:\/\/blog.cancaonova.com\/riodejaneiro\/10637-2\/","title":{"rendered":"Sexta-Feira Santa \u2013 A Paix\u00e3o de Cristo"},"content":{"rendered":"<p align=\"center\"><img loading=\"lazy\" decoding=\"async\" class=\"aligncenter size-medium wp-image-8981\" src=\"http:\/\/blog.cancaonova.com\/riodejaneiro\/files\/2015\/03\/semanasanta-300x199.jpg\" alt=\"\" width=\"300\" height=\"199\" srcset=\"https:\/\/blog.cancaonova.com\/riodejaneiro\/files\/2015\/03\/semanasanta-300x199.jpg 300w, https:\/\/blog.cancaonova.com\/riodejaneiro\/files\/2015\/03\/semanasanta.jpg 640w\" sizes=\"(max-width: 300px) 100vw, 300px\" \/><\/p>\n<p align=\"center\"><span style=\"font-size: large\"><i><u><b>Sexta-Feira Santa \u2013 A Paix\u00e3o de Cristo<\/b><\/u><\/i><\/span><\/p>\n<p align=\"justify\"><span style=\"font-size: medium\">Contemplemos Jesus em sua agonia, Jesus abandonado. Nem mesmo aqueles que caminharam com Ele, aqueles que em vez de servos, Jesus chamava de amigos, nem mesmo eles, aos quais Jesus havia acabado dizer na Santa Ceia que daria a vida por eles. Nem mesmo eles foram capazes de permanecer com Jesus, de sustent\u00e1-Lo, consol\u00e1-Lo na Sua agonia.<\/span><\/p>\n<p align=\"justify\"><span style=\"font-size: medium\">Mas ainda assim, Jesus n\u00e3o desistiu deles, n\u00e3o desistiu e n\u00e3o desiste de n\u00f3s. Mesmo com medo, mesmo sentindo-se abandonado, declara a Deus que aceitava fazer a vontade Dele. Por amor ao Pai, por amor a cada um de n\u00f3s. Ele n\u00e3o quer nos perder, Ele nos amou e ama.<\/span><\/p>\n<p align=\"justify\"><span style=\"font-size: medium\">Fiquemos com Jesus, unidos a Ele para que desta maneira continuemos a Sua miss\u00e3o, vivendo Nele, de acordo com a vontade Dele, vigilantes nas nossas atitudes, naquilo que ir\u00e1 agrad\u00e1-Lo, na vida de ora\u00e7\u00e3o e de intimidade com Ele que nos sustentar\u00e1 a viver o que Ele nos pede para assim anunciarmos a Sua salva\u00e7\u00e3o \u00e0 humanidade.<\/span><\/p>\n<p align=\"justify\"><span style=\"font-size: medium\">Jesus \u00e9 beijado por Judas. Eis o sinal da trai\u00e7\u00e3o, combinado para saberem quem deveria ser o Cristo que deveria ser preso. <\/span><\/p>\n<p align=\"justify\"><span style=\"font-size: medium\">Quanta frieza, dureza de cora\u00e7\u00e3o, incredulidade, ambi\u00e7\u00e3o e cegueira de Judas. <\/span><\/p>\n<p align=\"justify\"><span style=\"font-size: medium\">Quantas vezes, com nossas atitudes, agimos com Judas e tra\u00edmos Jesus, n\u00e3o vivendo de acordo com Seus ensinamentos, mas segundo os nossos desejos pr\u00f3prios, sem f\u00e9 nas nossas dificuldades, sem amor algum a Ele?<\/span><\/p>\n<p align=\"justify\"><span style=\"font-size: medium\">Quanto desespero de Pedro na tentativa de livrar Jesus das m\u00e3os dos soldados. Pobre Pedro que n\u00e3o compreendeu que a Lei de Cristo n\u00e3o \u00e9 do \u201cOlho por olho, dente por dente\u201d, mas \u00e9 a Lei do Amor e da Miseric\u00f3rdia. <\/span><\/p>\n<p align=\"justify\"><span style=\"font-size: medium\">Jesus mostra isto a ele, a todos que ali estavam e tamb\u00e9m a cada um de n\u00f3s, quando em meio a toda a viol\u00eancia que sofria restitui a orelha do servo do sumo sacerdote. <\/span><\/p>\n<p align=\"justify\"><span style=\"font-size: medium\">Quantas vezes praticamos o mal por sede de justi\u00e7a, n\u00e3o perdoamos, mas condenamos aqueles que nos perseguem, que s\u00e3o injustos conosco, n\u00e3o agimos com o mesmo amor e miseric\u00f3rdia que Jesus nos ensinou, com que age para conosco nas nossas fraquezas e nos pede para viver com os outros?<\/span><\/p>\n<p align=\"justify\"><span style=\"font-size: medium\">Jesus \u00e9 insultado, caluniado, zombado por Caif\u00e1s, pelos escribas e anci\u00e3os do povo e permanece no sil\u00eancio, sem defender-se nas acusa\u00e7\u00f5es, mas responde ao ser perguntado se era Filho de Deus e diante de tais perguntas, Ele n\u00e3o se cala, mas responde assumindo aquilo que Ele \u00e9, quando ent\u00e3o \u00e9 espancado pelos que ali estavam. Mas Jesus n\u00e3o teve medo de assumir que \u00e9 Filho de Deus. N\u00e3o teve medo das consequ\u00eancias. N\u00e3o buscou defender-se, mas assumiu que Deus \u00e9 Seu Pai, que veio de Deus.<\/span><\/p>\n<p align=\"justify\"><span style=\"font-size: medium\">Pedro nega Jesus. Logo Pedro que n\u00e3o queria que Jesus sofresse, que disse que daria a vida por Ele, que se achava indigno de ter seus p\u00e9s lavados por Jesus e que tentou salvar Jesus quando estava sendo levado pelos soldados.<\/span><\/p>\n<p align=\"justify\"><span style=\"font-size: medium\">Somos como Pedro quando gritamos ao mundo que amamos a Cristo, que seguimos e servimos a Ele, mas nas provas da vida, nas contrariedades que surgem, nos desesperamos. Somos como ele, quando diante dos prazeres que o mundo nos oferece, optamos por viv\u00ea-los em vez de viver de maneira santa e agrad\u00e1vel a Deus.<\/span><\/p>\n<p align=\"justify\"><span style=\"font-size: medium\">Mais uma vez Jesus diante de Pilatos, n\u00e3o responde as acusa\u00e7\u00f5es que Lhe fazem, nas responde as perguntas sobre o que Ele \u00e9, ou seja, Jesus n\u00e3o nega o que \u00e9, n\u00e3o nega a Deus, n\u00e3o nega a Si mesmo.<\/span><\/p>\n<p align=\"justify\"><span style=\"font-size: medium\">E n\u00f3s muitas vezes, diante do mundo, damos mil desculpas, mil justificativas e n\u00e3o assumimos que somos Filhos de Deus, n\u00e3o vivemos do modo que devemos viver por medo das cr\u00edticas, das cobran\u00e7as, da zombaria e das d\u00favidas dos homens.<\/span><\/p>\n<p align=\"justify\"><span style=\"font-size: medium\">Jesus \u00e9 lan\u00e7ado \u00e0 sorte, pois \u00e9 o povo que escolhe quem deve ser solto. Conquistado pelos pr\u00edncipes dos sacerdotes e pelos anci\u00e3os, o povo escolhe a Barrab\u00e1s e n\u00e3o a Cristo.<\/span><\/p>\n<p align=\"justify\"><span style=\"font-size: medium\">Quantos de n\u00f3s, em vez de seguirmos a Cristo, seguimos o que o mundo com as suas sedu\u00e7\u00f5es nos oferece, escolhemos n\u00e3o amar a Cristo com a nossa vida, mas ofend\u00ea-Lo numa vida de pecado que s\u00f3 nos afasta Dele e nos faz perder a salva\u00e7\u00e3o que Ele nos deu?<\/span><\/p>\n<p align=\"justify\"><span style=\"font-size: medium\">Pilatos lava as m\u00e3os diante da escolha do povo.<\/span><\/p>\n<p align=\"justify\"><span style=\"font-size: medium\">Reflitamos sobre isto, pois nos igualamos a Pilatos quando diante daquilo que ouvimos contra Cristo, contra a Igreja de Cristo, nos calamos. Quando deixamos de viver o que \u00e9 certo, por receio do que as pessoas poder\u00e3o dizer ou fazer a n\u00f3s. Quando n\u00e3o cremos em Cristo. Quando n\u00e3o temos amor a Ele.<\/span><\/p>\n<p align=\"justify\"><span style=\"font-size: medium\">Contemplemos agora Jesus que \u00e9 flagelado e n\u00e3o \u00e9 uma flagela\u00e7\u00e3o qualquer, mas Jesus tem sua carne dilacerada, arrancada do corpo pelos instrumentos que utilizavam. Seu sangue santo foi derramado naquele lugar e aspergido sobre os que Nele batiam e zombavam Dele.<\/span><\/p>\n<p align=\"justify\"><span style=\"font-size: medium\">Jesus se deixa apanhar, se faz forte e permanece firme diante de tamanha tortura, pois est\u00e1 decidido a n\u00e3o nos perder, est\u00e1 decidido a nos salvar, nos quer no Para\u00edso criado para n\u00f3s. Nos quer l\u00e1 com Ele, com o Pai e com o Esp\u00edrito Santo.<\/span><\/p>\n<p align=\"justify\"><span style=\"font-size: medium\">Jesus \u00e9 coroado com uma coroa de espinhos que colocam em Sua cabe\u00e7a e que perfuram profundamente. <\/span><\/p>\n<p align=\"justify\"><span style=\"font-size: medium\">E ainda batiam em sua cabe\u00e7a com uma vara, fazendo com que esses espinhos perfurassem mais ainda a sua cabe\u00e7a.<\/span><\/p>\n<p align=\"justify\"><span style=\"font-size: medium\">Deus podia ter cessado tudo ali. Mas n\u00e3o, Deus mesmo sustentava Jesus e pelo sofrimento Dele nos ama, nos salva.<\/span><\/p>\n<p align=\"justify\"><span style=\"font-size: medium\">Colocam a Cruz sobre os ombros de Jesus. Segue o Nosso Senhor, at\u00e9 o Monte Calv\u00e1rio, carregando Sua Cruz. No percurso, Jesus \u00e9 zombado, \u00e9 cuspido, chicoteado, cai por tr\u00eas vezes, mas se levanta e segue carregando Sua Cruz.<\/span><\/p>\n<p align=\"justify\"><span style=\"font-size: medium\">Deus n\u00e3o abandona Seu Filho. Jesus \u00e9 consolado por Ver\u00f4nica, pelas mulheres de Jerusal\u00e9m, por Sua M\u00e3e e por Cirineu que Lhe ajuda a carregar a Cruz.<\/span><\/p>\n<p align=\"justify\"><span style=\"font-size: medium\">Quem n\u00f3s queremos ser para Jesus? Os que zombam Dele, que Lhe maltratam ou aqueles que querem consol\u00e1-Lo com uma vida de santidade e de fidelidade a Ele? Quem n\u00f3s j\u00e1 somos para Jesus?<\/span><\/p>\n<p align=\"justify\"><span style=\"font-size: medium\">Crucificado ainda \u00e9 desacreditado e escarnecido, mas perdoa um dos ladr\u00f5es crucificados com Ele, prometendo-lhe que estaria com Ele naquele dia mesmo no Para\u00edso. Pede ao Pai que perdoasse aqueles que ali escarneciam e duvidavam Dele.<\/span><\/p>\n<p align=\"justify\"><span style=\"font-size: medium\">Jesus tem com Ele, Sua M\u00e3e, Jo\u00e3o e Maria Madalena, que permaneceram com Ele, a todo tempo, aos p\u00e9s da Cruz, confiando Nele, confiando em Deus e nas promessas Dele.<\/span><\/p>\n<p align=\"justify\"><span style=\"font-size: medium\">De que modo queremos ficar? Queremos ficar aos p\u00e9s da Cruz zombando, duvidando de Cristo, escarnecendo Dele? Pois \u00e9 isso o que fazemos quando vivemos nesse calv\u00e1rio que \u00e9 o mundo, vivendo de maneira contr\u00e1ria ao que Ele nos pede. Ou queremos, como Maria, M\u00e3e de Jesus, Jo\u00e3o e Maria Madalena, permanecermos com Ele, crendo Nele e vivendo aquilo que Ele deseja de n\u00f3s?<\/span><\/p>\n<p align=\"justify\"><span style=\"font-size: medium\">Jesus tem sede, tem sede de n\u00f3s, de nossas vidas, de que n\u00f3s vivamos com Ele.<\/span><\/p>\n<p align=\"justify\"><span style=\"font-size: medium\">Como estamos saciando a sede de Jesus? Saciamos com uma vida santa ou damos a Ele o fel amargo de uma vida mergulhada no pecado.<\/span><\/p>\n<p align=\"justify\"><span style=\"font-size: medium\">Jesus entrega Seu Esp\u00edrito ao Pai e morrendo na Cruz, tem Seu peito traspassado por uma lan\u00e7a e de Seu cora\u00e7\u00e3o jorra sangue e \u00e1gua. J\u00e1 n\u00e3o tendo mais sangue, jorra \u00e1gua, ou seja, Jesus se d\u00e1 todo, se d\u00e1 por inteiro e livremente por amos a n\u00f3s.<\/span><\/p>\n<p align=\"justify\"><span style=\"font-size: medium\">N\u00e3o tenhamos medo de nos achegar a Ele, pois tudo foi por amor e Ele s\u00f3 pede de n\u00f3s, arrependimento, confian\u00e7a Nele, mudan\u00e7a de vida. <\/span><\/p>\n<p align=\"justify\"><span style=\"font-size: medium\">Ele espera por n\u00f3s, Ele nos chama \u00e0 convers\u00e3o, Ele nos deseja, nos quer junto Dele. Se Ele sofreu tudo isso por n\u00f3s, n\u00e3o \u00e9 o nosso pecado que nos impedir\u00e1 de nos achegarmos a Ele, pois \u00e0 medida que Dele nos aproximarmos reconhecendo nossos pecados como aquele bom ladr\u00e3o, pedirmos perd\u00e3o a Ele e permanecermos Nele, Ele mesmo nos ajudar\u00e1 a viver conforme a Sua vontade e teremos a salva\u00e7\u00e3o que j\u00e1 foi alcan\u00e7ada para n\u00f3s.<\/span><\/p>\n<p align=\"justify\"><span style=\"font-size: medium\">\u00c9 um amor grande demais e que at\u00e9 nos constrange, dif\u00edcil de compreender e de explicar. Isto s\u00f3 ser\u00e1 poss\u00edvel a partir de uma experi\u00eancia com Ele, mas para experimentar, \u00e9 preciso se aproximar sem medo, buscar conhec\u00ea-Lo, buscar intimidade, amizade com Ele e, a partir de ent\u00e3o, ser\u00e1 poss\u00edvel compreender que ningu\u00e9m nos ama como Ele e, verdadeiramente crer Nele e viver com Ele, como Ele tanto desejou e deseja que vivamos.<\/span><\/p>\n<p align=\"justify\"><span style=\"font-size: small\"><b>Fonte: <\/b><\/span><\/p>\n<p align=\"justify\"><span style=\"font-size: small\">Evangelho de Mateus 26, 36-75. 27, 1-56 <\/span><\/p>\n","protected":false},"excerpt":{"rendered":"<p>Sexta-Feira Santa \u2013 A Paix\u00e3o de Cristo Contemplemos Jesus em sua agonia, Jesus abandonado. Nem mesmo aqueles que caminharam com Ele, aqueles que em vez de servos, Jesus chamava de amigos, nem mesmo eles, aos quais Jesus havia acabado dizer&#8230;<\/p>\n","protected":false},"author":511,"featured_media":8981,"comment_status":"open","ping_status":"open","sticky":false,"template":"","format":"standard","meta":{"_mi_skip_tracking":false,"_monsterinsights_sitenote_active":false,"_monsterinsights_sitenote_note":"","_monsterinsights_sitenote_category":0,"footnotes":""},"categories":[23,32],"tags":[],"_links":{"self":[{"href":"https:\/\/blog.cancaonova.com\/riodejaneiro\/wp-json\/wp\/v2\/posts\/10637"}],"collection":[{"href":"https:\/\/blog.cancaonova.com\/riodejaneiro\/wp-json\/wp\/v2\/posts"}],"about":[{"href":"https:\/\/blog.cancaonova.com\/riodejaneiro\/wp-json\/wp\/v2\/types\/post"}],"author":[{"embeddable":true,"href":"https:\/\/blog.cancaonova.com\/riodejaneiro\/wp-json\/wp\/v2\/users\/511"}],"replies":[{"embeddable":true,"href":"https:\/\/blog.cancaonova.com\/riodejaneiro\/wp-json\/wp\/v2\/comments?post=10637"}],"version-history":[{"count":2,"href":"https:\/\/blog.cancaonova.com\/riodejaneiro\/wp-json\/wp\/v2\/posts\/10637\/revisions"}],"predecessor-version":[{"id":10639,"href":"https:\/\/blog.cancaonova.com\/riodejaneiro\/wp-json\/wp\/v2\/posts\/10637\/revisions\/10639"}],"wp:featuredmedia":[{"embeddable":true,"href":"https:\/\/blog.cancaonova.com\/riodejaneiro\/wp-json\/wp\/v2\/media\/8981"}],"wp:attachment":[{"href":"https:\/\/blog.cancaonova.com\/riodejaneiro\/wp-json\/wp\/v2\/media?parent=10637"}],"wp:term":[{"taxonomy":"category","embeddable":true,"href":"https:\/\/blog.cancaonova.com\/riodejaneiro\/wp-json\/wp\/v2\/categories?post=10637"},{"taxonomy":"post_tag","embeddable":true,"href":"https:\/\/blog.cancaonova.com\/riodejaneiro\/wp-json\/wp\/v2\/tags?post=10637"}],"curies":[{"name":"wp","href":"https:\/\/api.w.org\/{rel}","templated":true}]}}